{"id":27015,"date":"2015-09-13T22:44:58","date_gmt":"2015-09-13T21:44:58","guid":{"rendered":"http:\/\/zonenklaus.de\/wordpress\/?p=27015"},"modified":"2015-09-14T00:51:09","modified_gmt":"2015-09-13T23:51:09","slug":"alltag-im-jugendamt-und-die-richtstatt-tschingis-aitmatow","status":"publish","type":"post","link":"https:\/\/zonenklaus.de\/wordpress\/?p=27015","title":{"rendered":"Alltag im Jugendamt und (Die Richtstatt, Tschingis Aitmatow)"},"content":{"rendered":"<p><b>8ung! <\/b>Dies ist eine <a title=\"Reportage\" href=\"https:\/\/www.ndr.de\/info\/Alltag-im-Jugendamt,audio255530.html\">Reportage<\/a> und es handelt sich nicht um Satire!<br \/>\nNun sollte aber niemand annehmen alles w\u00e4re einmalig. M\u00f6chte nicht wissen, wie viel tausendfach solche Sachverhalte best\u00e4ndig in der Republik <i>vollkommen normal<\/i> geschehen und dies nicht nur bei <i>Punkern<\/i>&#8230;<br \/>\nWas im Beitrag fiktiv ist, verwischt total.<br \/>\nWenn der O-Ton wirklich von den verantwortlichen Jugendamtsmitarbeitern stammt, ich meine damit deren Ansichten zum Geschehen, den entsprechenden Schlussfolgerungen, dem permanenten Ges\u00fclze zu den Betroffenen und im Kollegenkreis &#8211; alles erinnert mich verdammt an viele pers\u00f6nlich Erlebnisse und Beobachtungen in meinem Umfeld w\u00e4hrend meiner Kind- und Jungendzeit. Da h\u00e4ngen auf den \u00c4mtern haufenweise blau\u00e4ugige Traumt\u00e4nzer mit Helfersyndrom herum, die daran glauben etwas ver\u00e4ndern zu m\u00fcssen und meinen es auch zu k\u00f6nnen, dabei gehen deren merkw\u00fcrdige Eins\u00e4tze noch nicht mal \u00fcber eine dauerhafte Symptombek\u00e4mpfung hinaus, wobei sie dabei alles auch immer noch viel mehr verschlimmern&#8230;<br \/>\nProst Mahlzeit, was die kommende Zeit betrifft.<br \/>\nAuch diese kleinen Amtsschimmelfohlen werden sich in ganz kurzer Zeit an die beschaulichen Stunden fr\u00fcherer Tage erinnern&#8230;<br \/>\n<a href=\"http:\/\/zonenklaus.de\/wordpress\/wp-content\/uploads\/2015\/09\/Aitmatow.jpg\"><img loading=\"lazy\" decoding=\"async\" class=\"alignleft size-thumbnail wp-image-27017\" src=\"http:\/\/zonenklaus.de\/wordpress\/wp-content\/uploads\/2015\/09\/Aitmatow-150x104.jpg\" alt=\"Aitmatow\" width=\"150\" height=\"104\" srcset=\"https:\/\/zonenklaus.de\/wordpress\/wp-content\/uploads\/2015\/09\/Aitmatow-150x104.jpg 150w, https:\/\/zonenklaus.de\/wordpress\/wp-content\/uploads\/2015\/09\/Aitmatow-300x209.jpg 300w, https:\/\/zonenklaus.de\/wordpress\/wp-content\/uploads\/2015\/09\/Aitmatow-1024x714.jpg 1024w, https:\/\/zonenklaus.de\/wordpress\/wp-content\/uploads\/2015\/09\/Aitmatow-624x435.jpg 624w, https:\/\/zonenklaus.de\/wordpress\/wp-content\/uploads\/2015\/09\/Aitmatow.jpg 1666w\" sizes=\"auto, (max-width: 150px) 100vw, 150px\" \/><\/a>Als der Beitrag lief, las ich nebenher jenen Aitmatow.<br \/>\nWas die im Buch beschriebene Handlung angeht, kann man s\u00e4mtliche angesprochenen Themen der Hamburger Jugendbeh\u00f6rde wirklich unter Ulk verbuchen!<\/p>\n","protected":false},"excerpt":{"rendered":"<p>8ung! Dies ist eine Reportage und es handelt sich nicht um Satire! Nun sollte aber niemand annehmen alles w\u00e4re einmalig. M\u00f6chte nicht wissen, wie viel tausendfach solche Sachverhalte best\u00e4ndig in der Republik vollkommen normal geschehen und dies nicht nur bei Punkern&#8230; Was im Beitrag fiktiv ist, verwischt total. Wenn der O-Ton wirklich von den verantwortlichen [&hellip;]<\/p>\n","protected":false},"author":6,"featured_media":0,"comment_status":"open","ping_status":"open","sticky":false,"template":"","format":"standard","meta":{"footnotes":""},"categories":[1,9],"tags":[],"class_list":["post-27015","post","type-post","status-publish","format-standard","hentry","category-allgemeines","category-bucher"],"_links":{"self":[{"href":"https:\/\/zonenklaus.de\/wordpress\/index.php?rest_route=\/wp\/v2\/posts\/27015","targetHints":{"allow":["GET"]}}],"collection":[{"href":"https:\/\/zonenklaus.de\/wordpress\/index.php?rest_route=\/wp\/v2\/posts"}],"about":[{"href":"https:\/\/zonenklaus.de\/wordpress\/index.php?rest_route=\/wp\/v2\/types\/post"}],"author":[{"embeddable":true,"href":"https:\/\/zonenklaus.de\/wordpress\/index.php?rest_route=\/wp\/v2\/users\/6"}],"replies":[{"embeddable":true,"href":"https:\/\/zonenklaus.de\/wordpress\/index.php?rest_route=%2Fwp%2Fv2%2Fcomments&post=27015"}],"version-history":[{"count":3,"href":"https:\/\/zonenklaus.de\/wordpress\/index.php?rest_route=\/wp\/v2\/posts\/27015\/revisions"}],"predecessor-version":[{"id":27020,"href":"https:\/\/zonenklaus.de\/wordpress\/index.php?rest_route=\/wp\/v2\/posts\/27015\/revisions\/27020"}],"wp:attachment":[{"href":"https:\/\/zonenklaus.de\/wordpress\/index.php?rest_route=%2Fwp%2Fv2%2Fmedia&parent=27015"}],"wp:term":[{"taxonomy":"category","embeddable":true,"href":"https:\/\/zonenklaus.de\/wordpress\/index.php?rest_route=%2Fwp%2Fv2%2Fcategories&post=27015"},{"taxonomy":"post_tag","embeddable":true,"href":"https:\/\/zonenklaus.de\/wordpress\/index.php?rest_route=%2Fwp%2Fv2%2Ftags&post=27015"}],"curies":[{"name":"wp","href":"https:\/\/api.w.org\/{rel}","templated":true}]}}