{"id":27074,"date":"2015-09-20T22:52:18","date_gmt":"2015-09-20T21:52:18","guid":{"rendered":"http:\/\/zonenklaus.de\/wordpress\/?p=27074"},"modified":"2015-09-21T02:18:46","modified_gmt":"2015-09-21T01:18:46","slug":"sirtaki-erfinder-mikis-theodorakis-kritisiert-alexis-tsipras","status":"publish","type":"post","link":"https:\/\/zonenklaus.de\/wordpress\/?p=27074","title":{"rendered":"Sirtaki-Erfinder Mikis Theodorakis kritisiert Alexis Tsipras"},"content":{"rendered":"<p><strong>(<\/strong>M\u00f6chte<em> \u00fcber die griechische Geschichte nichts weiter ablassen, denn die war besonders in den letzten 150 Jahren, bis<a title=\" Ende der 1960er\" href=\"https:\/\/de.wikipedia.org\/wiki\/Griechische_Milit%C3%A4rdiktatur\"> Ende der 1960er<\/a>, ziemlich kompliziert. Obwohl sich Resteuropa nie sonderlich um jenes Fleckchen Erde k\u00fcmmerte, war das dortige K\u00f6nigshaus ewig mit vielen europ\u00e4ischen Blaubl\u00fctern versippt und verschw\u00e4gert&#8230;<\/em><strong>)<\/strong><\/p>\n<p>Zu Mikis Theodorakis\u00b4<a title=\" Ansichten\" href=\"http:\/\/www.tagesspiegel.de\/politik\/zur-wahl-in-griechenland-warum-mikis-theodorakis-nicht-in-der-ddr-auftrat\/12342232-3.html\">Ansichten<\/a> gebe es etliches zu kritteln, allerdings muss ich ihm wiederum bei vielen seiner Ansichten recht geben. Obwohl dabei in vieler Hinsicht die selektiven Wahrnehmungen zum Tragen kommen, allein bedingt durch sein Alter, der daraus resultierenden Lebenserfahrung, die ich fast kritiklos und neidvoll anerkenne und unserer vollkommen unterschiedlichen Sozialisationen.<br \/>\nMeister Theodorakis identifiziert sich mit Land und Leuten, verteidigt ihre Tugenden und versteht deren Charakterz\u00fcge, die viele meiner Landsleute nur im gewissen Ma\u00dfe bei den lebenslustigen Hellenen lediglich mal urlaubsm\u00e4\u00dfig ertragen wollen und sich oft innerhalb k\u00fcrzester Zeit wieder nach den hiesigen Tretm\u00fchlen sehnten. Weil sie dortige <i>nationalen Besonderheiten<\/i>, die unter der Rubrik: Mentalit\u00e4t firmieren, nicht <i>verstehen<\/i> k\u00f6nnen. Solcherart Lebenseinstellung war mir immer fremd, schon zu meinen Ostzeiten. Auf der anderen Seite der Mauer kam der Abteilungsleiter mal mit zwei identischen Spr\u00fcchen, als er meinte, dass man nach meiner Unp\u00fcnktlichkeit die Uhr stellen und man mir beim Laufen in der Firma die Schuhe besohlen k\u00f6nnte. Meine s\u00fcffisanten Antworten darauf glichen sich allerdings auch.<br \/>\nMit einer gewisse Lebensqualit\u00e4t schon w\u00e4hrend des gesamten beruflichen Werdeganges, haben nat\u00fcrlich Lakaien des Kapitals absolut nichts am Hut, ihnen liegen deshalb nur allseitige faschistoid\/gleichgeschaltete Verh\u00e4ltnisse an ihren kranken Herzen, dies sogar weltweit und in allen Lebenslagen &#8211; beginnend bei der Geburt bis hin zur Urne.<br \/>\nSo viele, nach EU-Norm gekr\u00fcmmte Gurken, kann man schon lange nicht mehr in solchen exorbitanten Mengen fressen, wie man den senilen und impotenten Gerontokraten in ihre Br\u00fcsseler Luxusb\u00fcros kotzen m\u00f6chte&#8230;<!--more--><br \/>\nBei einer <i>The best of<\/i> der Antworten, finde ich Nr. 1 herausragend!<br \/>\nMuss aber noch etwas zu MT\u00b4s einleitend angesprochenen <a title=\"Austerit\u00e4tspolitik\" href=\"https:\/\/de.wikipedia.org\/wiki\/Austerit%C3%A4t\"><i>Austerit\u00e4tspolitik<\/i><\/a> ablassen. Jenes TTIP-Kuckucksei eines nostalgischen Steinzeitkapitalismus\u00b4 wird solche Dimensionen f\u00fcr Gesamteuropa annehmen, dass WIR auf die Fresse fallen werden und f\u00fcr unbestimmte Zeit den Arsch nicht wieder hochbekommen.<br \/>\nMir f\u00e4llt gerade ein, <a title=\"Alexis Tsipras hat nun seine zweite Chance\" href=\"http:\/\/www.gmx.net\/magazine\/politik\/neuwahlen-griechenland\/wahl-griechenland-alexis-tsipras-sieger-30944134\">Alexis Tsipras hat nun seine zweite Chance<\/a> bekommen und k\u00f6nnte nun sogar zu einem Vorbild f\u00fcr Resteuropa werden. Was leider nicht passieren wird, denn nur mit <i>Wahlen<\/i> ist den k\u00fcnftig anstehenden Tollheiten nicht mehr beizukommen!<br \/>\nAllerdings kann er daf\u00fcr Sorge tragen, dass sich sein Volk nicht nach wirren EU-Vorstellungen <i>zivilisieren<\/i> l\u00e4sst, ebenso jedweden Anflug von Rationalismus aus den westlichen Gefilden sofort in die Tonne tritt, gleiches sofort mit irgendwelchen Lei<i>d<\/i>bilder veranstaltet.<br \/>\nAuf die Frage &#8211; <em>Und das ist heute anders?<\/em> Folgen leider nur nur erwartungsschwangere Worte eines alten Mannes:<i> Wie auch immer. Ich glaube trotzdem, dass keine Krise dieser Welt eine solche Zerst\u00f6rungskraft hat, all die bedeutenden Errungenschaften der Europ\u00e4er auf den Gebieten der Wissenschaft und Kultur zunichte zu machen&#8230;<br \/>\n<\/i><br \/>\n<b>Fu\u00dfnote: <\/b>Wer meint, Mikis hat als Grieche in der Film-Mucke von <a title=\"Alexis Sorbas\" href=\"http:\/\/alkislarlayasiyorum.com\/icerik\/99272\/zorba-alexis-zorbas-zorba-the-greek-1964-136-dk\"><i>Alexis Sorbas<\/i><\/a> <b>(<\/b><i>OmU-Englisch\/T\u00fcrkisch<\/i><b>) <\/b>Elemente aus der deutschen Musiktradition eingebaut, der soll es mir zukommen lassen! Zu dem Streifen f\u00e4llt mir noch ein, er kommt mit einem Augenzwinkern her\u00fcber und \u00fcbertreibt herzlich die hellenische Mentalit\u00e4t.<br \/>\nHier noch der Hinweis zu einen <a title=\"KOSTAS FERRIS MOVIE\" href=\"http:\/\/youtubetube.net\/watch\/G21q_5iac90\/rembetiko-kostas-ferris-movie-full.html\">KOSTAS FERRIS MOVIE<\/a>, der auf realistische Art ein etwas anderes Griechenland darstellt. Leider ist er OmU in englischer Sprach, hinzu etwas <a title=\"Rembetiko\" href=\"https:\/\/archive.org\/details\/ma_nin_tinisi_13.04.2014\">Rembetiko<\/a>-Musik<\/p>\n","protected":false},"excerpt":{"rendered":"<p>(M\u00f6chte \u00fcber die griechische Geschichte nichts weiter ablassen, denn die war besonders in den letzten 150 Jahren, bis Ende der 1960er, ziemlich kompliziert. Obwohl sich Resteuropa nie sonderlich um jenes Fleckchen Erde k\u00fcmmerte, war das dortige K\u00f6nigshaus ewig mit vielen europ\u00e4ischen Blaubl\u00fctern versippt und verschw\u00e4gert&#8230;) Zu Mikis Theodorakis\u00b4Ansichten gebe es etliches zu kritteln, allerdings muss [&hellip;]<\/p>\n","protected":false},"author":6,"featured_media":0,"comment_status":"open","ping_status":"open","sticky":false,"template":"","format":"standard","meta":{"footnotes":""},"categories":[1],"tags":[],"class_list":["post-27074","post","type-post","status-publish","format-standard","hentry","category-allgemeines"],"_links":{"self":[{"href":"https:\/\/zonenklaus.de\/wordpress\/index.php?rest_route=\/wp\/v2\/posts\/27074","targetHints":{"allow":["GET"]}}],"collection":[{"href":"https:\/\/zonenklaus.de\/wordpress\/index.php?rest_route=\/wp\/v2\/posts"}],"about":[{"href":"https:\/\/zonenklaus.de\/wordpress\/index.php?rest_route=\/wp\/v2\/types\/post"}],"author":[{"embeddable":true,"href":"https:\/\/zonenklaus.de\/wordpress\/index.php?rest_route=\/wp\/v2\/users\/6"}],"replies":[{"embeddable":true,"href":"https:\/\/zonenklaus.de\/wordpress\/index.php?rest_route=%2Fwp%2Fv2%2Fcomments&post=27074"}],"version-history":[{"count":6,"href":"https:\/\/zonenklaus.de\/wordpress\/index.php?rest_route=\/wp\/v2\/posts\/27074\/revisions"}],"predecessor-version":[{"id":27080,"href":"https:\/\/zonenklaus.de\/wordpress\/index.php?rest_route=\/wp\/v2\/posts\/27074\/revisions\/27080"}],"wp:attachment":[{"href":"https:\/\/zonenklaus.de\/wordpress\/index.php?rest_route=%2Fwp%2Fv2%2Fmedia&parent=27074"}],"wp:term":[{"taxonomy":"category","embeddable":true,"href":"https:\/\/zonenklaus.de\/wordpress\/index.php?rest_route=%2Fwp%2Fv2%2Fcategories&post=27074"},{"taxonomy":"post_tag","embeddable":true,"href":"https:\/\/zonenklaus.de\/wordpress\/index.php?rest_route=%2Fwp%2Fv2%2Ftags&post=27074"}],"curies":[{"name":"wp","href":"https:\/\/api.w.org\/{rel}","templated":true}]}}