{"id":27132,"date":"2015-10-02T22:24:40","date_gmt":"2015-10-02T21:24:40","guid":{"rendered":"http:\/\/zonenklaus.de\/wordpress\/?p=27132"},"modified":"2015-10-02T23:43:38","modified_gmt":"2015-10-02T22:43:38","slug":"heute-komme-ich-auch-mal-mit-einer-plagiatierung","status":"publish","type":"post","link":"https:\/\/zonenklaus.de\/wordpress\/?p=27132","title":{"rendered":"Heute komme ich auch mal mit einer Plagiatierung!"},"content":{"rendered":"<p>Wg. Anhang &#8211; eigentlich h\u00e4tten noch wesentlich mehr Nasen entsprechend gestaltet werden m\u00fcssen.<br \/>\nAu\u00dfer den Kleing\u00e4rtnerverb\u00e4nden an den R\u00e4ndern, existiert schon l\u00e4nger nur noch die extreme Mitte aus den roten und schwarzen Parteien. Den dicken Vort\u00e4nzer der SPD habe ich bewusst \u00fcbersehen, denn jegliche Besch\u00e4ftigung mit dem Typen, entspricht einer exorbitanten Aufwertung und auf die sollte man geflissentlich verzichten. Was Gr\u00fcne und Gelbe angehen, die schmiegen sich jederzeit sehr folgsam an die beiden gro\u00dfen Vereine. Schon l\u00e4nger erinnert mich dieser liebevoll\/sprachlose Ringelpiez an die Gegebenheiten der <a title=\"Nationalen Front\" href=\"https:\/\/de.wikipedia.org\/wiki\/Nationale_Front_%28DDR%29\">Nationalen Front<\/a> im ersten Schlaraffenland aller Arbeiter und Bauern auf ostdeutschem Boden! Nebst Muttis irrwitziger Aktionen betreffs der vollkommen chaotischen Nichtregulierung s\u00e4mtlicher Fl\u00fcchtlingsstr\u00f6me, die Frau Kanzlerin wahrscheinlich als eine nostalgische Pr\u00e4gung von proletarischem Internationalismus verstanden wissen will.<br \/>\nIn der Perspektive kann es ja noch zu einer Steigerung ihrer Sichtweise und deren prompt daraus resultierenden Auswirkungen kommen, wenn sie statt auf ihr uckerm\u00e4rkisches Altenteil nach New York abgeschoben wird. Nicht auszudenken, was sie mit der UN f\u00fcr ein globales Unheil anrichten k\u00f6nnte. Da empfindet man die momentane Schlafm\u00fctze am East River sogar noch als Segen f\u00fcr die gesamte Menschheit&#8230;<br \/>\n&#8211; Es lief wegen nostalgischer Anwandlungen: <a title=\"Dion &amp; The Belmonts\" href=\"https:\/\/archive.org\/details\/DionTheBelmonts-GreatestHits\">Dion &amp; The Belmonts<\/a><br \/>\nHier folgt das Plagiat! \u21d3\u2193\u21d3<!--more--><a href=\"http:\/\/zonenklaus.de\/wordpress\/wp-content\/uploads\/2015\/10\/Viererbande.jpg\"><img loading=\"lazy\" decoding=\"async\" class=\"alignleft size-thumbnail wp-image-27133\" src=\"http:\/\/zonenklaus.de\/wordpress\/wp-content\/uploads\/2015\/10\/Viererbande-150x84.jpg\" alt=\"Viererbande\" width=\"150\" height=\"84\" srcset=\"https:\/\/zonenklaus.de\/wordpress\/wp-content\/uploads\/2015\/10\/Viererbande-150x84.jpg 150w, https:\/\/zonenklaus.de\/wordpress\/wp-content\/uploads\/2015\/10\/Viererbande-300x168.jpg 300w, https:\/\/zonenklaus.de\/wordpress\/wp-content\/uploads\/2015\/10\/Viererbande-1024x576.jpg 1024w, https:\/\/zonenklaus.de\/wordpress\/wp-content\/uploads\/2015\/10\/Viererbande-624x351.jpg 624w, https:\/\/zonenklaus.de\/wordpress\/wp-content\/uploads\/2015\/10\/Viererbande.jpg 1633w\" sizes=\"auto, (max-width: 150px) 100vw, 150px\" \/><\/a><\/p>\n<p>&nbsp;<\/p>\n","protected":false},"excerpt":{"rendered":"<p>Wg. Anhang &#8211; eigentlich h\u00e4tten noch wesentlich mehr Nasen entsprechend gestaltet werden m\u00fcssen. Au\u00dfer den Kleing\u00e4rtnerverb\u00e4nden an den R\u00e4ndern, existiert schon l\u00e4nger nur noch die extreme Mitte aus den roten und schwarzen Parteien. Den dicken Vort\u00e4nzer der SPD habe ich bewusst \u00fcbersehen, denn jegliche Besch\u00e4ftigung mit dem Typen, entspricht einer exorbitanten Aufwertung und auf die [&hellip;]<\/p>\n","protected":false},"author":6,"featured_media":0,"comment_status":"open","ping_status":"open","sticky":false,"template":"","format":"standard","meta":{"footnotes":""},"categories":[1],"tags":[],"class_list":["post-27132","post","type-post","status-publish","format-standard","hentry","category-allgemeines"],"_links":{"self":[{"href":"https:\/\/zonenklaus.de\/wordpress\/index.php?rest_route=\/wp\/v2\/posts\/27132","targetHints":{"allow":["GET"]}}],"collection":[{"href":"https:\/\/zonenklaus.de\/wordpress\/index.php?rest_route=\/wp\/v2\/posts"}],"about":[{"href":"https:\/\/zonenklaus.de\/wordpress\/index.php?rest_route=\/wp\/v2\/types\/post"}],"author":[{"embeddable":true,"href":"https:\/\/zonenklaus.de\/wordpress\/index.php?rest_route=\/wp\/v2\/users\/6"}],"replies":[{"embeddable":true,"href":"https:\/\/zonenklaus.de\/wordpress\/index.php?rest_route=%2Fwp%2Fv2%2Fcomments&post=27132"}],"version-history":[{"count":5,"href":"https:\/\/zonenklaus.de\/wordpress\/index.php?rest_route=\/wp\/v2\/posts\/27132\/revisions"}],"predecessor-version":[{"id":27138,"href":"https:\/\/zonenklaus.de\/wordpress\/index.php?rest_route=\/wp\/v2\/posts\/27132\/revisions\/27138"}],"wp:attachment":[{"href":"https:\/\/zonenklaus.de\/wordpress\/index.php?rest_route=%2Fwp%2Fv2%2Fmedia&parent=27132"}],"wp:term":[{"taxonomy":"category","embeddable":true,"href":"https:\/\/zonenklaus.de\/wordpress\/index.php?rest_route=%2Fwp%2Fv2%2Fcategories&post=27132"},{"taxonomy":"post_tag","embeddable":true,"href":"https:\/\/zonenklaus.de\/wordpress\/index.php?rest_route=%2Fwp%2Fv2%2Ftags&post=27132"}],"curies":[{"name":"wp","href":"https:\/\/api.w.org\/{rel}","templated":true}]}}