{"id":27169,"date":"2015-10-08T22:28:06","date_gmt":"2015-10-08T21:28:06","guid":{"rendered":"http:\/\/zonenklaus.de\/wordpress\/?p=27169"},"modified":"2015-10-09T02:41:27","modified_gmt":"2015-10-09T01:41:27","slug":"hardheim-benimmregeln-fuer-fluechtlinge-voller-klischees-und-vorurteile","status":"publish","type":"post","link":"https:\/\/zonenklaus.de\/wordpress\/?p=27169","title":{"rendered":"Hardheim: Benimmregeln f\u00fcr Fl\u00fcchtlinge voller Klischees und Vorurteile"},"content":{"rendered":"<p>Von <a title=\"\u201eSpiegel online\u201c \" href=\"http:\/\/www.spiegel.de\/politik\/deutschland\/hardheim-buergermeister-verfasst-benimmregeln-fuer-fluechtlinge-a-1056614.html\">\u201eSpiegel online\u201c <\/a>nett interpretiert&#8230;<br \/>\nLeider finde ich meine ganz olle Ausgabe<b> (<\/b><i>Ende des 19. Jahrhunderts<\/i><b>)<\/b> vom <a title=\"Freiherr Adolph Franz Friedrich Ludwig Knigge \" href=\"https:\/\/de.wikipedia.org\/wiki\/Adolph_Knigge\">Freiherr Adolph Franz Friedrich Ludwig Knigge <\/a>gerade nicht, um mal seine merkw\u00fcrdigen <i>Klischees<\/i> und <i>Vorurteile <\/i>unters Volk zubringen.<br \/>\nIrgendwann gab es ewig beliebige <i>Benimm<\/i>richtlinien f\u00fcr Heranwachsende, in j\u00fcngster <a href=\"http:\/\/zonenklaus.de\/wordpress\/wp-content\/uploads\/2015\/10\/Eggers-\u00e4.jpg\"><img loading=\"lazy\" decoding=\"async\" class=\"alignleft size-thumbnail wp-image-27170\" src=\"http:\/\/zonenklaus.de\/wordpress\/wp-content\/uploads\/2015\/10\/Eggers-\u00e4-90x150.jpg\" alt=\"Eggers-\u00e4\" width=\"90\" height=\"150\" srcset=\"https:\/\/zonenklaus.de\/wordpress\/wp-content\/uploads\/2015\/10\/Eggers-\u00e4-90x150.jpg 90w, https:\/\/zonenklaus.de\/wordpress\/wp-content\/uploads\/2015\/10\/Eggers-\u00e4-181x300.jpg 181w, https:\/\/zonenklaus.de\/wordpress\/wp-content\/uploads\/2015\/10\/Eggers-\u00e4-618x1024.jpg 618w, https:\/\/zonenklaus.de\/wordpress\/wp-content\/uploads\/2015\/10\/Eggers-\u00e4-624x1033.jpg 624w, https:\/\/zonenklaus.de\/wordpress\/wp-content\/uploads\/2015\/10\/Eggers-\u00e4.jpg 709w\" sizes=\"auto, (max-width: 90px) 100vw, 90px\" \/><\/a>Vergangenheit unter Adolf dem G\u00fctigen ebenso, besonders taten sich da der Reichsjugendf\u00fchrer Baldur v. Schirach und Kurt Eggers hervor. Genauso gab es Regeln f\u00fcr die heranwachsenden <i>sozialistischen Pers\u00f6nlichkeiten<\/i> in der Zone&#8230;<br \/>\nNun gehen bekanntlich gewisse Eigenheiten allein von Zeitgenossen aus Europa und die der <i>deutschen Gr\u00fcndlichkeit<\/i> doch sehr weit auseinander &#8211; siehe z. B. solche in Griechenland, die ich gar nicht so verkehrt finde! \u00dcber total abweichende Lebensgewohnheiten von Orientalen oder Afrikanern will ich mich da nicht weiter auslassen.<br \/>\nMeine Problemchen beginnen hier sogar schon bei Hardcore-<i>Christen<\/i> aus S\u00fcddeutschland, deren xenophobieschen Anwandlungen gegen\u00fcber anderen Religionen kann doch jeder selbst beobachten&#8230;<br \/>\nDass diese <a title=\"Deppen in Hardheim\" href=\"http:\/\/www.tagesspiegel.de\/weltspiegel\/hardheim-in-franken-stadt-stellt-knigge-fuer-fluechtlinge-ins-netz\/12423938.html\">Deppen in Hardheim<\/a> nun ausgerechnet mit solch gestelzten und teilweise doch sehr d\u00fcmmlichen Anweisungen vorpreschten, vereinfacht die gesamte Angelegenheit f\u00fcr die Zukunft nun \u00fcberhaupt nicht. Positiv kommt eins dabei zur Geltung, weil keiner in Richtung Heimatkunde getrimmt werden soll und auch nicht die dritte Strophe UNSERER Nationalhymne erst mal pauken muss, als Beweisf\u00fchrung, dass hinterher, zumindest rein \u00e4u\u00dferlich, ein guter und ansatzweise <i>demokratisch<\/i> gestylter Passgermane dabei herauskommt. Denn es ist vollkommen illusorisch anzunehmen, dass jemand ganz schnell bereit ist und seine traditionelle Sozialisation \u00fcber den Haufen schmei\u00dfen will, wie total l\u00f6chrige Klamotten! Dies wird sich auch f\u00fcr folgende Generationen als aussichtslos herausstellen!<!--more--><br \/>\nOb man letztlich gewisse Tugenden, die zwingend notwendig sind f\u00fcr ein vern\u00fcnftiges Miteinander in der Gesellschaft, als Heranwachsender fair vermittelt bekommt &#8211; was in der Regel schon lange nicht mehr praktiziert werden kann, weil daf\u00fcr die entsprechenden Voraussetzungen bereits lange verschollen sind &#8211; oder sie autorit\u00e4r eingebimmst bekommt, im Endeffekt gleichen beide Vorgehensweisen einer Gehirnw\u00e4sche. Von Anbeginn muss deshalb fortw\u00e4hrend der Faktor Angst ins Spiel gebracht werden. Dies geschieht in allen Lebensbereichen mit Hilfe einer latent vorhandenen faschistoiden Grundeinstellung und wird lediglich durch Gutmenschelei nebst jener Verbalseuche der politischen Korrektheit sehr durchschaubar kaschiert. Neben Zuckerbrot und Peitsche muss zur <i>nachhaltigen<\/i> Begl\u00fcckung dar\u00fcber hinaus auch noch die t\u00e4gliche Befriedigung der <i>kleinen Konsumsehns\u00fcchte <\/i>gew\u00e4hrleistet werden, die nun in Gefahr ger\u00e4t. Auch wenn sich das Kapital die Rosinen aus dem Wust der Ank\u00f6mmlinge herausgepickt hat, der Rest taugt nicht mal ansatzweise zur Ankurbelung der hiesigen Wirtschaft, wie UNS das die neoliberalen Wachstumsfetischen glauben machen wollen, da sie aus Mangel an Masse nicht konsumieren k\u00f6nnen.<br \/>\nDa kommt die Darstellung der \u201e<a title=\"17 L\u00fcgen im Hardheimer Fl\u00fcchtlings-Knigge\" href=\"http:\/\/fudder.de\/artikel\/2015\/10\/07\/die-17-luegen-im-hardheimer-fluechtlings-knigge\/\">17 L\u00fcgen im Hardheimer Fl\u00fcchtlings-Knigge<\/a>\u201c sehr viel n\u00e4her, als der Plan den angeblich die Frau Kanzlerin aus ihrem \u00c4rmel sch\u00fctteln will. Der Plan &#8211; sicher ein Plan der G\u00fcte von <a title=\"Egon Olsen\" href=\"https:\/\/www.youtube.com\/watch?v=UWKRNcUHci4\">Egon Olsen<\/a> &#8211;\u00a0 von dem sie gestern bei <a title=\"Tante Will\" href=\"http:\/\/www.gmx.net\/magazine\/politik\/fluechtlingskrise-in-europa\/pressestimmen-angela-merkels-auftritt-anne-kanzlerin-30981152\">Tante Will<\/a> gesprochen haben soll, scheint so geheim zu sein, dass sie ihn offenkundig selber noch nicht kennt&#8230;<br \/>\nJemand scheint gewissen Kreisen in Hardheim einen Wink mit dem Zaunpfahl verpasst zuhaben, in Richtung Matthaeus 7 Vers3! &#8211; <i>Was siehst du aber den Splitter in deines Bruders Auge, und wirst nicht gewahr des Balkens in deinem Auge?<\/i><br \/>\nDeshalb Jugendliche das <a title=\"Einmaleins der Tischsitten\" href=\"http:\/\/www.rnz.de\/nachrichten\/buchen_artikel,-Hardheim-Jugendliche-lernen-Einmaleins-der-Tischsitten-_arid,125716.html\">Einmaleins der Tischsitten<\/a> lernen sollen.<br \/>\nUnter einem Photo steht: <i>Dass man sich beim Zuprosten in die Augen schaut, haben Ines Weimer und Melissa Schneider schon verinnerlicht. <\/i><br \/>\nDiese merkw\u00fcrdige Sitte mit den Augenkontakten scheint wiedermal nur etwas heimisches darzustellen. Es existieren Zeitgenossen, die bei Nichtbeachtung selbiger Gepflogenheit den Spruch ablassen: Wer sich beim Zuprosten nicht anschaut, der hat die kommenden 7 Jahre schlechten Sex.<br \/>\n&#8211; Lieber schlechten Sex als \u00fcberhaupt keinen..!<\/p>\n","protected":false},"excerpt":{"rendered":"<p>Von \u201eSpiegel online\u201c nett interpretiert&#8230; Leider finde ich meine ganz olle Ausgabe (Ende des 19. Jahrhunderts) vom Freiherr Adolph Franz Friedrich Ludwig Knigge gerade nicht, um mal seine merkw\u00fcrdigen Klischees und Vorurteile unters Volk zubringen. Irgendwann gab es ewig beliebige Benimmrichtlinien f\u00fcr Heranwachsende, in j\u00fcngster Vergangenheit unter Adolf dem G\u00fctigen ebenso, besonders taten sich da [&hellip;]<\/p>\n","protected":false},"author":6,"featured_media":0,"comment_status":"open","ping_status":"open","sticky":false,"template":"","format":"standard","meta":{"footnotes":""},"categories":[1],"tags":[],"class_list":["post-27169","post","type-post","status-publish","format-standard","hentry","category-allgemeines"],"_links":{"self":[{"href":"https:\/\/zonenklaus.de\/wordpress\/index.php?rest_route=\/wp\/v2\/posts\/27169","targetHints":{"allow":["GET"]}}],"collection":[{"href":"https:\/\/zonenklaus.de\/wordpress\/index.php?rest_route=\/wp\/v2\/posts"}],"about":[{"href":"https:\/\/zonenklaus.de\/wordpress\/index.php?rest_route=\/wp\/v2\/types\/post"}],"author":[{"embeddable":true,"href":"https:\/\/zonenklaus.de\/wordpress\/index.php?rest_route=\/wp\/v2\/users\/6"}],"replies":[{"embeddable":true,"href":"https:\/\/zonenklaus.de\/wordpress\/index.php?rest_route=%2Fwp%2Fv2%2Fcomments&post=27169"}],"version-history":[{"count":2,"href":"https:\/\/zonenklaus.de\/wordpress\/index.php?rest_route=\/wp\/v2\/posts\/27169\/revisions"}],"predecessor-version":[{"id":27172,"href":"https:\/\/zonenklaus.de\/wordpress\/index.php?rest_route=\/wp\/v2\/posts\/27169\/revisions\/27172"}],"wp:attachment":[{"href":"https:\/\/zonenklaus.de\/wordpress\/index.php?rest_route=%2Fwp%2Fv2%2Fmedia&parent=27169"}],"wp:term":[{"taxonomy":"category","embeddable":true,"href":"https:\/\/zonenklaus.de\/wordpress\/index.php?rest_route=%2Fwp%2Fv2%2Fcategories&post=27169"},{"taxonomy":"post_tag","embeddable":true,"href":"https:\/\/zonenklaus.de\/wordpress\/index.php?rest_route=%2Fwp%2Fv2%2Ftags&post=27169"}],"curies":[{"name":"wp","href":"https:\/\/api.w.org\/{rel}","templated":true}]}}