{"id":27176,"date":"2015-10-13T18:46:48","date_gmt":"2015-10-13T17:46:48","guid":{"rendered":"http:\/\/zonenklaus.de\/wordpress\/?p=27176"},"modified":"2015-10-13T18:48:07","modified_gmt":"2015-10-13T17:48:07","slug":"berliner-spd-startet-mitgliederbefragung","status":"publish","type":"post","link":"https:\/\/zonenklaus.de\/wordpress\/?p=27176","title":{"rendered":"Berliner SPD startet Mitgliederbefragung"},"content":{"rendered":"<p><a title=\"Cannabis, Mieten und Kopft\u00fccher\" href=\"http:\/\/www.tagesspiegel.de\/berlin\/cannabis-mieten-und-kopftuecher-berliner-spd-startet-mitgliederbefragung\/12441324.html\"><i>Cannabis, Mieten und Kopft\u00fccher<\/i><\/a><br \/>\nEine sch\u00f6ne Aktion welche sich die roten Stare da haben einfallen lassen, wenn sie ihren verst\u00f6rten Mitl\u00e4ufern jene Handlungsweise als basisdemokratischen Prozedur verkaufen, die letztlich nur auf Honig ums Maul schmieren hinausl\u00e4uft. Gehen anschlie\u00dfend solche Sachen schief, k\u00f6nnen sich die oberen Genossen<b>+<\/b>Innen schnell damit herausreden, was soll\u00b4s, ihr habt es doch so gewollt! Dabei wurden ebendiese irref\u00fchrenden Ma\u00dfnahmen sogar bei den Kids in Institutionen mit <i>antiautorit\u00e4rem<\/i> Touch schon lange ausgemustert.<br \/>\nWeshalb bekommt der Umgang mit Shit \u00fcberhaupt diese schrullenhafte Wertigkeit? Meine Erfahrung war immer die, dass sich alleinerziehende wichtigtuerische \u00e4ltliche M\u00e4dels darum einen Kopf machten, die in der Regel fr\u00fcher selbst geharzt haben. Pl\u00f6tzlich vor einem Scherbenhaufen standen, da sie ihre p\u00e4dagogischen Defizite optimal an ihre Brut weitergegeben hatten und die dann in der Pubert\u00e4t vollends austickten. Mein Weib hatte damals gar nicht mitbekommen, als der halbstarke Filius mit seinen Kumpels ab und zu ein Dreiblatt einzog, was die Meute allerdings niemals in der Wohnung tat. Dabei h\u00f6rten sie anschlie\u00dfend <i>unsere<\/i> Musik (z.B. <a title=\"Temptations\" href=\"https:\/\/www.youtube.com\/watch?v=PtvM8F6x-m4\">Temptations<\/a>), au\u00dferdem stellte ich ihnen meine entsprechenden Kassetten zur Verf\u00fcgung und gab zus\u00e4tzliche Tips f\u00fcr andere Mucken. Umgekehrt lief es gleicherma\u00dfen, wurde so ein Fan von <a title=\"Cypress Hill\" href=\"https:\/\/www.youtube.com\/watch?v=6Zt-JgFkxOo&amp;index=70&amp;list=PL00A03591A9E91BAE\">Cypress Hill<\/a> und vielen <a title=\"Hip-Hopern\" href=\"https:\/\/www.youtube.com\/watch?v=517WVJNdO5g\">Hip-Hopern<\/a> aus dem Amiland&#8230;<br \/>\nHinzu kam, dass ich darauf bestand ihren Dope zu testen, da gab es nie etwas zu meckern&#8230;<br \/>\nAu\u00dferdem befand sich in meinen B\u00fccherregalen entsprechende <i>Drogen<\/i>-Literatur, u.a. auch <a title=\"Hightimes\" href=\"http:\/\/www.hightimes.com\/\">Hightimes<\/a>, <a title=\"Freak Brothers\" href=\"https:\/\/www.google.de\/search?q=freak+brothers&amp;biw=1280&amp;bih=614&amp;source=lnms&amp;tbm=isch&amp;sa=X&amp;sqi=2&amp;ved=0CAYQ_AUoAWoVChMIgYfIuP-_yAIVI8ByCh06Qwmj&amp;dpr=1.5\">Freak Brothers<\/a>, <a title=\"U-Comics\" href=\"https:\/\/www.google.de\/search?q=u-comics&amp;biw=1280&amp;bih=614&amp;source=lnms&amp;tbm=isch&amp;sa=X&amp;sqi=2&amp;ved=0CAYQ_AUoAWoVChMIksWpzv-_yAIV5SVyCh0IfQdL\">U-Comics<\/a> und entsprechend anderes Zeug.<!--more--><br \/>\n<a href=\"http:\/\/zonenklaus.de\/wordpress\/wp-content\/uploads\/2015\/10\/hanf-1.jpg\"><img loading=\"lazy\" decoding=\"async\" class=\"alignleft size-thumbnail wp-image-27177\" src=\"http:\/\/zonenklaus.de\/wordpress\/wp-content\/uploads\/2015\/10\/hanf-1-107x150.jpg\" alt=\"hanf-1\" width=\"107\" height=\"150\" srcset=\"https:\/\/zonenklaus.de\/wordpress\/wp-content\/uploads\/2015\/10\/hanf-1-107x150.jpg 107w, https:\/\/zonenklaus.de\/wordpress\/wp-content\/uploads\/2015\/10\/hanf-1-215x300.jpg 215w, https:\/\/zonenklaus.de\/wordpress\/wp-content\/uploads\/2015\/10\/hanf-1-736x1024.jpg 736w, https:\/\/zonenklaus.de\/wordpress\/wp-content\/uploads\/2015\/10\/hanf-1-624x867.jpg 624w, https:\/\/zonenklaus.de\/wordpress\/wp-content\/uploads\/2015\/10\/hanf-1.jpg 1013w\" sizes=\"auto, (max-width: 107px) 100vw, 107px\" \/><\/a><a href=\"http:\/\/zonenklaus.de\/wordpress\/wp-content\/uploads\/2015\/10\/hanf-2.jpg\"><img loading=\"lazy\" decoding=\"async\" class=\"alignleft size-thumbnail wp-image-27178\" src=\"http:\/\/zonenklaus.de\/wordpress\/wp-content\/uploads\/2015\/10\/hanf-2-107x150.jpg\" alt=\"hanf-2\" width=\"107\" height=\"150\" srcset=\"https:\/\/zonenklaus.de\/wordpress\/wp-content\/uploads\/2015\/10\/hanf-2-107x150.jpg 107w, https:\/\/zonenklaus.de\/wordpress\/wp-content\/uploads\/2015\/10\/hanf-2-214x300.jpg 214w, https:\/\/zonenklaus.de\/wordpress\/wp-content\/uploads\/2015\/10\/hanf-2-733x1024.jpg 733w, https:\/\/zonenklaus.de\/wordpress\/wp-content\/uploads\/2015\/10\/hanf-2-624x870.jpg 624w, https:\/\/zonenklaus.de\/wordpress\/wp-content\/uploads\/2015\/10\/hanf-2.jpg 1011w\" sizes=\"auto, (max-width: 107px) 100vw, 107px\" \/><\/a><a href=\"http:\/\/zonenklaus.de\/wordpress\/wp-content\/uploads\/2015\/10\/dro-1.jpg\"><img loading=\"lazy\" decoding=\"async\" class=\"alignleft size-thumbnail wp-image-27179\" src=\"http:\/\/zonenklaus.de\/wordpress\/wp-content\/uploads\/2015\/10\/dro-1-89x150.jpg\" alt=\"dro-1\" width=\"89\" height=\"150\" srcset=\"https:\/\/zonenklaus.de\/wordpress\/wp-content\/uploads\/2015\/10\/dro-1-89x150.jpg 89w, https:\/\/zonenklaus.de\/wordpress\/wp-content\/uploads\/2015\/10\/dro-1-179x300.jpg 179w, https:\/\/zonenklaus.de\/wordpress\/wp-content\/uploads\/2015\/10\/dro-1-611x1024.jpg 611w, https:\/\/zonenklaus.de\/wordpress\/wp-content\/uploads\/2015\/10\/dro-1-624x1045.jpg 624w, https:\/\/zonenklaus.de\/wordpress\/wp-content\/uploads\/2015\/10\/dro-1.jpg 769w\" sizes=\"auto, (max-width: 89px) 100vw, 89px\" \/><\/a><a href=\"http:\/\/zonenklaus.de\/wordpress\/wp-content\/uploads\/2015\/10\/dro-2.jpg\"><img loading=\"lazy\" decoding=\"async\" class=\"alignleft size-thumbnail wp-image-27180\" src=\"http:\/\/zonenklaus.de\/wordpress\/wp-content\/uploads\/2015\/10\/dro-2-88x150.jpg\" alt=\"dro-2\" width=\"88\" height=\"150\" srcset=\"https:\/\/zonenklaus.de\/wordpress\/wp-content\/uploads\/2015\/10\/dro-2-88x150.jpg 88w, https:\/\/zonenklaus.de\/wordpress\/wp-content\/uploads\/2015\/10\/dro-2-177x300.jpg 177w, https:\/\/zonenklaus.de\/wordpress\/wp-content\/uploads\/2015\/10\/dro-2-605x1024.jpg 605w, https:\/\/zonenklaus.de\/wordpress\/wp-content\/uploads\/2015\/10\/dro-2-624x1054.jpg 624w, https:\/\/zonenklaus.de\/wordpress\/wp-content\/uploads\/2015\/10\/dro-2.jpg 763w\" sizes=\"auto, (max-width: 88px) 100vw, 88px\" \/><\/a>Von den umfangreichen Werken blieben nur zwei B\u00fccher \u00fcbrig, mehr so popul\u00e4rwissenschaftliche Teile: <i>Hanf<\/i> und <i>Rauschdrogen<\/i>&#8230;<\/p>\n<p><b>&#8211;<\/b> Was sollen denn die Genossen \u00fcberhaupt wegen der Mietendproblematik abstimmen? Diese Geschichten wurden doch von ihnen pers\u00f6nlich, nebst ihrer gerade angesagten Mehrheitsbeschaffer total versaubeutelt!<br \/>\n<i>Gefragt wird auch, ob das Stra\u00dfenbahnnetz in ganz Berlin ausgebaut werden soll oder ob Lehrerinnen, Polizistinnen und Richterinnen ein Kopftuch tragen d\u00fcrfen. Ein schwer zu f\u00e4lschender Fragebogen mit einem Dutzend Punkten wird den etwa 17 000 SPD-Mitgliedern in dieser Woche per Post zugeschickt, Einsendeschluss ist der 5. November.<\/i><br \/>\n<b>&#8211; <\/b>Nat\u00fcrlich ben\u00f6tigen wir alle dringen ein neues Stra\u00dfenbahnnetz, vor allen Dingen auf Kosten von Fahrradspuren&#8230;<br \/>\nWenn Genosse St\u00f6\u00df keine anderen Probleme hat, dann ist er als Berliner Kleingartenvort\u00e4nzer wirklich zu beneiden. Nur gut, dass ich den Artikel \u00fcberflogen habe, der Name vom roten Oberfuzzie war mir n\u00e4mlich lange entfallen. Haften blieb lediglich seine <i>und<\/i><i><b>d<\/b><\/i><i>as<\/i><i><b>i<\/b><\/i><i>st<\/i><i><b>a<\/b><\/i><i>uch<\/i><i><b>g<\/b><\/i><i>ut<\/i><i><b>s<\/b><\/i><i>o-Mentalit\u00e4t, <\/i>die<i> <\/i>ansonsten aber wirklich nicht viel mit Politik zu tun hat, ganz entfernt vielleicht, wegen der entsprechenden Quoten.<br \/>\n<b>&#8211; <\/b>Weshalb wird eigentlich nur danach gefragt, ob die drei angef\u00fchrten Berufsgruppen ein Kopftuch tragen d\u00fcrften? Was ist mit den Leuten die auch darauf bestehen, wie Typen, Toilettenfeen, <i>Angeh\u00f6riginnen<\/i> von BVG, S-Bahn, der BSR, den Damen in Bordellen usw.?<\/p>\n","protected":false},"excerpt":{"rendered":"<p>Cannabis, Mieten und Kopft\u00fccher Eine sch\u00f6ne Aktion welche sich die roten Stare da haben einfallen lassen, wenn sie ihren verst\u00f6rten Mitl\u00e4ufern jene Handlungsweise als basisdemokratischen Prozedur verkaufen, die letztlich nur auf Honig ums Maul schmieren hinausl\u00e4uft. Gehen anschlie\u00dfend solche Sachen schief, k\u00f6nnen sich die oberen Genossen+Innen schnell damit herausreden, was soll\u00b4s, ihr habt es doch [&hellip;]<\/p>\n","protected":false},"author":6,"featured_media":0,"comment_status":"open","ping_status":"open","sticky":false,"template":"","format":"standard","meta":{"footnotes":""},"categories":[9,22],"tags":[],"class_list":["post-27176","post","type-post","status-publish","format-standard","hentry","category-bucher","category-der-tagesspiegel"],"_links":{"self":[{"href":"https:\/\/zonenklaus.de\/wordpress\/index.php?rest_route=\/wp\/v2\/posts\/27176","targetHints":{"allow":["GET"]}}],"collection":[{"href":"https:\/\/zonenklaus.de\/wordpress\/index.php?rest_route=\/wp\/v2\/posts"}],"about":[{"href":"https:\/\/zonenklaus.de\/wordpress\/index.php?rest_route=\/wp\/v2\/types\/post"}],"author":[{"embeddable":true,"href":"https:\/\/zonenklaus.de\/wordpress\/index.php?rest_route=\/wp\/v2\/users\/6"}],"replies":[{"embeddable":true,"href":"https:\/\/zonenklaus.de\/wordpress\/index.php?rest_route=%2Fwp%2Fv2%2Fcomments&post=27176"}],"version-history":[{"count":3,"href":"https:\/\/zonenklaus.de\/wordpress\/index.php?rest_route=\/wp\/v2\/posts\/27176\/revisions"}],"predecessor-version":[{"id":27183,"href":"https:\/\/zonenklaus.de\/wordpress\/index.php?rest_route=\/wp\/v2\/posts\/27176\/revisions\/27183"}],"wp:attachment":[{"href":"https:\/\/zonenklaus.de\/wordpress\/index.php?rest_route=%2Fwp%2Fv2%2Fmedia&parent=27176"}],"wp:term":[{"taxonomy":"category","embeddable":true,"href":"https:\/\/zonenklaus.de\/wordpress\/index.php?rest_route=%2Fwp%2Fv2%2Fcategories&post=27176"},{"taxonomy":"post_tag","embeddable":true,"href":"https:\/\/zonenklaus.de\/wordpress\/index.php?rest_route=%2Fwp%2Fv2%2Ftags&post=27176"}],"curies":[{"name":"wp","href":"https:\/\/api.w.org\/{rel}","templated":true}]}}