{"id":27227,"date":"2015-10-23T22:36:24","date_gmt":"2015-10-23T21:36:24","guid":{"rendered":"http:\/\/zonenklaus.de\/wordpress\/?p=27227"},"modified":"2015-10-24T12:53:28","modified_gmt":"2015-10-24T11:53:28","slug":"welche-rolle-spielte-der-grossmufti-beim-holocaust","status":"publish","type":"post","link":"https:\/\/zonenklaus.de\/wordpress\/?p=27227","title":{"rendered":"Welche Rolle spielte der Gro\u00dfmufti beim Holocaust?<\/strong>"},"content":{"rendered":"<p>Keinen allzu gro\u00dfen Part, eigentlich gar keinen! Dabei h\u00e4tte er sich liebend gern in einer derart <em>wichtigen<\/em> Funktion wiedergefunden&#8230;<br \/>\n<strong>&#8211;<\/strong> Es ist zum Kotzen, wie in solchen <a title=\"Artikeln\" href=\"http:\/\/www.bz-berlin.de\/welt\/welche-rolle-spielte-der-grossmufti-beim-holocaust\">Artikeln<\/a> immer wieder weltpolitisch gehurt wird und alles an wenigen Figuren festgemacht wird. Hier werden auch wieder nur: Adolf der G\u00fctige, SS-Obergruppenf\u00fchrer Heydrich (<i>Er war nicht nur der &#8220;nette&#8221; SS-Mann von nebenan, sondern General der Polizei, Leiter des Reichssicherheitshauptamts (RSHA) und Stellvertretender Reichsprotektor in B\u00f6hmen und M\u00e4hren, bis er 1942 abgeknipst wurde.<\/i>), SS-Chef Heinrich Himmler (<i>Seine Machtf\u00fclle galt als bombastisch, hier seine gesamten<\/i><i> <\/i><i>Funktionen: Reichsf\u00fchrer SS, Chef der Deutschen Polizei, Reichskommissar f\u00fcr die Festigung deutschen Volkstums, sp\u00e4ter auch Reichsinnenminister und Befehlshaber des Ersatzheeres<\/i>) und Juden-Vernichtungs-Organisator Adolf Eichmann. Ich will hier nicht den ausgelutschten Begriff der <i>Deutschen Kollektivschuld <\/i>ins Spiel bringen, weil es sowieso keinen mehr interessiert, in beiden Deutschen Staaten noch nie so jemand richtig interessiert &#8211; aber es war nicht nur dieses erw\u00e4hnte Trio!<br \/>\nLetztlich ist es legitim, dass sich in einer Gesellschaft jeder sein Nische sucht, denn es ist billig und sehr bequem, wie ein toter Fisch, <i>der sich Mund, Augen und Ohren zuh\u00e4lt<\/i>, im stinkenden Strom mit zu schwimmen, bis man nicht mehr einkaufen geht. K\u00f6nnte jetzt noch an Merkel, Gauck u.a. erinnern&#8230;<br \/>\n<b>&#8211;<\/b> Israels Regierungschef und Scharfmacher Benjamin Netanjahu musste scheinbar mal wieder etwas unter die V\u00f6lker bringen, was in der n\u00e4chsten Zeit seine Landsleute entsprechend scharf macht, auf der anderen Seite die Pal\u00e4stinenser provoziert und es ihm perfekt gelungen. Er nahm aber scheinbar keinen Schaden, obwohl anschlie\u00dfend seine Behauptung relativiert wurde.<br \/>\nWas mich immer verwunderte, weder im Osten noch im Westen, gingen Historiker im Detail auf die entscheidende Rolle des Chefs vom Generalgouvernements, <a title=\"Dr. Hans Frank\" href=\"http:\/\/de.academic.ru\/dic.nsf\/dewiki\/577149\">Dr. Hans Frank<\/a> &#8211; strammer Nazi der ersten Stunde, ein. Wenige Wochen nach der Besetzung Polens, wurde er bereits Generalgouverneur und hie\u00df bald der \u201eSchl\u00e4chter von Polen\u201c.<br \/>\nAnfang 1940 begann die Errichtung vom KZ Auschwitz, was von der Gr\u00f6\u00dfe her nicht nur als Arbeitslager f\u00fcr die IG-Farben galt.<br \/>\nAls der Gro\u00dfmufti von Jerusalem, Mohammed Amin al-Husseini, im November \u00b441 bei Hitler auftauchte (<i>Dass die Wannsee-Konferenz drei Monate nach dem Besuch des Muftis stattfand, wird wohl eher ein Zufall gewesen zu sein.<\/i><b>)<\/b>, hatte Hans Frank seine eigenen Ideen vom weiteren Verlauf der <i>Umsiedlung<\/i> Polnischer Bewohner und den Juden Europas, bereits konkretisiert. Nat\u00fcrlich unternahmen auch andere <i>Nazigr\u00f6\u00dfen<\/i> \u00e4hnliche <i>Anstrengungen. <\/i>Da wurde von gro\u00dfen Umsiedlungsaktionen gesprochen, die allerdings bereits zum <i>Endsieg <\/i>konkrete Formen angenommen haben sollten. Wann war allerdings mit dem <i>Endsieg<\/i> zurechnen und wie weit waren dann die Deutschen Ostgrenzen verschoben? Da galt der Ural als magische Markierung auf den Karten!<br \/>\nMitte der 1930 hatte bereits ein gro\u00dfes Umsiedelungsprogramm begonnen, noch heute kann man im Angesicht des westlichen Oder-Ufers, partielle Weinanbaufl\u00e4chen erkennen, damals von Schwaben angelegt. Auch im Warthegau standen viele Landwirte bereits in den Startl\u00f6chern. Zumindest bis zur <a title=\"Curzon-Linie\" href=\"https:\/\/de.wikipedia.org\/wiki\/Curzon-Linie\">Curzon-Linie<\/a> sollte das mehrheitlich <i>Volksdeutsche Siedlungsgebiet<\/i> reichen. Polnische Bev\u00f6lkerungsteile galten nur als <i>Lohngesindel f\u00fcr niedere Arbeiten, <\/i>mehrheitlich sollten sie aber nach Wei\u00dfrussland und in die Ukraine abgeschoben werden&#8230;<br \/>\n<!--more-->Bereits 1940 nahm auch der <a title=\"Madagaskarplan\" href=\"https:\/\/de.wikipedia.org\/wiki\/Madagaskarplan\">Madagaskarplan<\/a> konkrete Formen an.<br \/>\n<strong>&#8211;<\/strong> Anfang der 1970er hatte ich mir vom <i>Deutschsprachigen Verlag Warschau, <\/i>einiges von Hans Frank mitgenommen. Zu Beginn noch skeptisch beim Lesen der Folianten, weshalb sollten aber Polnischen Autoren seine Aufzeichnungen zus\u00e4tzlich klittern? Wei\u00df gar nicht mehr, ob es die Hans-Frank-Tageb\u00fccher auch in der Zone zukaufen gab.<br \/>\n<b>&#8211; <\/b>Ewig vergleichen sogar intellektuelle Flachzangen \u00c4pfel mit Birnen, wenn sie alle <i>Volksdeutschen Fl\u00fcchtlingstrecks,<\/i> nach dem letzten widerlichen Angriffskrieg, mit der angesagten <i>Fl\u00fcchtlingsmalaise <\/i>gleichsetzen. Gegen jene Planungen und das nicht einkalkulierte Leid vieler Millionen in vergangenen Tagen, erleben wir doch heute lediglich eine recht karge Erscheiningsform praktischer Umsetzung von solchem Wahnsinn, der nie ein Ende finden wird. Weil WIR uns, als die wirtschaftlich st\u00e4rkste Industrienation der EU, aus s\u00e4mtlichen Konflikten weiterhin heraushalten werden. Diese uns\u00e4gliche Mentalit\u00e4t, letztlich wohlwollenden Bef\u00fcrwortungen jeglicher Schweinereien entsprechen, die f\u00fchrend vom Amiland aus, irgendwo auf UNSERER Erdenscheibe <strong>(<\/strong><em>selbstverst\u00e4ndlich demokratisch legimitiert<\/em><strong>)<\/strong> mit angezettelt werden und WIR durch Waffenexporte sogar noch an allen blutigen Fehden partizipieren, da sie bei UNS <em>dauerhaft Arbeitpl\u00e4tze sichern<\/em>&#8230;<br \/>\n<strong>&#8211;<\/strong> Noch eine abschlie\u00dfende Bemerkung f\u00fcr all jene, die es noch nicht mal wissen! Sie betrifft Adol Fittler <b>(<\/b><span style=\"font-family: Times New Roman,serif;\"><i>\u00a9 <\/i><\/span><i>Richard David Precht<\/i><b>)<\/b>, der als <i><b>Bayerischer Passgermane<\/b><\/i> auch mit einem <i><b>Migrationshintergrund<\/b><\/i><b> <\/b>behaftet war und hier auftauchte, weil er unbedingt freiwillig ins <i>Feld<\/i> wollte.<br \/>\nUnd was hat ihm der Kriegsfreiwilligendienst in der Bayerische Armee gebracht?<br \/>\nEinen Gefreiten-Balken, das Verwundetenabzeichen in Schwarz, das Eiserne Kreuz I. Klasse, einen Senfgas-Kollateralschaden und \u00b4n m\u00e4chtige Macke &#8211; hatte sich doch alles f\u00fcr ihn gelohnt<\/p>\n","protected":false},"excerpt":{"rendered":"<p>Keinen allzu gro\u00dfen Part, eigentlich gar keinen! Dabei h\u00e4tte er sich liebend gern in einer derart wichtigen Funktion wiedergefunden&#8230; &#8211; Es ist zum Kotzen, wie in solchen Artikeln immer wieder weltpolitisch gehurt wird und alles an wenigen Figuren festgemacht wird. Hier werden auch wieder nur: Adolf der G\u00fctige, SS-Obergruppenf\u00fchrer Heydrich (Er war nicht nur der [&hellip;]<\/p>\n","protected":false},"author":6,"featured_media":0,"comment_status":"open","ping_status":"open","sticky":false,"template":"","format":"standard","meta":{"footnotes":""},"categories":[1],"tags":[],"class_list":["post-27227","post","type-post","status-publish","format-standard","hentry","category-allgemeines"],"_links":{"self":[{"href":"https:\/\/zonenklaus.de\/wordpress\/index.php?rest_route=\/wp\/v2\/posts\/27227","targetHints":{"allow":["GET"]}}],"collection":[{"href":"https:\/\/zonenklaus.de\/wordpress\/index.php?rest_route=\/wp\/v2\/posts"}],"about":[{"href":"https:\/\/zonenklaus.de\/wordpress\/index.php?rest_route=\/wp\/v2\/types\/post"}],"author":[{"embeddable":true,"href":"https:\/\/zonenklaus.de\/wordpress\/index.php?rest_route=\/wp\/v2\/users\/6"}],"replies":[{"embeddable":true,"href":"https:\/\/zonenklaus.de\/wordpress\/index.php?rest_route=%2Fwp%2Fv2%2Fcomments&post=27227"}],"version-history":[{"count":4,"href":"https:\/\/zonenklaus.de\/wordpress\/index.php?rest_route=\/wp\/v2\/posts\/27227\/revisions"}],"predecessor-version":[{"id":27231,"href":"https:\/\/zonenklaus.de\/wordpress\/index.php?rest_route=\/wp\/v2\/posts\/27227\/revisions\/27231"}],"wp:attachment":[{"href":"https:\/\/zonenklaus.de\/wordpress\/index.php?rest_route=%2Fwp%2Fv2%2Fmedia&parent=27227"}],"wp:term":[{"taxonomy":"category","embeddable":true,"href":"https:\/\/zonenklaus.de\/wordpress\/index.php?rest_route=%2Fwp%2Fv2%2Fcategories&post=27227"},{"taxonomy":"post_tag","embeddable":true,"href":"https:\/\/zonenklaus.de\/wordpress\/index.php?rest_route=%2Fwp%2Fv2%2Ftags&post=27227"}],"curies":[{"name":"wp","href":"https:\/\/api.w.org\/{rel}","templated":true}]}}