{"id":27241,"date":"2015-10-25T21:56:07","date_gmt":"2015-10-25T20:56:07","guid":{"rendered":"http:\/\/zonenklaus.de\/wordpress\/?p=27241"},"modified":"2015-10-29T20:58:14","modified_gmt":"2015-10-29T19:58:14","slug":"jean-claude-juncker-fast-61-csvpcs-plaeneschmied-der-bruesseler-eu-marionettenbuehne-hat-nach-einer-laengeren-pause-endlich-wieder-zugeschlagen","status":"publish","type":"post","link":"https:\/\/zonenklaus.de\/wordpress\/?p=27241","title":{"rendered":"Jean-Claude Juncker (fast 61, CSV\/PCS), Pl\u00e4neschmied der Br\u00fcsseler EU-Marionettenb\u00fchne, hat nach einer l\u00e4ngeren Pause endlich wieder zugeschlagen."},"content":{"rendered":"<p>Nun ist seit vielen Jahren bekannt, dass eigentlich nur Egon Olsen Pl\u00e4ne schmiedet und wie sie letztlich alle ausgehen, wissen nur eingefleischte Fans der Olsenbande. Von Egons Perfektionismus ist J.C.J. allerdings Lichtjahre entfernt, deshalb verrecken seine banalen Offerten immer schon kurz nach dessen Ank\u00fcndigungen.<br \/>\nVor wenigen Stunden zauberte Juncker neuerlich einen <a title=\"Plan aus dem \u00c4rmel\" href=\"http:\/\/www.morgenpost.de\/politik\/article206326333\/Juncker-Besorgte-Buerger-bereiten-mir-ernsthafte-Sorgen.html\">Plan aus dem \u00c4rmel<\/a>, der sogar 16 Punkte beinhaltete, da ihm <i>besorgte B\u00fcrger ernsthafte Sorgen bereiten<\/i>. Nirgends im Netz konnte ich den Wortlaut jenes 16-Punkte-Plan fischen, in der heutigen Print-MoPo war abgedruckt. Den Text muss man nicht kennen!<br \/>\nH\u00f6rt, H\u00f6rt!<br \/>\nDamit wurde wurde wiedermal ein weiterer Tag in seinem Leben abgehakt, sein merkw\u00fcrdiges Gebaren erinnert irgendwie an Geschichten aus <i>Tausendundeiner Nacht<\/i>. Allerdings frage ich mich, was soll bei ihm letztlich herauskommen, wenn die drei Jahre irgendwann Vergangenheit sind? Irgendwie auch langweilig, wenn es immer nur dabei bleibt, ewig irgendwelche maroden Versuchsballons zu starten, die permanent den Unmut s\u00e4mtlicher Betroffenen herausfordern. Weil sie niemals etwas mit der <i>wahren<\/i> Realit\u00e4t zu tun haben und in einem lediglich das Gef\u00fchl aufkommt, sie dienen nur zur Selbstdarstellung, um der ganzen Welt eine ganz, ganz gro\u00dfe Bedeutsamkeit vorzugaukeln. Die jeder von Anbeginn, beim <i>ersten gew\u00e4hlten Pr\u00e4sident in der Geschichte der EU-Kommission,<\/i> vermisste und bisher niemals auch nur ansatzweise zum Tragen kam und dar\u00fcber hinaus zu keiner Zeit kommen wird. Warum wohl?<\/p>\n<p><i><b>&#8211;<\/b><\/i><i> Dann wurde ich zu einer kleinen Radtour \u00fcberredet. Nach der kurzen Umkreisung vom Charlottenburger Schloss ging es mit dem Scheff in die Villa Oppenheim. Diesmal genossen wir dort nur <\/i>Kultur f\u00fcr Leib und Seele<i>, denn das Angebot vom dortigen Caf\u00e9 ist empfehlenswert, au\u00dferdem konnten wir heute noch in dem sch\u00f6nen Garten hocken. Nat\u00fcrlich wurde \u00fcber die Fl\u00fcchtlingsproblematik diskutiert. Mein Gespr\u00e4chspartner kam noch mit einem Beispiel aus seiner Firma. Wo er ablie\u00df, w\u00e4hrend einer Betriebsversammlung nicht auf die Frage einer jungen Azubiin antworten zu m\u00fcssen. Sie bekam nat\u00fcrlich keine befriedigende Antwort, weil der Gewerkschafter lediglich hilflos herum eierte und kein anderer sich daraufhin mit einmischte. <\/i><br \/>\n<i>Logisch! Wie oft vernahm ich in den letzten Woche, wenn es um Refugees ging, \u00e4hnlich lautende Diskussionser\u00f6ffnungen in folgender Preislage:\u201cBitte verstehe mich nicht falsch, wenn ich zu der momentanen Fl\u00fcchtlingssituation meine Ansicht schildere, ich bin n\u00e4mlich nicht RECHTS eingestellt, aber&#8230;\u201c <\/i><br \/>\n<i>In dem Unternehmen ging es um die <\/i>nachhaltige<i> Reduzierung von ziemlich vielen Arbeitspl\u00e4tzen. Auch darum, dass man dar\u00fcber hinaus keine ausgelernten Stifte mehr f\u00fcr ein Jahr \u00fcbernehmen w\u00fcrde, aber Lehrstellen f\u00fcr Fl\u00fcchtlinge schaffen wolle. Ihre kurze Frage lautete: <\/i>Weshalb man nicht wenigstens die besten Jungfacharbeiter f\u00fcr ein Jahr \u00fcbernehme, damit wenigstens in der kurzen Zeit die M\u00f6glichkeit best\u00fcnde, sich einen fast aussichtslosen anderen Job zu besorgen&#8230;(Hi,Hi!)<i> <\/i><br \/>\n<b>&#8211; <\/b><i>Schlie\u00dflich tauchten beide M\u00e4dels auf, die nat\u00fcrlich eine identische Diskussion hinter sich hatten. <\/i><br \/>\n<i>Fazit: Zu der wochenlang angestauten Hilflosigkeit, w\u00e4chst die Wut auf Politiker aller Couleur, die nur mit hohlen Spr\u00fcchen hausieren gehen, au\u00dferdem wird auch in der Perspektive kein Land in Sicht sein und dies auf sehr lange Zeit! Trotzdem will man sich nicht mit gewissen Kreisen gleichmachen, weder in witzlosen Lichterketten herumlungern, noch auf der anderen Seite mit latschen. <\/i><br \/>\n<i>Mein Einwurf gab das Signal zum Aufbruch. <\/i><br \/>\n<i>Statt zweier Witze, die mir zum Thema einfielen und sie noch abzulassen, kam nur. <b>Da beleuchteten die Lichterketten-Fans wiedermal ihre Gesichter, um zu belegen, dass sich auch weiterhin zur schweigenden Mehrheit geh\u00f6ren wollen! <\/b><\/i><br \/>\n<i>Wo waren eigentlich Fl\u00fcchtlingen w\u00e4hrend des powerbehafteten demokratischen Protestes? Da h\u00e4tte ich sogar einen gewissen Sinn erkennen k\u00f6nnen &#8211; <b>Seht her, ich bin ein Fremder und m\u00f6chte Eure Hilfe!<\/b><\/i><br \/>\n<!--more-->Mit der U-Bahn gings retour und ich drehte dann im Kiez noch eine Runde. Es kam mir nichts besonderes vor die Linse, nur bei einem Objekt tauchte eine Frage auf. Weshalb wurden diese <a title=\"speziellen Absperrgitter\" href=\"https:\/\/www.flickr.com\/photos\/zonenklaus\/22500726121\/in\/datetaken-public\/\">speziellen Absperrgitter<\/a> ausgerechnet dort auf dem Gehsteig gelagert? An der ehemaligen LBS, dem neuerlichen LaGeSo, war auch noch ein Haufen abgestellt und noch mehr freier Platz. Wurden die Teile lediglich f\u00fcr bestimmte Eventualit\u00e4ten dort nur zwischengelagert?<br \/>\n<b>&#8211; <\/b>Mit einer leckeren Lauchsuppe ging es dann vor die Glotze. T\u00e4tigte nach f\u00fcnf Minuten einen weiteren Durchlauf, bis hin zu den Schweinereklamesender und was registrierten meine entz\u00fcndeten \u00c4uglein pl\u00f6tzlich? Es lief noch ein Weilchen &#8220;<a title=\"O Brother, Where Art Thou?\" href=\"http:\/\/www.servustv.com\/de\/Medien\/O-Brother.-Where-Art-Thou.-Eine-Mississippi-Odyssee\">O Brother, Where Art Thou?<\/a>&#8220;! Als gro\u00dfer Fan der Coen-Brothers blieb ich sogar davor hocken&#8230;<br \/>\nGleich zur ersten Werbepause wurde auf einen der \u00d6ffentlichen Stationen geschaltet und ich h\u00e4tte fast gekotzt. Nur <a title=\"Eksperten und Spezjalisten\" href=\"http:\/\/www.tagesschau.de\/multimedia\/sendung\/ts-10813.html\">E<i>ks<\/i>perten und Spez<i>j<\/i>alisten<\/a> huschten plappernd \u00fcber die Mattscheibe, angefangen mit Juncker, Mutti, zwischendurch auch der Genosse Schulz usw., nur der Sprechblasenaufpumper f\u00fcr seine Knechte, Altmeiers Peti, fehlte in der Raupensammlung&#8230;<br \/>\nMomentan kann man lediglich <a title=\"Rolf-Dieter Krause\" href=\"https:\/\/de.wikipedia.org\/wiki\/Rolf-Dieter_Krause\">Rolf-Dieter Krause<\/a> etwas ernst nehmen, obwohl der ja auch gesiebte <i>Infos<\/i> weiter geben muss. <b>(<\/b><i>Letzten huschte der dreibeinige <a title=\"Peter Merseburger\" href=\"https:\/\/de.wikipedia.org\/wiki\/Peter_Merseburger\">Peter Merseburger<\/a> am Caf\u00e9 vorbei, leider registrierte ich ihn zu sp\u00e4t. Den will ich immer mal fragen, was er von seinen heutigen Kollegen h\u00e4lt. Wahrscheinlich will der gar nicht mit denen in einen Topf geworfen werden&#8230;<\/i>)<br \/>\n<b>&#8211;<\/b> Dachte anschlie\u00dfend, du musst doch mal nach<a title=\" Martin Schulz\" href=\"http:\/\/www.martin-schulz.eu\/\"> Martin Schulz<\/a> (fast 60, SPD) st\u00f6bern und landete auf seiner Heimatseite. H\u00e4tte fast um eine Flasche Gehacktes gewettet, dass ihm seine Selbstdarstellung sehr viel Wert ist. Das gesamte Werk ist nicht zum Aushalten, es beginnt schon mit verschiedenen Konterfeis <b>(<\/b><i>Wollte hier nicht Pofalla zitieren!<\/i><b>) <\/b>und daneben ausgelutschte Plattit\u00fcden, an die heutzutage noch nicht mal der Abg\u00e4nger eines Schwachstromkollegs glauben w\u00fcrde. Hier die beiden Highlights: <b>Wir m\u00fcssen die EU vom Kopf auf die F\u00fc\u00dfe stellen<\/b>, wie soll man das eigentlich verstehen? Au\u00dferdem, vor wie vielen Jahren kam ihm eigentlich selbige <i>weltkluge <\/i>Erkenntnis? Ob er das Problem je anging? Inzwischen habe ich das Gef\u00fchl, die EU liegt bereits seit Monaten erschossen wie Robert Blum darnieder und kein Aas hat dies \u00fcberhaupt registriert&#8230;<br \/>\nTrotzdem h\u00e4ngt Sozi Schulz immer noch an seiner fast vergessenen Losung: <b>Dieses<\/b> <b>Parlament ist das Herzst\u00fcck der Demokratie auf Ebene der EU<\/b>. Da ist es wieder! Mal H\u00fc, mal Hott und alles vollkommen unverst\u00e4ndlich. Deshalb bereitet es mir gro\u00dfe Schwierigkeiten, in diesem Satz auch nur bedingt irgendeinen Sinn zusehen. Dabei bin ich gewillt, in seinem merkw\u00fcrdigen Sinnbild etwas Berauschendes zu entdecken. Dazu m\u00fcsste ich vielleicht wissen, mit Hilfe welcher Drogen man zu einer entsprechenden Bewusstseinserweiternd gelangt. Wie soll man anders jenes Metapher entr\u00e4tseln oder sie entsprechend hinbiegen. Ist dies \u00fcberhaupt machbar?<br \/>\nAlso, scheint er die EU auf die Beine bekommen zuhaben und das Parlament muss sich jeder als eine Art Titan vorstellen, der die Demokratie nebst ihres erkalteten Herzens, weit weg in die H\u00f6he stemmt &#8211; sieh Atlas!<br \/>\nAha, WIR da unten und die Demokratie ganz weit oben, so ergibt alles nat\u00fcrlich einen Sinn!<br \/>\nNicht ausgeschlossen, dass der Satz in irgendeiner Therapiegruppe von EX-Junkies beim Scrabbeln entstand&#8230;<br \/>\nWahrscheinlicher ist noch ein ganz andere Variante, die mir gerade einfiel. Kann es sein, dass es sich ehemals um Fragmente einer implodierten Sprechblasen handelt, die ein mit Legasthenie behafteter Freund zusammen puzzelte, er aber einige Worte verschwinden lie\u00df. Um ihn hinterher nicht zu kr\u00e4nken, wurde dieser Erguss so verwendet.<br \/>\nVersuche es mal mit einer Umstellung der Worte.<br \/>\n<b>Dieses Herzst\u00fcck ist das Parlament der Demokratie auf Ebene der EU<\/b><br \/>\n<b>Dieses Parlament der EU Ebene auf der Demokratie ist das Herzst\u00fcck <\/b><br \/>\n<em>Man kann es drehen<\/em> und wenden wie <em>man will, etwas geistreicheres bekommt sicher niemand zustande. <\/em><br \/>\nSch\u00e4tze mal, Herr Jean-Claude Juncker hat die n\u00e4chste Masturbationsperformance f\u00fcr den 6. Dezember anberaumt, in der Hoffnung, w\u00e4hrend seiner Bescherung z\u00fcckt der Nikolaus den entscheidende Plan und nimmt gleichzeitig noch ein Haufen abgelehnte Fl\u00fcchtlinge mit nachhause&#8230;<br \/>\n<em>Beim st\u00f6bern im Netz sah ich, dass in der Nacht: <\/em><em><i><a title=\"Mississippi Burning\" href=\"http:\/\/www.tubeplus.is\/player\/361122\/Mississippi_Burning\/\">Mississippi Burning<\/a> &#8211; Die Wurzel des Hasses<\/i><\/em><em> lief. Jede Schei\u00dfe liegt jahrelang in den Mediatheken, aber solch Film wird anschlie\u00dfend gleich versenkt&#8230;\u00a0<\/em><\/p>\n","protected":false},"excerpt":{"rendered":"<p>Nun ist seit vielen Jahren bekannt, dass eigentlich nur Egon Olsen Pl\u00e4ne schmiedet und wie sie letztlich alle ausgehen, wissen nur eingefleischte Fans der Olsenbande. Von Egons Perfektionismus ist J.C.J. allerdings Lichtjahre entfernt, deshalb verrecken seine banalen Offerten immer schon kurz nach dessen Ank\u00fcndigungen. Vor wenigen Stunden zauberte Juncker neuerlich einen Plan aus dem \u00c4rmel, [&hellip;]<\/p>\n","protected":false},"author":6,"featured_media":0,"comment_status":"open","ping_status":"open","sticky":false,"template":"","format":"standard","meta":{"footnotes":""},"categories":[1],"tags":[],"class_list":["post-27241","post","type-post","status-publish","format-standard","hentry","category-allgemeines"],"_links":{"self":[{"href":"https:\/\/zonenklaus.de\/wordpress\/index.php?rest_route=\/wp\/v2\/posts\/27241","targetHints":{"allow":["GET"]}}],"collection":[{"href":"https:\/\/zonenklaus.de\/wordpress\/index.php?rest_route=\/wp\/v2\/posts"}],"about":[{"href":"https:\/\/zonenklaus.de\/wordpress\/index.php?rest_route=\/wp\/v2\/types\/post"}],"author":[{"embeddable":true,"href":"https:\/\/zonenklaus.de\/wordpress\/index.php?rest_route=\/wp\/v2\/users\/6"}],"replies":[{"embeddable":true,"href":"https:\/\/zonenklaus.de\/wordpress\/index.php?rest_route=%2Fwp%2Fv2%2Fcomments&post=27241"}],"version-history":[{"count":5,"href":"https:\/\/zonenklaus.de\/wordpress\/index.php?rest_route=\/wp\/v2\/posts\/27241\/revisions"}],"predecessor-version":[{"id":27260,"href":"https:\/\/zonenklaus.de\/wordpress\/index.php?rest_route=\/wp\/v2\/posts\/27241\/revisions\/27260"}],"wp:attachment":[{"href":"https:\/\/zonenklaus.de\/wordpress\/index.php?rest_route=%2Fwp%2Fv2%2Fmedia&parent=27241"}],"wp:term":[{"taxonomy":"category","embeddable":true,"href":"https:\/\/zonenklaus.de\/wordpress\/index.php?rest_route=%2Fwp%2Fv2%2Fcategories&post=27241"},{"taxonomy":"post_tag","embeddable":true,"href":"https:\/\/zonenklaus.de\/wordpress\/index.php?rest_route=%2Fwp%2Fv2%2Ftags&post=27241"}],"curies":[{"name":"wp","href":"https:\/\/api.w.org\/{rel}","templated":true}]}}