{"id":27246,"date":"2015-10-26T22:41:11","date_gmt":"2015-10-26T21:41:11","guid":{"rendered":"http:\/\/zonenklaus.de\/wordpress\/?p=27246"},"modified":"2015-10-27T12:11:46","modified_gmt":"2015-10-27T11:11:46","slug":"der-bundesminister-fuer-besondere-aufgaben-und-chef-des-bundeskanzleramtes-und-fluechtlingskoordinator-der-bundeskanzlerin-und","status":"publish","type":"post","link":"https:\/\/zonenklaus.de\/wordpress\/?p=27246","title":{"rendered":"Der Bundesminister f\u00fcr besondere Aufgaben und Chef des Bundeskanzleramtes und Fl\u00fcchtlingskoordinator der Bundeskanzlerin und&#8230;"},"content":{"rendered":"<p>Nebenbei scheint er in den Augen von Massen hiesiger Eingeborenen auch noch den Posten eines gehandikapten\u00a0<a href=\"http:\/\/zonenklaus.de\/wordpress\/wp-content\/uploads\/2015\/10\/FJS.Filippi.mp3\">Komikers<\/a> \u00fcbernommen zuhaben.<br \/>\nDabei f\u00e4llt mir ein, weshalb wurde in heutigen Staatsformen eigentlich schon lange auf den Posten eines Hofnarren verzichtet? Ich meine, es g\u00e4be sicher einige Aspiranten auch auf UNSERER Regierungsebene &#8211; stimmt nicht! Denn selbige Entertainer waren bekanntlich mit einer Schl\u00e4ue und einem tiefgr\u00fcndigen Durchblick behaftet, da konnte es den Zuh\u00f6rern schwindelig werden. Hinzu kam, ihre Ansichten und Pointen waren gradlinig, auch reihten sich die seitlichen Hiebe darin korrekt ein. Deshalb waren sogar deren langanhaltenden Verbalattacken immer nachvollziehbar. Jene Fabulierkunst beherrscht kein heutiger Politiker mehr, zumal sie mit Hilfe ihrer effektheischenden Geltungssucht und dem dazugeh\u00f6rigen krankhaften Harmoniebed\u00fcrfnis, sich ewig verzetteln. Die geschieht zwar mit einer ausgebufften politischen Korrektheit, geht in der Regel aber trotzdem voll in die Hose, weil sie ohne Visionen, plappernd ausgelatschte Pfade entlang stolzieren, dabei allerdings permanent ihre anfangs vorgegebenen Richtungen \u00e4ndern. Schon mal registriert, dass sich Politstare und Starinnen in einem Schachtelsatz intellektueller Pr\u00e4gung, gleich mehrfach widersprechen. Gegenw\u00e4rtig kann doch z.B. ein Hardcorestotterer \u00fcberhaupt keine Verst\u00e4ndnisfrage mehr stellen.Wenn er unter vielen Schwierigkeiten sein Anliegen endlich formuliert hat, muss solch armes Schwein doch pl\u00f6tzlich feststellen, dass sich das F\u00e4hnchen bereits wieder gedreht hat und dann schon wieder ganz andere Probleme anstehen. Dem Volk geht es aber \u00e4hnlich &#8211; fr\u00fcher war alles <i>besser<\/i> und <i>wesentlich einfacher<\/i>, da kreischten irgendwann die dr\u00f6ge Masse: \u201eF\u00fchrer befiehl, wir folgen!\u201c und schon gings rein ins Vergn\u00fcgen, meine nat\u00fcrlich ins Verderben!<br \/>\nEs ist doch auch f\u00fcr den d\u00fcmmsten Prekariataner legitim, zu wissen weshalb er t\u00e4glich auf der Matte stehen soll und wie die <i>demokratisch <\/i>gew\u00e4hlten Volks<i>ver<\/i>treter seine sauer verdienten Steuergroschen verbraten wollen&#8230;<br \/>\nNun fand ich im gestrigen TAGESSPITZEL nach langer Zeit mal wieder einen <a title=\"recht brauchbaren Artikel\" href=\"http:\/\/www.tagesspiegel.de\/politik\/werner-j-patzelt-antwortet-leser-pegida-demonstranten-werden-pauschal-beschimpft-und-kriminalisiert\/12494338.html\">recht brauchbaren Artikel<\/a>. Allerdings geh\u00f6rt da mein Senf zu.<br \/>\nProf. Dr. <b>(<\/b><i>Bin seit Jahren sehr misstrauisch! Ist das K\u00fcrzel denn mit rechten Dingen verliehen worden?<\/i><b>)<\/b> <em>Werner J<\/em>. <em>Patzelt<\/em> war also zwei Monate lang Perugia gucken gegangen und hat noch einige andere Sachen in dem Zusammenhang angestellt. Was mir nicht in die Birne gehen will, ist sein letzter Satz und die darin enthaltende Feststellung mit dem <i>politischen Anstand <\/i>usw. &#8211; wo, wie und wann hat es denn, auch nur ann\u00e4hernd, etwas \u00e4hnliches in Bundesgermanien mal gegeben? Liegt sicher alles im Sinne des Betrachters&#8230;<!--more--><br \/>\nAu\u00dfer Spesen n\u00fcscht gewesen! Stimmt wieder nicht! Statt der Umsetzung von Junckers 16-Punkteplanes, wurde die Geburt eines neuen Punktes \u00fcberall medientr\u00e4chtig gefeiert. Was er, \u00e4hnlich der 16 Geschwister beinhalte, wurde \u00fcblicherweise nirgends abgehandelt. Der zus\u00e4tzliche Top ist bestimmt so geheim, dass auch in Br\u00fcssel niemand dahinter stieg, um was es da eigentlich ging. War mir schon klar, wenn es bereits 16 Totgeburten gab, kann man den Nachk\u00f6mmling getrost als Statistik oder allesamt auch unter Ulk verbuchen&#8230;<br \/>\nAber welch herrlicher Stern ging gestern noch \u00fcber dem hundeverschissenen Bundeshauptdorf auf?<br \/>\n<a title=\"Die FAZ bemerkte\" href=\"http:\/\/www.faz.net\/agenturmeldungen\/dpa\/altmaier-bruesseler-fluechtlingstreffen-wichtiger-schritt-13876911.html\">Die FAZ bemerkte<\/a> es und titelte prompt, allerdings sehr banal: <b>Altmaier: Br\u00fcsseler Fl\u00fcchtlingstreffen \u00abwichtiger Schritt\u00bb <\/b><br \/>\nHatten denn die Boten aus dem Hause des <i>Bundesminister f\u00fcr besondere Aufgaben und Chef des Bundeskanzleramtes und Fl\u00fcchtlingskoordinator der Bundeskanzlerin usw., <\/i>nicht die Gesamtheit der holden Worte ihres Scheffchens im Universum verk\u00fcndet?<br \/>\nWie ich gut unterrichteten Kreisen erfuhr, lautete der bedeutsame Satz von Peter \u201eNeil\u201c Altmaier: <b>That&#8217;s one small step for a man, one giant leap for refugees!<\/b><\/p>\n<p>Als ich vorhin den Artikel suchte und Bilder vom Flu<i>ch<\/i>hafen Tempelhof, fand ich bei SIEGELonline den folgenden Artikel: <i><a title=\"Umweltminister Altmaier: &quot;Ich gehe seit 54 Jahren allein durchs Leben&quot; \" href=\"http:\/\/www.spiegel.de\/forum\/politik\/umweltminister-altmaier-ich-gehe-seit-54-jahren-allein-durchs-leben-thread-68880-8.html\">Umweltminister Altmaier: &#8220;Ich gehe seit 54 Jahren allein durchs Leben&#8221;<\/a> <\/i>Wie soll ein Einzelg\u00e4nger soviel Phantasie f\u00fcr tausende von Fl\u00fcchtlingen aufbringen? Jemand, f\u00fcr den eigentlich als Unterkunft eine etwas gr\u00f6\u00dfere Besenkammer gen\u00fcgt&#8230;<br \/>\n<b>(<\/b><i>Das man darin auch noch lustvolle Erlebnisse haben kann, belegte vor Jahren das <a title=\"BOBBELE.\" href=\"http:\/\/www.focus.de\/kultur\/buecher\/sex-in-der-besenkammer-boris-becker-ueber-seine-tochter-eine-horror-nachricht_aid_1114925.html\">BOBBELE.<\/a> Der anschlie\u00dfend mit der Legende hausieren ging, das ihm Angela <\/i><i><b>E.! <\/b><\/i><i>dort lediglich einen geschnattert hatte &#8211; da ward jenes Produkt einer sinnlos verbrachten Tanzpause bereits geboren und dieses arme Kind sieht ihm wie aus dem Gesicht geschnitten aus&#8230;<\/i><b>) <\/b><\/p>\n<p>Irgendwo existiert im <a title=\"TAGESSPIEGEL\" href=\"http:\/\/www.tagesspiegel.de\/berlin\/fluechtlinge-im-flughafen-tempelhof-eine-zeltstadt-im-hangar\/12500910.html\">TAGESSPIEGEL<\/a> eine Rubrik: <b>Aktuelle Berlin-Videos&#8230;Top Videos<\/b>, dort tritt sogar eine total ver\u00e4nderte Uschi v. d. Leyen auf. Respektlos ist diese Zeitung auf die Reklame-Knete geil, vorher laufen <i>hippe<\/i> Werbeclips, dann folgt die <i>traurige<\/i> Fl\u00fcchtlingsproblematik.<br \/>\nBeim Vijo fiel mir eine Begebenheit ein, die mehrere Jahre zur\u00fcckliegt. Ich besuchte damals das KZ Dachau, dort hatten sie einen Barackenteil entsprechend wieder hergerichtet u.a. einen Trakt, wo H\u00e4ftlinge zum Pennen eingepfercht wurden, mit mehretagischen Liegeebenen <i>neu m\u00f6bliert<\/i>.<br \/>\nO-Ton einer sehr lustigen Sch\u00fclergruppe ohne Le<i>e<\/i>rk\u00f6rper, zur neugestalteten Inneneinrichtung &#8211; \u201eSo schlecht haben die es doch gar nicht gehabt\u201c, \u201eoh, das sieht ja aus wie von IKEA&#8230;\u201c<\/p>\n","protected":false},"excerpt":{"rendered":"<p>Nebenbei scheint er in den Augen von Massen hiesiger Eingeborenen auch noch den Posten eines gehandikapten\u00a0Komikers \u00fcbernommen zuhaben. Dabei f\u00e4llt mir ein, weshalb wurde in heutigen Staatsformen eigentlich schon lange auf den Posten eines Hofnarren verzichtet? Ich meine, es g\u00e4be sicher einige Aspiranten auch auf UNSERER Regierungsebene &#8211; stimmt nicht! Denn selbige Entertainer waren bekanntlich [&hellip;]<\/p>\n","protected":false},"author":6,"featured_media":0,"comment_status":"open","ping_status":"open","sticky":false,"template":"","format":"standard","meta":{"footnotes":""},"categories":[1],"tags":[],"class_list":["post-27246","post","type-post","status-publish","format-standard","hentry","category-allgemeines"],"_links":{"self":[{"href":"https:\/\/zonenklaus.de\/wordpress\/index.php?rest_route=\/wp\/v2\/posts\/27246","targetHints":{"allow":["GET"]}}],"collection":[{"href":"https:\/\/zonenklaus.de\/wordpress\/index.php?rest_route=\/wp\/v2\/posts"}],"about":[{"href":"https:\/\/zonenklaus.de\/wordpress\/index.php?rest_route=\/wp\/v2\/types\/post"}],"author":[{"embeddable":true,"href":"https:\/\/zonenklaus.de\/wordpress\/index.php?rest_route=\/wp\/v2\/users\/6"}],"replies":[{"embeddable":true,"href":"https:\/\/zonenklaus.de\/wordpress\/index.php?rest_route=%2Fwp%2Fv2%2Fcomments&post=27246"}],"version-history":[{"count":3,"href":"https:\/\/zonenklaus.de\/wordpress\/index.php?rest_route=\/wp\/v2\/posts\/27246\/revisions"}],"predecessor-version":[{"id":27252,"href":"https:\/\/zonenklaus.de\/wordpress\/index.php?rest_route=\/wp\/v2\/posts\/27246\/revisions\/27252"}],"wp:attachment":[{"href":"https:\/\/zonenklaus.de\/wordpress\/index.php?rest_route=%2Fwp%2Fv2%2Fmedia&parent=27246"}],"wp:term":[{"taxonomy":"category","embeddable":true,"href":"https:\/\/zonenklaus.de\/wordpress\/index.php?rest_route=%2Fwp%2Fv2%2Fcategories&post=27246"},{"taxonomy":"post_tag","embeddable":true,"href":"https:\/\/zonenklaus.de\/wordpress\/index.php?rest_route=%2Fwp%2Fv2%2Ftags&post=27246"}],"curies":[{"name":"wp","href":"https:\/\/api.w.org\/{rel}","templated":true}]}}