{"id":27256,"date":"2015-10-29T20:56:23","date_gmt":"2015-10-29T19:56:23","guid":{"rendered":"http:\/\/zonenklaus.de\/wordpress\/?p=27256"},"modified":"2017-04-23T15:37:08","modified_gmt":"2017-04-23T14:37:08","slug":"die-stoffmarkt-holland-saison-laeuft-und-laeuft","status":"publish","type":"post","link":"https:\/\/zonenklaus.de\/wordpress\/?p=27256","title":{"rendered":"Die Stoffmarkt Holland-Saison l\u00e4uft und l\u00e4uft"},"content":{"rendered":"<p>Sonntag, 01.11.2015 von 11.00 bis 16.00 Uhr in Potsdam,<br \/>\n<a title=\"Neuer Lustgarten - Lange Br\u00fccke\" href=\"http:\/\/www.stoffmarktholland.de\/termine\/\">Neuer Lustgarten &#8211; Lange Br\u00fccke<\/a><br \/>\nMuss zur Schneiderei noch etwas ablassen!<br \/>\nEs betrifft die Reparatur einer ollen <b>Veritas<\/b><b>&#8211;<\/b><b>Maschine aus Wittenberger Produktion<\/b>, die mehrere Jahre nur herumstand. Kurz angeschaut und eine leichte Verharzung an den beweglichen Teilen diagnostiziert. War ganz sch\u00f6n schwierig den alten Dreck zu entfernen, da mir schon l\u00e4nger der letzte Vorrat an <a title=\"Trichlor\" href=\"http:\/\/www.express.de\/gesundheit\/trichlorethylen-entdeckt--das-gift--das-parkinson-ausloest,2490,11152972.html\">Trichlor<\/a> ausgegangen war &#8211; bekanntlich ein Schei\u00dfzeug, aber als Fettl\u00f6ser unverw\u00fcstlich. <b>(<\/b><i>1971 hatte ich im <a title=\"Mifa-Werk\" href=\"https:\/\/de.wikipedia.org\/wiki\/MIFA_Mitteldeutsche_Fahrradwerke\">Mifa-Werk<\/a> in der Tri-K\u00fcche gejobbt, dort wurde mit 80 Grad hei\u00dfem Tri das Hartfett der geschnittenen Rahmenrohre abgekocht und alles geschah in einem sehr schlecht gel\u00fcfteten R\u00e4umchen. Ein paar Jahre sp\u00e4ter manschten wir in der ber\u00fchmten Firma <a title=\"\u201eSonnenschein\u201c \" href=\"http:\/\/www.spiegel.de\/spiegel\/print\/d-13515434.html\">\u201eSonnenschein\u201c<\/a> auch noch mit dem Zeug herum&#8230;<\/i>)<br \/>\nAlles wurde mit entsprechendem \u00d6l versehen, die Maschine \u00e4u\u00dferlich noch poliert und die M\u00f6hre summte anschlie\u00dfend wieder, wie eine Hummel. Dann musste ich beim beim Einf\u00e4deln feststellen, es fehlte das Schr\u00e4ubchen f\u00fcr die Spannfeder der Spulenkapsel &#8211; Bullshit!<br \/>\nSch\u00fcttelte die M\u00f6hre, stauchte sie auf dem Tisch mehrfach heftig auf, das winzige Biest fiel nirgendwo heraus.<br \/>\nAlso im Netz Telefonnummern herausgesucht. Nirgendwo ging anschlie\u00dfend jemand ans Rohr, nur bei <i>Singer <\/i>am Leopoldplatz ert\u00f6nte ewig ein Besetztzeichen.<br \/>\nIn meheren Reparaturfirmen erreichte ich nur die Ehefrauen und die gaben alle an, dass sie eins viel hatten, n\u00e4mlich keine Ahnung! Hinterlie\u00df meine Teflon-Nummer und bat um R\u00fcckruf &#8211; bei <i>Singer<\/i> immer noch das bekannte Tuten&#8230;<br \/>\nW\u00e4hrenddessen hatte ich Netz herausgefunden, wo es Spulenkapsel gab &#8211; Minimum 30 Euronen, nirgends war besagtes Schr\u00e4ubchen zu ergattern. Nach zwei Stunden meldete sich ein Typ aus Neuk\u00f6lln, er k\u00f6nne mir zwar nicht sofort helfen, weil er auch bestellen m\u00fcsste. Bekam von ihm aber die Nummer vom Berliner Crack aus dem Prenzelgebirge &#8211; gleiches Spiel, nur die ahnungslose Gattin am anderen Ende. 30 Minuten sp\u00e4ter klingelte er mich an. Bla, bla, bla, dann die Frage nach dem Winzteil, seine Stimme hob merklich an, ob ich mir vorstellen k\u00f6nnte, was er f\u00fcr eine Lagerkapazit\u00e4t haben m\u00fcsste, wenn jeder so ank\u00e4me. Allerdings d\u00fcrfte ich mir sofort, f\u00fcr den Sonderpreis von 35 Euro, eine nagelneue Kapsel holen. \u201eSag mal Scheff, du willst mich aber nicht verschei\u00dfern? Von wegen Lagerkapazit\u00e4t, ist deine Firma eine Puppenstube? Scheff, von den Schr\u00e4ubchen passen \u00fcber 1000 St\u00fcck in eine Streichholzschachtel! Danke und tsch\u00fcss.\u201c<br \/>\nDanach endlich die Verbindung zur Firma am Leopoldplatz, ich schilderte mein Begehren und eine freundlich Frauenstimme entgegnete nur: \u201eBringen sie bitte ihre Spulenkapsel mit, wir werden so ein Schr\u00e4ubchen mit gro\u00dfer Sicherheit finden. Sie m\u00fcssten aber bereit sein, f\u00fcr unsere Aufwendung mindestens einen Euro zuzahlen!\u201c<br \/>\nDa blieb mir wohl nicht anderes \u00fcbrig und in dieser Hitze nach dem Wedding zu peesen.<br \/>\nDa fiel urpl\u00f6tzlich mein alter <a title=\"Reparaturnick\" href=\"http:\/\/www.fontana-naehmaschinen.de\/14302.html\">Reparaturnick<\/a> in der <a title=\"Johann-Georg-Strasse\" href=\"https:\/\/www.flickr.com\/photos\/zonenklaus\/18750805651\/in\/album-72157634131264839\/\">Johann-Georg-Strasse<\/a> ein. Der Scheff ist zwar anfangs immer ein bisschen brummig, hat aber b\u00e4renm\u00e4\u00dfige Ahnung, bei ihm hatte ich mir f\u00fcr meine alte <a title=\"Pfaff-Schrankmaschine\" href=\"https:\/\/www.flickr.com\/photos\/zonenklaus\/18748492035\/in\/album-72157634131264839\/\">Pfaff-Schrankmaschine<\/a> schon \u00f6fters Ersatzteile besorgt. Sofort dort angerufen und es erfolgte der gleiche Spruch wie vor einigen Minuten &#8211; rauf aufs Radel, 50 Cent gel\u00f6hnt und retour.<br \/>\nAlles wurde getestet, s\u00e4mtliche Zierstiche funktionierten einwandfrei, allerdings ist auch diese Maschine nicht das Nonplusultra, \u00e4hnlich <a title=\"der meinigen\" href=\"https:\/\/www.flickr.com\/photos\/zonenklaus\/18127816123\/in\/album-72157634131264839\/\">der meinigen<\/a>! Wenn man solche riesigen Pfoten hat, bereitet es wahnsinnige Schwierigkeiten die Spule unten rein zu fummeln, au\u00dferdem ist die Druckeinstellung des N\u00e4hfu\u00dfes vollkommen bl\u00f6dsinnig geregelt. Daf\u00fcr muss seitlich erst ein St\u00fcck Verkleidung entfernt werden. Bei meiner Maschine kann man zwar die Druckeinstellung und die Spule sehr einfach h\u00e4ndeln, allerdings sind Stichl\u00e4ngen und deren Ver\u00e4nderungen recht kompliziert einzustellen. F\u00fcr andere Zierstiche m\u00fcssen zudem Einstellr\u00e4der ausgetauscht werden und das Teil hat das Gewicht eines kleinen Panzers, was f\u00fcr mich allerdings kein Problem darstellt.<br \/>\nAber jetzt kommt es!<br \/>\nNiemals vorher hatte ich jemals solch eine geile <a href=\"http:\/\/zonenklaus.de\/wordpress\/wp-content\/uploads\/2015\/10\/Veritas.pdf\">Gebrauchsanweisung<\/a> f\u00fcr Haushaltmaschinen vor meinen Augen gehabt.<br \/>\nDa hatten sich die Wittenberger aber m\u00e4chtig gewaltig etwas einfallen lassen!!!<br \/>\nIn diesem Begleitheftchen befindet sich das kleine Einmaleins der beginnenden hohen N\u00e4hschule drin &#8211; ganz kurz und b\u00fcndig, es wurde auch nichts vergessen!<br \/>\nZu manchen technischen Details der eigentlichen N\u00e4herei wurde ich immer mal wieder gel\u00f6chert, nun kann ich auf die gigantischen Aufzeichnungen verweisen!<br \/>\nH\u00e4tte fast eine Winzigkeit vergessen! Als ich zum Schluss das <a title=\"dazugeh\u00f6rige\" href=\"https:\/\/www.flickr.com\/photos\/zonenklaus\/18722188616\/in\/album-72157634131264839\/\">dazugeh\u00f6rige<\/a> <a title=\"Equipment \" href=\"https:\/\/www.flickr.com\/photos\/zonenklaus\/18722142246\/in\/album-72157634131264839\/\">Equipment <\/a>in der Maschine verstauen wollte, lag pl\u00f6tzlich das urspr\u00fcngliche Schr\u00e4ubchen einsam im Unterteil herum&#8230;<\/p>\n<p><b>Fu\u00dfnote<\/b> zu meiner Maschine.<br \/>\nAn dem Sonntag, als ich mir gegen 13 Uhr, die Maschine abholte, handelt ich mir anschlie\u00dfend bei der Scheffin m\u00e4chtigen \u00c4rger ein, denn wir wollte noch am letzten Tag in eine Ausstellung.<br \/>\nAm selben Tag, gegen 22 Uhr, lief das Teil dann wieder wie eine Hanne.<br \/>\nDie beiden Jungs, von denen die Maschine stammte, hatten sich ein wesentlich leichteres Superteil, f\u00fcr fast 1000 Euronen zugelegt. Dabei h\u00e4tte die total versiffte alte Maschine lediglich mal richtig gereinigt werden m\u00fcssen, daf\u00fcr hatten sie aber nur zwei linke H\u00e4nde mit der entsprechenden Anzahl von Daumen. Statt mal 100 Glocken f\u00fcr eine Durchsicht ans Bein zu binden, wurde heftigst gesoffen, dadurch kannte ich beide seit Mitte der 1980er.<br \/>\nDer Scheff, von Beruf Schneider, hatte mit dem Handwerk nicht mehr viel am Hut, verdingte sich stattdessen, beim Staatsschutz, als Knecht f\u00fcr den Transport von Akten. Sein Schmusi <b>(<\/b><i>Er nebenher ein Sch\u00f6ngeist, was Kunst und Kultur betrafen. Deshalb unterhielt ich mich sehr gern mit ihm \u00fcber jene Themen. Denn in den zwei Kiezkneipen, wo sich unsre Wege oft kreuzten, waren solche Gespr\u00e4chspartner immer sehr d\u00fcnn ges\u00e4t. Daf\u00fcr hingen dort zuhauf dummschw\u00e4tzende Gutmenschen und Linxwixer herum&#8230;<\/i><b>)<\/b>, lernte aber von ihm die N\u00e4herei und stellte jahrzehntelang gigantische Abendroben f\u00fcr Frauen her.<br \/>\n<b>&#8211; <\/b>Die neue Maschine ging kurz hintereinander zweimal richtig im Arsch, war deshalb anschlie\u00dfend Wochenlang in Reparatur. Erst beim dritten Crash unternahmen sie etwas und wenn ich mich richtig erinnere, gab es dann eine neues Teil.<br \/>\nIrgendwann unterhielt ich mich mit einer G\u00e4stin in der Kneipe \u00fcber Schneiderei, dabei kam heraus, dass die Herren eigentlich ihre Dauerleihgabe an mich verschenkt hatten. Erst ging sie leicht an die Decke, meinte aber dann, na ja, wenigstens ist sie auch wieder in guten H\u00e4nden&#8230;<\/p>\n","protected":false},"excerpt":{"rendered":"<p>Sonntag, 01.11.2015 von 11.00 bis 16.00 Uhr in Potsdam, Neuer Lustgarten &#8211; Lange Br\u00fccke Muss zur Schneiderei noch etwas ablassen! Es betrifft die Reparatur einer ollen Veritas&#8211;Maschine aus Wittenberger Produktion, die mehrere Jahre nur herumstand. Kurz angeschaut und eine leichte Verharzung an den beweglichen Teilen diagnostiziert. War ganz sch\u00f6n schwierig den alten Dreck zu entfernen, [&hellip;]<\/p>\n","protected":false},"author":6,"featured_media":0,"comment_status":"open","ping_status":"open","sticky":false,"template":"","format":"standard","meta":{"footnotes":""},"categories":[26],"tags":[],"class_list":["post-27256","post","type-post","status-publish","format-standard","hentry","category-schneidern"],"_links":{"self":[{"href":"https:\/\/zonenklaus.de\/wordpress\/index.php?rest_route=\/wp\/v2\/posts\/27256","targetHints":{"allow":["GET"]}}],"collection":[{"href":"https:\/\/zonenklaus.de\/wordpress\/index.php?rest_route=\/wp\/v2\/posts"}],"about":[{"href":"https:\/\/zonenklaus.de\/wordpress\/index.php?rest_route=\/wp\/v2\/types\/post"}],"author":[{"embeddable":true,"href":"https:\/\/zonenklaus.de\/wordpress\/index.php?rest_route=\/wp\/v2\/users\/6"}],"replies":[{"embeddable":true,"href":"https:\/\/zonenklaus.de\/wordpress\/index.php?rest_route=%2Fwp%2Fv2%2Fcomments&post=27256"}],"version-history":[{"count":6,"href":"https:\/\/zonenklaus.de\/wordpress\/index.php?rest_route=\/wp\/v2\/posts\/27256\/revisions"}],"predecessor-version":[{"id":29643,"href":"https:\/\/zonenklaus.de\/wordpress\/index.php?rest_route=\/wp\/v2\/posts\/27256\/revisions\/29643"}],"wp:attachment":[{"href":"https:\/\/zonenklaus.de\/wordpress\/index.php?rest_route=%2Fwp%2Fv2%2Fmedia&parent=27256"}],"wp:term":[{"taxonomy":"category","embeddable":true,"href":"https:\/\/zonenklaus.de\/wordpress\/index.php?rest_route=%2Fwp%2Fv2%2Fcategories&post=27256"},{"taxonomy":"post_tag","embeddable":true,"href":"https:\/\/zonenklaus.de\/wordpress\/index.php?rest_route=%2Fwp%2Fv2%2Ftags&post=27256"}],"curies":[{"name":"wp","href":"https:\/\/api.w.org\/{rel}","templated":true}]}}