{"id":27652,"date":"2016-01-04T22:38:46","date_gmt":"2016-01-04T21:38:46","guid":{"rendered":"http:\/\/zonenklaus.de\/wordpress\/?p=27652"},"modified":"2016-01-29T11:37:32","modified_gmt":"2016-01-29T10:37:32","slug":"eu-aufsicht-droht-ist-polen-noch-ein-rechtsstaat","status":"publish","type":"post","link":"https:\/\/zonenklaus.de\/wordpress\/?p=27652","title":{"rendered":"EU-Aufsicht droht: Ist Polen noch ein Rechtsstaat?"},"content":{"rendered":"<p>Hinter der <a title=\"Drohung\" href=\"http:\/\/web.de\/magazine\/politik\/eu-aufsicht-droht-polen-rechtsstaat-31251316\">Drohung<\/a> steckt schon wieder m\u00e4chtige Power, deshalb h\u00e4ngt hinten auch ein Fragezeichen dran!<br \/>\nWie soll man jene <em>Frage<\/em> eigentlich interpretieren, mich irritiert die Wortzusammensetzung nicht erst seit heute! Schlie\u00dflich wird in diesem unserem Lande auch sehr oft \u00fcber den <i>Rechts<\/i>staat schwadroniert.<br \/>\nMeine damit den ersten Teil jenes Doppelwortes: das Substantiv \u201eRecht\u201c oder soll es sich um eine substantiviertes Ortsadverb handeln, wobei \u201erechts\u201c auf eine \u00d6rtlichkeit hinweist, in dem Fall auf eine politischen Grundeinstellung.<br \/>\nWas Polen betrifft, habe ich momentan keine tiefsch\u00fcrfenden Erkenntnisse von deren Seite. Werde deshalb versuchen, mal wieder <a title=\"Steffen M\u00f6ller\" href=\"http:\/\/www.steffen.pl\/index.php\">Steffen M\u00f6ller<\/a> zu kontaktieren, denn er hat Polen von der Pike auf kennengelernt und versteht deren Mentalit\u00e4t. Der war f\u00fcr mich immer die einzige ernstzunehmende Pers\u00f6nlichkeit, wenn es um neuzeitliche Beziehungen zwischen beiden Staaten ging, sei es in Kabarettveranstaltungen oder in seinen Publikationen&#8230;<br \/>\nWas nun UNSERE Nation betrifft und die Begriffserkl\u00e4rung des entsprechenden Wortes, mit dem ewig kokettiert wird, unterliegt f\u00fcr mich \u201eRecht\u201c schon lange Zeit einem zwar schleichenden aber stetigen Schrumpfungsprozess. In dem Zusammenhang empfinde ich das Abdriften nach \u201erechts\u201c allerdings umgekehrt proportional.<br \/>\nHerrgott hilf!<br \/>\nWie soll man nun mit dem Wortstamm umgehen?<br \/>\nScheinbar liegt wiedermal alles im Sinne des Betrachters&#8230;<\/p>\n","protected":false},"excerpt":{"rendered":"<p>Hinter der Drohung steckt schon wieder m\u00e4chtige Power, deshalb h\u00e4ngt hinten auch ein Fragezeichen dran! Wie soll man jene Frage eigentlich interpretieren, mich irritiert die Wortzusammensetzung nicht erst seit heute! Schlie\u00dflich wird in diesem unserem Lande auch sehr oft \u00fcber den Rechtsstaat schwadroniert. Meine damit den ersten Teil jenes Doppelwortes: das Substantiv \u201eRecht\u201c oder soll [&hellip;]<\/p>\n","protected":false},"author":6,"featured_media":0,"comment_status":"open","ping_status":"open","sticky":false,"template":"","format":"standard","meta":{"footnotes":""},"categories":[1],"tags":[],"class_list":["post-27652","post","type-post","status-publish","format-standard","hentry","category-allgemeines"],"_links":{"self":[{"href":"https:\/\/zonenklaus.de\/wordpress\/index.php?rest_route=\/wp\/v2\/posts\/27652","targetHints":{"allow":["GET"]}}],"collection":[{"href":"https:\/\/zonenklaus.de\/wordpress\/index.php?rest_route=\/wp\/v2\/posts"}],"about":[{"href":"https:\/\/zonenklaus.de\/wordpress\/index.php?rest_route=\/wp\/v2\/types\/post"}],"author":[{"embeddable":true,"href":"https:\/\/zonenklaus.de\/wordpress\/index.php?rest_route=\/wp\/v2\/users\/6"}],"replies":[{"embeddable":true,"href":"https:\/\/zonenklaus.de\/wordpress\/index.php?rest_route=%2Fwp%2Fv2%2Fcomments&post=27652"}],"version-history":[{"count":2,"href":"https:\/\/zonenklaus.de\/wordpress\/index.php?rest_route=\/wp\/v2\/posts\/27652\/revisions"}],"predecessor-version":[{"id":27774,"href":"https:\/\/zonenklaus.de\/wordpress\/index.php?rest_route=\/wp\/v2\/posts\/27652\/revisions\/27774"}],"wp:attachment":[{"href":"https:\/\/zonenklaus.de\/wordpress\/index.php?rest_route=%2Fwp%2Fv2%2Fmedia&parent=27652"}],"wp:term":[{"taxonomy":"category","embeddable":true,"href":"https:\/\/zonenklaus.de\/wordpress\/index.php?rest_route=%2Fwp%2Fv2%2Fcategories&post=27652"},{"taxonomy":"post_tag","embeddable":true,"href":"https:\/\/zonenklaus.de\/wordpress\/index.php?rest_route=%2Fwp%2Fv2%2Ftags&post=27652"}],"curies":[{"name":"wp","href":"https:\/\/api.w.org\/{rel}","templated":true}]}}