{"id":27673,"date":"2016-01-07T22:09:23","date_gmt":"2016-01-07T21:09:23","guid":{"rendered":"http:\/\/zonenklaus.de\/wordpress\/?p=27673"},"modified":"2016-01-08T03:54:51","modified_gmt":"2016-01-08T02:54:51","slug":"uebergriffe-in-koeln-in-der-masse-geht-die-kontrolle-verloren-koelle-alaaf","status":"publish","type":"post","link":"https:\/\/zonenklaus.de\/wordpress\/?p=27673","title":{"rendered":"\u00dcbergriffe in K\u00f6ln: In der Masse geht die Kontrolle verloren &#8211; K\u00f6lle alaaf!"},"content":{"rendered":"<p>Um f\u00fcr <a title=\"gruppendynamische Verhaltensmuste\" href=\"http:\/\/www.gmx.net\/magazine\/panorama\/uebergriffe-koeln-silvester\/uebergriffe-koeln-masse-kontrolle-verloren-31257090\">gruppendynamische Verhaltensmuste<\/a>r, nach und w\u00e4hrend x-beliebiger Zusammenk\u00fcnfte, anschlie\u00dfend Erkl\u00e4rungen zu suchen und sich wilden Spekulationen hinzugeben, da muss man nicht unbedingt <i>stupidierter Sozialp\u00fccholoche<\/i> sein. Letztlich laufen verhei\u00dfungsvolle Events ewig nach einem gleichen Schema ab, genauso wie jene Massenansammlungen die letztlich vollkommen destruktiv enden.<br \/>\n<i>Nach den \u00dcbergriffen in der Silvesternacht in K\u00f6ln fragen sich viele Menschen erschrocken, wie es zu den schrecklichen Taten kommen konnte. <\/i>Meister Wagner erkl\u00e4rt die Angelegenheit in leicht verst\u00e4ndlichem <em>P\u00fccholochen<\/em>-Chinesisch: &#8230;<i>ist in derartigen Situationen h\u00e4ufig ma\u00dfgeblich, dass interne und externe Kontrollmechanismen nicht mehr greifen.<\/i>\u00a0 Was hei\u00dft in derartigen Situationen? <strong>(<\/strong><em>Mensch <del>Meier<\/del><\/em> <em>Wagner, gerade deshalb str\u00f6men die Narren doch so gern in Stadien und zu den Fanmeilen. Du raffst gar nichts!<\/em><strong>) <\/strong>Je mehr Leute dort auftauchen, desto fragiler wird solch Konstrukt jener schw\u00fclstigen Glocke \u00fcber dem Ganzen. Wenn dazu eine verbindende latente Unzufriedenheit vorhanden ist, gepaart mit \u00fcberm\u00e4\u00dfigen Alkoholgenuss, dann gen\u00fcgt irgendein Funke und alles explodiert, wobei sich der dann entwickelnde Selbstlauf auf gewisse Zeit \u00fcberhaupt nicht mehr kanalisieren l\u00e4sst, au\u00dfer durch ganz brutale Gewalt von au\u00dfen. Sammelte dazu seit meiner Halbstarkenzeit eine Menge Erfahrungen, konnte mir deshalb immer Gedanken zu solchen Begebenheiten machen und sehr oft bereits im Vorfeld entsprechende Konsequenzen ziehen. Weil mein Gro\u00dfvater mich schon zu Kindheitstagen entsprechend manipulierte, dass ich gef\u00e4lligst mit offenen Augen und Ohren durch die Weltgeschichte zulaufen h\u00e4tte. Jener Einfluss war letztlich nur der hervorragende Ersatz f\u00fcr eine andere Tragik in meinem Leben&#8230;<br \/>\nNun wieder der E<i>ks<\/i>perte: <i>Der Sozialpsychologe pl\u00e4diert in diesem Zusammenhang f\u00fcr mehr Achtsamkeit und Zivilcourage. &#8220;Wir B\u00fcrger m\u00fcssen lernen, schnell zu reagieren, wenn wir solche \u00dcbergriffe als Dritte beobachten.&#8221;<\/i><br \/>\n<!--more-->Wiedermal typisch Spez<i>j<\/i>alist! Da haben Myriaden von Studenten jahrzehntelang den \u00fcberholten Stuss ihrer Professoren nachgeplappert, um einen erhebenden Diplomabschluss hinzulegen, alles vielleicht verbunden mit dem Erhalt des Eitelkeitsk\u00fcrzels, nun hocken sie in ihren Elfenbeint\u00fcrmchen jenseits von Gut und B\u00f6se und dann kommen zwei solcher S\u00e4tze bei heraus! Bem\u00fche jetzt noch nicht mal WIKI, weil mich seine Sozialisation nicht die Bohne interessiert. Jenes Geschreibsel ist einfach bullshit! Wer in solch einer Silvester-Konsumh\u00f6lle <i>Achtsamkeit und Zivilcourage <\/i>zeigen w\u00fcrde, den muss man f\u00fcr bekloppt erkl\u00e4ren!<br \/>\nLange Zeit sind solche Leute vom Schlage eines Ulrich Wagners<b>(<\/b>?<b>) <\/b>praktische<b> <\/b>Wegbereiter f\u00fcr den Verfall moralischer Werte gewesen und immer noch halten sie politisch korrekt ihre vollkommen unbrauchbare Tip bereit.<br \/>\nNun steckt die Karre soweit im Dreck, dass mehrere Generationen n\u00f6tig sind, damit gewisse Sekund\u00e4rtugenden eventuell wieder zum Tragen kommen k\u00f6nnen.<br \/>\nWenn SP Ulli Wagner hier den <a title=\"pluralis majestatis\" href=\"https:\/\/de.wikipedia.org\/wiki\/Pluralis_Majestatis\"><i>pluralis majestatis<\/i><\/a> benutzte, w\u00fcrde ich ihm sogar Recht geben! <span style=\"font-family: Times New Roman,serif;\"><b>\u2192<\/b><\/span><i><b>Wir<\/b><\/i><i> B\u00fcrger m\u00fcssen lernen, schnell zu reagieren, wenn wir solche \u00dcbergriffe als Dritte beobachten. <\/i>Dann k\u00f6nnte er n\u00e4mlich f\u00fcr ein Umdenken unter der Studentenschaft und in den uns\u00e4glichen Talkshows sorgen! Nicht erst wieder warten bis das Kind im Brunnen liegt, sondern rechtzeitig den Finger aus dem Arsch ziehen! Die k\u00fcnftige Devise muss n\u00e4mlich sofort lauten: <b>Wehret den Anf\u00e4ngen!<\/b><\/p>\n<p>\u00dcbergriffe an Silvester in K\u00f6ln: <a title=\"Mutti k\u00fcndigt Konsequenzen an!\" href=\"http:\/\/www.gmx.net\/magazine\/panorama\/uebergriffe-koeln-silvester\/uebergriffe-silvester-koeln-angela-merkel-kuendigt-konsequenzen-31260506\">Mutti k\u00fcndigt Konsequenzen an!<\/a> Wie lange soll es eigentlich noch bei den <i>Ank\u00fcndigungen<\/i> bleiben?<\/p>\n<p><a title=\"&quot;Pers\u00f6nlich unertr\u00e4glich&quot;\" href=\"http:\/\/www.gmx.net\/magazine\/panorama\/uebergriffe-koeln-silvester\/persoenlich-unertraeglich-merkel-gewalt-koeln-31260932\">&#8220;Pers\u00f6nlich unertr\u00e4glich&#8221;<\/a> &#8211; Das \u00e4u\u00dfert eine Frau Kanzlerin, die kreuz und quer im Tross von mehreren City-Panzern durch die Botanik kurvt und ansonsten auftaucht in permanenter Umzingelung von 5 bis 6 Bodyguards&#8230;<\/p>\n<p><i><a title=\"Terrorgefahr an Silvester:\" href=\"http:\/\/www.gmx.net\/magazine\/politik\/Kampf-Islamischer-Staat-IS\/terrorgefahr-silvester-is-plante-offenbar-anschlaege-europa-31259330\">Terrorgefahr an Silvester:<\/a> IS plante offenbar sechs Anschl\u00e4ge in Europa<\/i> &#8211; Selbige Meldung besitzt die Wertigkeit wie jene: <i>IS plante offenbar in Shanghai sechs Reiss\u00e4cke umzukippen! <\/i><\/p>\n<p><strong>Als Fu\u00dfnote mal etwas positives!<\/strong><br \/>\n<a href=\"http:\/\/zonenklaus.de\/wordpress\/wp-content\/uploads\/2016\/01\/BZ.jpg\"><img loading=\"lazy\" decoding=\"async\" class=\"alignleft size-thumbnail wp-image-27675\" src=\"http:\/\/zonenklaus.de\/wordpress\/wp-content\/uploads\/2016\/01\/BZ-114x150.jpg\" alt=\"BZ\" width=\"114\" height=\"150\" srcset=\"https:\/\/zonenklaus.de\/wordpress\/wp-content\/uploads\/2016\/01\/BZ-114x150.jpg 114w, https:\/\/zonenklaus.de\/wordpress\/wp-content\/uploads\/2016\/01\/BZ-229x300.jpg 229w, https:\/\/zonenklaus.de\/wordpress\/wp-content\/uploads\/2016\/01\/BZ.jpg 312w\" sizes=\"auto, (max-width: 114px) 100vw, 114px\" \/><\/a>Gestern sah das populistische BZ-Titelblatt noch so aus und heute fand dort den folgenden Artikel: <i><a title=\"Gewalt gegen Frauen Frage der inneren Sicherheit\" href=\"http:\/\/www.bz-berlin.de\/berlin\/ramona-pop-gewalt-gegen-frauen-frage-der-inneren-sicherheit\">Gewalt gegen Frauen Frage der inneren Sicherheit<\/a>,<\/i> von Ramona Pop. H\u00e4tte ihr solchen Text nie zugetraut &#8211; er stammt sicher auch aus den Tasten eines gelernten Redenschreibers&#8230;<br \/>\nZumindest ist er f\u00fcr mich die erste Niederschrift in einer bundesdeutschen Zeitschrift, der alles auf den Punkt bringt und dies in einer Springerpostille!<\/p>\n","protected":false},"excerpt":{"rendered":"<p>Um f\u00fcr gruppendynamische Verhaltensmuster, nach und w\u00e4hrend x-beliebiger Zusammenk\u00fcnfte, anschlie\u00dfend Erkl\u00e4rungen zu suchen und sich wilden Spekulationen hinzugeben, da muss man nicht unbedingt stupidierter Sozialp\u00fccholoche sein. Letztlich laufen verhei\u00dfungsvolle Events ewig nach einem gleichen Schema ab, genauso wie jene Massenansammlungen die letztlich vollkommen destruktiv enden. Nach den \u00dcbergriffen in der Silvesternacht in K\u00f6ln fragen sich [&hellip;]<\/p>\n","protected":false},"author":6,"featured_media":0,"comment_status":"open","ping_status":"open","sticky":false,"template":"","format":"standard","meta":{"footnotes":""},"categories":[1],"tags":[],"class_list":["post-27673","post","type-post","status-publish","format-standard","hentry","category-allgemeines"],"_links":{"self":[{"href":"https:\/\/zonenklaus.de\/wordpress\/index.php?rest_route=\/wp\/v2\/posts\/27673","targetHints":{"allow":["GET"]}}],"collection":[{"href":"https:\/\/zonenklaus.de\/wordpress\/index.php?rest_route=\/wp\/v2\/posts"}],"about":[{"href":"https:\/\/zonenklaus.de\/wordpress\/index.php?rest_route=\/wp\/v2\/types\/post"}],"author":[{"embeddable":true,"href":"https:\/\/zonenklaus.de\/wordpress\/index.php?rest_route=\/wp\/v2\/users\/6"}],"replies":[{"embeddable":true,"href":"https:\/\/zonenklaus.de\/wordpress\/index.php?rest_route=%2Fwp%2Fv2%2Fcomments&post=27673"}],"version-history":[{"count":7,"href":"https:\/\/zonenklaus.de\/wordpress\/index.php?rest_route=\/wp\/v2\/posts\/27673\/revisions"}],"predecessor-version":[{"id":27681,"href":"https:\/\/zonenklaus.de\/wordpress\/index.php?rest_route=\/wp\/v2\/posts\/27673\/revisions\/27681"}],"wp:attachment":[{"href":"https:\/\/zonenklaus.de\/wordpress\/index.php?rest_route=%2Fwp%2Fv2%2Fmedia&parent=27673"}],"wp:term":[{"taxonomy":"category","embeddable":true,"href":"https:\/\/zonenklaus.de\/wordpress\/index.php?rest_route=%2Fwp%2Fv2%2Fcategories&post=27673"},{"taxonomy":"post_tag","embeddable":true,"href":"https:\/\/zonenklaus.de\/wordpress\/index.php?rest_route=%2Fwp%2Fv2%2Ftags&post=27673"}],"curies":[{"name":"wp","href":"https:\/\/api.w.org\/{rel}","templated":true}]}}