{"id":27686,"date":"2016-01-09T21:47:42","date_gmt":"2016-01-09T20:47:42","guid":{"rendered":"http:\/\/zonenklaus.de\/wordpress\/?p=27686"},"modified":"2016-01-10T11:42:06","modified_gmt":"2016-01-10T10:42:06","slug":"harald-martenstein-uebergriffe-in-koeln","status":"publish","type":"post","link":"https:\/\/zonenklaus.de\/wordpress\/?p=27686","title":{"rendered":"Harald Martenstein &#8211; \u00dcbergriffe in K\u00f6ln &#8211;"},"content":{"rendered":"<p>Wie <a title=\"Feministinnen und politisch Korrekte Sexualverbrechen \" href=\"http:\/\/www.tagesspiegel.de\/politik\/uebergriffe-in-koeln-wie-feministinnen-und-politisch-korrekte-sexualverbrechen-relativieren\/12811028.html\">Feministinnen und politisch Korrekte Sexualverbrechen <\/a>relativieren<br \/>\nBis zu der Zeile wo es hei\u00dft: <b>Es geht um den Islam<\/b>, gab ich ihm sogar Recht. Dann verwunderte mich, dass er vom Regierungssender Nummer eins, dem ZDF, sprach.<br \/>\nJetzt gibt es aber Kontra mit <a title=\"Matthaeus 7, Vers 1 bis 5\" href=\"http:\/\/www.uibk.ac.at\/theol\/leseraum\/bibel\/mt7.html\"><em>Matthaeus<\/em> 7, Vers 1 bis 5<\/a>!<br \/>\nHatte gerade heute im Caf\u00e9 mit einen Bekannten \u00fcber die uns\u00e4gliche journalistische Quantit\u00e4t seines Br\u00f6tchengebers gesprochen. Hinzu kommt, schon lange existiert in Berlin keine Postille mehr, die man noch vorbehaltlos als lesenswert einstufen k\u00f6nnte&#8230;<br \/>\nErinnere mich an die 1980er Jahre, da gab es einen Tag, da war die Fresse <b>(<\/b><span style=\"font-family: Times New Roman,serif;\"><i>\u00a9<\/i><\/span><span style=\"font-family: Times New Roman,serif;\"><i>Pofalla<\/i><\/span><span style=\"font-family: Times New Roman,serif;\"><b>)<\/b><\/span> von UNS-Diepchen rund 20mal abgebildet. Solche Dreistigkeit hat sich zu meinen Zonenzeiten noch nicht mal das ND mit Onkel <a title=\"WU\" href=\"https:\/\/www.flickr.com\/photos\/zonenklaus\/6329316352\/in\/album-72157627927934481\/\">WU<\/a> oder <a title=\"Honni\" href=\"http:\/\/media1.faz.net\/ppmedia\/aktuell\/2635984200\/1.2934171\/default\/margot-und-erich-honecker.jpg\">Honni<\/a> erlaubt.<br \/>\nHabe mal eine kleine\u00a0<a href=\"http:\/\/zonenklaus.de\/wordpress\/wp-content\/uploads\/2016\/01\/abendschau.\u00e4\u00e4.mp3\">Ton-Collage<\/a> verzapft, weil der Komiker von der hiesigen Provinzfernsehanstalt etwas ungemein witziges ablie\u00df. Der Knabe musste etwas vorlesen, was UNSER aller wichtigste Luxusdirne des Systems anging &#8211; die Pressefreiheit! Gott noch mal, jetzt ziehen DIE Polen mit etwas nach, was hier t\u00e4glicher Normalit\u00e4t entspricht &#8211; dem politisch korrekten Gef\u00e4lligkeitsjournalismus. Bin mir sehr sicher, auch DIE Polen sind lernf\u00e4hig! Man muss solche Geschichten n\u00e4mlich ganz leise mit Seilschaften regeln und nicht auch noch im Parlament <i>demokraturisch<\/i> an die gro\u00dfe Glocke h\u00e4ngen!<br \/>\nNur gut, dass ich wiedermal Aufkl\u00e4rung vom <em>pseudo-paneurop\u00e4ischen<\/em> Lech-Kaczy\u0144ski-Verschnitt erfuhr, da meine ich lediglich die napoleonischen Staturen beider Superpolitiker &#8211; <i><a title=\"Schulz spricht von gelenkter Demokratie nach Putin-Vorbild\" href=\"http:\/\/www.deutschlandfunk.de\/polen-schulz-spricht-von-gelenkter-demokratie-nach-putin.447.de.html?drn:news_id=567637\">Schulz spricht von gelenkter Demokratie nach Putin-Vorbild<\/a>. <\/i>Sprechblasenm\u00e4\u00dfig<i> <\/i>scheint er sich ganz und gar auf Putin eingeschossen zuhaben. Hofft der Br\u00fcsseler <a title=\"St. Martin \" href=\"https:\/\/www.youtube.com\/watch?v=qRupBLu-sXo&amp;index=3&amp;list=PLM16KkPLWVSyrZtAhNz5ZltigIOCHTZ8F\">St. Martin <\/a>etwa, dass es in naher Zukunft den gewendeten Zaren erwischt, vielleicht durch Hilfe eines winzigen Metallbr\u00f6sels mit gro\u00dfer v0, damit in Russland endlich Parlamentarismus <i>westlicher Pr\u00e4gung<\/i> Einzug halten kann? Was allerdings zwangsl\u00e4ufig einer Atomisierung des jetzigen Staatsgef\u00fcges bedeuten w\u00fcrde. Stelle mir gerade vor, wie lang die Schlange von Fl\u00fcchtlingen dann w\u00e4re, bei runden 150 Millionen Einwohnern&#8230;<!--more--><br \/>\nF\u00e4llt mir noch etwas ganz anderes ein. Vielleicht sollte MS ganz einfach mal das Gespr\u00e4ch mit einer polnischen Prostituierten oder einer Putzfrau suchen. Die beiden k\u00f6nnten ihm mit Bestimmtheit mehr \u00fcber die Zerrissenheit ihre Volkes berichten, denn die hatten vorher auch ein Leben!<br \/>\n<span style=\"font-family: Times New Roman,serif;\"><b>{<\/b><\/span><i>Im Gegensatz zu vielen seiner dr\u00f6gen Mitarbeitern und -Innen <\/i><i><b>(<\/b><\/i>Alles ganz wichtige Leute und Leutinnen!<i><b>)<\/b><\/i><i>, die Zeit ihres Lebens nur damit besch\u00e4ftigt waren, sich in die bislang erreichten Positionen schleimend hochzudienern, folglich nicht viel von ihrer Umgebung wahrnahmen. Nun meinen, fast ausgesorgt zuhaben und als E<\/i>ks<i>perten und E<\/i>ks<i>pertinnen ihre <\/i>bedeutsamen<i> Erkenntnisse bei Wikipedia und in den (a)sozialen Netzwerken zusammenklauben&#8230;<\/i><span style=\"font-family: Times New Roman,serif;\"><b>}<\/b><\/span><br \/>\nMich deuch aber, daf\u00fcr br\u00e4chte auch ein Herr Schulz nicht die geringsten Voraussetzungen mit, keinesfalls nur, weil er in seiner Position im flackernden Rampenlicht herumwurstelt und sich deshalb nie traute, mal einen Puff zu besuchen aber auch keine polnische Putze mit praca na czarno besch\u00e4ftigen w\u00fcrde &#8211; solche Leute wie er, sind in der Regel n\u00e4mlich nicht in der Lage zuzuh\u00f6ren. Deshalb nehmen sie bei ihrer Selbstverliebtheit noch nicht mal die Sorgen und N\u00f6te der eigenen Bev\u00f6lkerung wahr&#8230;<br \/>\nVielleicht sollte Genosse Schulz mal die jetzigen Demonstranten, jenseits der Oder, aufkl\u00e4ren, dass ihr Verhalten den tr\u00fcgerischen Versuch darstellt, mit <i>\u00e4gyptischem Demokratieverst\u00e4ndnis<\/i>, eine <a title=\"demokratisch legitimierte Regierung\" href=\"https:\/\/de.wikipedia.org\/wiki\/Parlamentswahl_in_Polen_2015\"><i>demokratisch legitimierte<\/i> Regierung<\/a> zu st\u00fcrzen. Die Polnische Leute sollten sich als gro\u00dfe Fans des <em>American way of life<\/em> auch vor Augen halten, was nun schon fast 250 Jahren im Amiland abgeht! Seit jenen Tagen doktern sie bereits an der Verwirklichung der hehren Worte ihrer Verfassung, dass sie immer noch \u00fcben, da sollte man sich auch durch die Wahl des ersten pigmentierten Pr\u00e4sident herzlich wenig t\u00e4uschen lassen!<br \/>\nWenn die <b>P<\/b>latforma <b>O<\/b>bywatelska lediglich in der Lage war, gerade mal 3.611.474 B\u00fcrger zu animieren, ihre Finger aus dem Arsch zubekommen und mit der dann freien Hand auf dem Waschzettel entsprechende Kreuzchen zu pinseln, da hat sie doch auf ganzer Linie versagt, nicht die andere Seite. Wozu letztlich auch die Wahlbeteiligung von gerade mal 50% ihr Scherflein beitrug.<br \/>\nDa hilft es jetzt auch nichts mehr, wenn sich nun Rudel von verschlafenen Leuten auf den Stra\u00dfen herumtreiben und dazu patriotisch ihren <a title=\"D\u0105browski-Marsch\" href=\"https:\/\/de.wikipedia.org\/wiki\/Mazurek_D%C4%85browskiego\">D\u0105browski-Marsch<\/a> intonieren. \u201eJeszcze Polska nie zgin\u0119\u0142a&#8230; &#8211; mit Gesang allein ist es da nichts getan, auch nicht mit dem Harren auf die Wiedergeburt des polnischer Nationalhelden <a title=\"Jan Henryk D\u0105browski\" href=\"https:\/\/de.wikipedia.org\/wiki\/Jan_Henryk_D%C4%85browski\">Jan Henryk D\u0105browski<\/a>. Der ist sehr lange mausetot und hat au\u00dferdem auch niemals das Wunder der Auferstehung geprobt&#8230;<\/p>\n","protected":false},"excerpt":{"rendered":"<p>Wie Feministinnen und politisch Korrekte Sexualverbrechen relativieren Bis zu der Zeile wo es hei\u00dft: Es geht um den Islam, gab ich ihm sogar Recht. Dann verwunderte mich, dass er vom Regierungssender Nummer eins, dem ZDF, sprach. Jetzt gibt es aber Kontra mit Matthaeus 7, Vers 1 bis 5! Hatte gerade heute im Caf\u00e9 mit einen [&hellip;]<\/p>\n","protected":false},"author":6,"featured_media":0,"comment_status":"open","ping_status":"open","sticky":false,"template":"","format":"standard","meta":{"footnotes":""},"categories":[1],"tags":[],"class_list":["post-27686","post","type-post","status-publish","format-standard","hentry","category-allgemeines"],"_links":{"self":[{"href":"https:\/\/zonenklaus.de\/wordpress\/index.php?rest_route=\/wp\/v2\/posts\/27686","targetHints":{"allow":["GET"]}}],"collection":[{"href":"https:\/\/zonenklaus.de\/wordpress\/index.php?rest_route=\/wp\/v2\/posts"}],"about":[{"href":"https:\/\/zonenklaus.de\/wordpress\/index.php?rest_route=\/wp\/v2\/types\/post"}],"author":[{"embeddable":true,"href":"https:\/\/zonenklaus.de\/wordpress\/index.php?rest_route=\/wp\/v2\/users\/6"}],"replies":[{"embeddable":true,"href":"https:\/\/zonenklaus.de\/wordpress\/index.php?rest_route=%2Fwp%2Fv2%2Fcomments&post=27686"}],"version-history":[{"count":9,"href":"https:\/\/zonenklaus.de\/wordpress\/index.php?rest_route=\/wp\/v2\/posts\/27686\/revisions"}],"predecessor-version":[{"id":27696,"href":"https:\/\/zonenklaus.de\/wordpress\/index.php?rest_route=\/wp\/v2\/posts\/27686\/revisions\/27696"}],"wp:attachment":[{"href":"https:\/\/zonenklaus.de\/wordpress\/index.php?rest_route=%2Fwp%2Fv2%2Fmedia&parent=27686"}],"wp:term":[{"taxonomy":"category","embeddable":true,"href":"https:\/\/zonenklaus.de\/wordpress\/index.php?rest_route=%2Fwp%2Fv2%2Fcategories&post=27686"},{"taxonomy":"post_tag","embeddable":true,"href":"https:\/\/zonenklaus.de\/wordpress\/index.php?rest_route=%2Fwp%2Fv2%2Ftags&post=27686"}],"curies":[{"name":"wp","href":"https:\/\/api.w.org\/{rel}","templated":true}]}}