{"id":27715,"date":"2016-01-10T19:37:02","date_gmt":"2016-01-10T18:37:02","guid":{"rendered":"http:\/\/zonenklaus.de\/wordpress\/?p=27715"},"modified":"2016-01-14T19:49:03","modified_gmt":"2016-01-14T18:49:03","slug":"cafe-lyrik-livemusik-in-berlin-prenzlauer-berg-aletchko-trio","status":"publish","type":"post","link":"https:\/\/zonenklaus.de\/wordpress\/?p=27715","title":{"rendered":"Caf\u00e9 Lyrik,  Livemusik in Berlin Prenzlauer Berg &#8211; &#8220;Aletchko Trio\u201c"},"content":{"rendered":"<p>Vom Freitag,\u00a0 08.01.2016, 19:30 Uhr &#8211; Weltmusik Konzert<br \/>\n<b>&#8211; Der Text ist der Vorank\u00fcndigung des Konzertes im Caf\u00e9 Lyrik entnommen!<\/b><br \/>\n<b><a title=\"&quot;Aletchko Trio\u201c\" href=\"http:\/\/www.alexeyviolin.com\/#!about\/cjg9\">&#8220;Aletchko Trio\u201c<\/a>, <\/b><i>Klezmer-Kl\u00e4nge, arabische Melodien und mitrei\u00dfende Balkan-Rhythmen&#8221;<\/i><br \/>\nAletchkos Auftritte sind eine au\u00dfergew\u00f6hnliche Mischung verschiedener Stile und Genres, die den H\u00f6rer atemlos zur\u00fccklassen. Die Einfl\u00fcsse orientalischer Musik, gepaart mit klassischer Virtuosit\u00e4t, rundet der Geiger mit einer Prise der besonderen Berliner Individualit\u00e4t ab.<br \/>\nZusammen mit dem chilenischen Flamenco-Gitarristen Christ\u00edan Varas und dem Percussionisten Peter Kuhnsch kreiert er eine einzigartige Atmosph\u00e4re von europ\u00e4ischer Virtuosit\u00e4t und mediterranem Temperament.<br \/>\nDie Geige ist f\u00fcr ihn Leidenschaft und Sprache. Der Multi-Kulti Violinist Aletchko erschafft durch seine Musik Welten. Seine musikalische Identit\u00e4t ist eine Mixtur aus den Rhythmen des Balkans und des Nahen Ostens und einer klassischen russischen Musikausbildung.<br \/>\nZehn Jahre lang lebte Aletchko in Israel und experimentierte mit Klezmer-Kl\u00e4ngen und den arabischen Melodien des Nahen Ostens. Jetzt ist Alexey der Geiger im musikalischen Schmelztiegel Berlin angekommen.<br \/>\nMit seiner Geige verbindet Aletchko eine tiefe Liebe. Sein Spiel biete ihm die M\u00f6glichkeit, Dinge auszudr\u00fccken, die sonst im Verborgenen blieben, sagt der Violinist selbst. Aletchko l\u00e4sst seine Geige singen, es scheint fast, als k\u00e4me die Stimme einer melancholischen alten Seele zum Vorschein, wenn er die Saiten streicht. Er variiert, \u00fcberrascht, dreht und wendet die T\u00f6ne, spielt immer schneller, fast in Ekstase. Zieht den H\u00f6rer hinein in eine bunte Welt des Klangs. Aletchko l\u00e4sst T\u00f6ne tanzen wie kleine Tropfen auf einem Wasserfall.<!--more--><br \/>\nSein musikalisches Programm ist aus den mitrei\u00dfenden Rhythmen des Balkans, Elementen der klassischen Musik, Einfl\u00fcssen der Rockmusik, Country, Folk und elektronischer Musik aufgebaut.<br \/>\nAletchkos Spiel ist einfallsreich und \u00fcberraschend, steigert sich von langsamen leisen T\u00f6nen hinauf zu schnellen, wilden Rhythmen voller Improvisation und ist die Definition von sinnlicher und musikalischer Freiheit.<br \/>\nAtemlos l\u00e4sst Altechko seine Zuh\u00f6rer zur\u00fcck, oft tanzend, oft erstaunt. Aletchko ist die perfekte Wahl f\u00fcr gro\u00dfe Galas, die musikalische Begleitung von Messen, ausgelassene Stimmung auf Stra\u00dfenfesten, Betriebsfeiern oder Hochzeiten. Geht sein Spiel zu Ende bleibt nur Erstaunen. Und Sehnsucht nach dem Klang seiner Geige.<br \/>\n<b>Cristi\u00e1n Varas<\/b> ist ein Gitarrenspieler aus Chile. Ausgebildet in klassischer und Flamenco-Gitarre begleitet der exzellente Gitarrist den Geiger mit seinem sinnlichen Spiel.<br \/>\nKomplettiert wird Aletchko vom <b>Percussionisten Peter Kuhnsch<\/b>. Dessen gro\u00dfes Interesse f\u00fcr verschiedene Kulturen und musikalische Stile wie Worldmusic, Jazz, zeitgen\u00f6ssische Musik und fr\u00fche Musik bereichert das Spiel der Band. Peter Kuhnsch studierte Schlagzeug und Percussion an der Universit\u00e4t f\u00fcr Theater und Musik in Leipzig, an der er heute als Dozent t\u00e4tig ist. Kuhnsch arbeitet mit verschiedenen f\u00fchrenden Musikern zusammen und ist konstant auf Tour in Deutschland und im Ausland.<br \/>\n<strong>Geige:<\/strong> <a title=\"Alexey Kochetkov\" href=\"https:\/\/www.youtube.com\/watch?v=-waafFkVyYU\">Alexey Kochetkov<\/a><br \/>\n<strong>Gitarre:<\/strong> <a title=\"Cristi\u00e1n Varas\" href=\"https:\/\/www.youtube.com\/watch?v=Vb0N9zNVd-A\">Cristi\u00e1n Varas<\/a><br \/>\n<strong>Darbuka und Cajon:<\/strong> <a title=\"Peter Kuhnsch\" href=\"http:\/\/site.douban.com\/einszweihochnull\/widget\/notes\/18706539\/note\/501260194\/\">Peter Kuhnsch<\/a><\/p>\n<p><strong>Vorank\u00fcndigung:\u00a0<\/strong><a title=\"World Wide Music\" href=\"http:\/\/www.werkstatt-der-kulturen.de\/en\/schedule\/?datum=2016-03-01&amp;filter=Komplett&amp;detail=1894\">World Wide Music<\/a>, Friday 04.03.2016 9:00 PM | Club<\/p>\n","protected":false},"excerpt":{"rendered":"<p>Vom Freitag,\u00a0 08.01.2016, 19:30 Uhr &#8211; Weltmusik Konzert &#8211; Der Text ist der Vorank\u00fcndigung des Konzertes im Caf\u00e9 Lyrik entnommen! &#8220;Aletchko Trio\u201c, Klezmer-Kl\u00e4nge, arabische Melodien und mitrei\u00dfende Balkan-Rhythmen&#8221; Aletchkos Auftritte sind eine au\u00dfergew\u00f6hnliche Mischung verschiedener Stile und Genres, die den H\u00f6rer atemlos zur\u00fccklassen. Die Einfl\u00fcsse orientalischer Musik, gepaart mit klassischer Virtuosit\u00e4t, rundet der Geiger mit [&hellip;]<\/p>\n","protected":false},"author":6,"featured_media":0,"comment_status":"open","ping_status":"open","sticky":false,"template":"","format":"standard","meta":{"footnotes":""},"categories":[1],"tags":[],"class_list":["post-27715","post","type-post","status-publish","format-standard","hentry","category-allgemeines"],"_links":{"self":[{"href":"https:\/\/zonenklaus.de\/wordpress\/index.php?rest_route=\/wp\/v2\/posts\/27715","targetHints":{"allow":["GET"]}}],"collection":[{"href":"https:\/\/zonenklaus.de\/wordpress\/index.php?rest_route=\/wp\/v2\/posts"}],"about":[{"href":"https:\/\/zonenklaus.de\/wordpress\/index.php?rest_route=\/wp\/v2\/types\/post"}],"author":[{"embeddable":true,"href":"https:\/\/zonenklaus.de\/wordpress\/index.php?rest_route=\/wp\/v2\/users\/6"}],"replies":[{"embeddable":true,"href":"https:\/\/zonenklaus.de\/wordpress\/index.php?rest_route=%2Fwp%2Fv2%2Fcomments&post=27715"}],"version-history":[{"count":2,"href":"https:\/\/zonenklaus.de\/wordpress\/index.php?rest_route=\/wp\/v2\/posts\/27715\/revisions"}],"predecessor-version":[{"id":27717,"href":"https:\/\/zonenklaus.de\/wordpress\/index.php?rest_route=\/wp\/v2\/posts\/27715\/revisions\/27717"}],"wp:attachment":[{"href":"https:\/\/zonenklaus.de\/wordpress\/index.php?rest_route=%2Fwp%2Fv2%2Fmedia&parent=27715"}],"wp:term":[{"taxonomy":"category","embeddable":true,"href":"https:\/\/zonenklaus.de\/wordpress\/index.php?rest_route=%2Fwp%2Fv2%2Fcategories&post=27715"},{"taxonomy":"post_tag","embeddable":true,"href":"https:\/\/zonenklaus.de\/wordpress\/index.php?rest_route=%2Fwp%2Fv2%2Ftags&post=27715"}],"curies":[{"name":"wp","href":"https:\/\/api.w.org\/{rel}","templated":true}]}}