{"id":27730,"date":"2016-01-18T23:59:19","date_gmt":"2016-01-18T22:59:19","guid":{"rendered":"http:\/\/zonenklaus.de\/wordpress\/?p=27730"},"modified":"2016-01-19T17:30:54","modified_gmt":"2016-01-19T16:30:54","slug":"hartaberfair-wo-denne","status":"publish","type":"post","link":"https:\/\/zonenklaus.de\/wordpress\/?p=27730","title":{"rendered":"Hartaberfair, wo denne?"},"content":{"rendered":"<p>Frisierte Polizeiberichte, bevormundete B\u00fcrger &#8211; darf man bei uns noch alles sagen?<br \/>\nDer Mensch ist nicht lernf\u00e4hig, pers\u00f6nlich bemerke ich dies auch immer wieder &#8211; kam aus dem Wirtshaus, machte mir \u00b4n Stulle und hing mich vor die Verbl\u00f6dungslaterne&#8230;<br \/>\nAlles geschah gegen 10:50 PM, als die Fresse (<span style=\"font-family: Times New Roman,serif;\"><i>\u00a9<\/i><\/span><span style=\"font-family: Times New Roman,serif;\"><i>Ronald Pofalla<\/i><\/span><span style=\"font-family: Times New Roman,serif;\"><b>)<\/b><\/span> von F. Plasberg in der Glotze aufbl\u00fchte, da h\u00e4tte ich eigentlich sofort ausschalten m\u00fcssen. Aus irgendeinem Grund geschah es dann doch nicht. Vor mir spielte sich quotentr\u00e4chtiges Deppen<a title=\"unterhaltungs\" href=\"http:\/\/www.ardmediathek.de\/tv\/Hart-aber-fair\/Frisierte-Polizeiberichte-bevormundete-\/Das-Erste\/Video?documentId=32848604&amp;bcastId=561146\"><i>unterhaltung<\/i><\/a><em>s<\/em>fernsehen ab, eine Boulevard-Show aller h\u00f6chster G\u00fcte &#8211; \u201eGrimmepreis\u201c und \u201eBambi-verd\u00e4chtig\u201c &#8211; deshalb <i>interessierte<\/i> mich nat\u00fcrlich jene uns\u00e4gliche Laberrunde. Besser gesagt, weil mir au\u00dfer dem selbstverliebten <em>Verbaldomteur<\/em> und der <em>Chlorophyllmarxistin<\/em> keine der anwesenden Nasen etwas sagte.<br \/>\nIm Endeffekt konnte man alles unter Ulk verbuchen!<br \/>\nNach mehr als 30 Minuten reichte es wirklich, setzte mich an die Tasten, bemerkte dort aber, dass ein innerliches Blut-<i>Allohol<\/i>-Gemisch sein Tribut forderte&#8230;<br \/>\nPS. Verga\u00df dann sogar, das Fragment in den Blog zu pappen, deshalb erfolgte es r\u00fcckwirkend<\/p>\n","protected":false},"excerpt":{"rendered":"<p>Frisierte Polizeiberichte, bevormundete B\u00fcrger &#8211; darf man bei uns noch alles sagen? Der Mensch ist nicht lernf\u00e4hig, pers\u00f6nlich bemerke ich dies auch immer wieder &#8211; kam aus dem Wirtshaus, machte mir \u00b4n Stulle und hing mich vor die Verbl\u00f6dungslaterne&#8230; Alles geschah gegen 10:50 PM, als die Fresse (\u00a9Ronald Pofalla) von F. Plasberg in der Glotze [&hellip;]<\/p>\n","protected":false},"author":6,"featured_media":0,"comment_status":"open","ping_status":"open","sticky":false,"template":"","format":"standard","meta":{"footnotes":""},"categories":[1],"tags":[],"class_list":["post-27730","post","type-post","status-publish","format-standard","hentry","category-allgemeines"],"_links":{"self":[{"href":"https:\/\/zonenklaus.de\/wordpress\/index.php?rest_route=\/wp\/v2\/posts\/27730","targetHints":{"allow":["GET"]}}],"collection":[{"href":"https:\/\/zonenklaus.de\/wordpress\/index.php?rest_route=\/wp\/v2\/posts"}],"about":[{"href":"https:\/\/zonenklaus.de\/wordpress\/index.php?rest_route=\/wp\/v2\/types\/post"}],"author":[{"embeddable":true,"href":"https:\/\/zonenklaus.de\/wordpress\/index.php?rest_route=\/wp\/v2\/users\/6"}],"replies":[{"embeddable":true,"href":"https:\/\/zonenklaus.de\/wordpress\/index.php?rest_route=%2Fwp%2Fv2%2Fcomments&post=27730"}],"version-history":[{"count":2,"href":"https:\/\/zonenklaus.de\/wordpress\/index.php?rest_route=\/wp\/v2\/posts\/27730\/revisions"}],"predecessor-version":[{"id":27732,"href":"https:\/\/zonenklaus.de\/wordpress\/index.php?rest_route=\/wp\/v2\/posts\/27730\/revisions\/27732"}],"wp:attachment":[{"href":"https:\/\/zonenklaus.de\/wordpress\/index.php?rest_route=%2Fwp%2Fv2%2Fmedia&parent=27730"}],"wp:term":[{"taxonomy":"category","embeddable":true,"href":"https:\/\/zonenklaus.de\/wordpress\/index.php?rest_route=%2Fwp%2Fv2%2Fcategories&post=27730"},{"taxonomy":"post_tag","embeddable":true,"href":"https:\/\/zonenklaus.de\/wordpress\/index.php?rest_route=%2Fwp%2Fv2%2Ftags&post=27730"}],"curies":[{"name":"wp","href":"https:\/\/api.w.org\/{rel}","templated":true}]}}