{"id":27758,"date":"2016-01-25T23:13:17","date_gmt":"2016-01-25T22:13:17","guid":{"rendered":"http:\/\/zonenklaus.de\/wordpress\/?p=27758"},"modified":"2016-01-26T02:20:39","modified_gmt":"2016-01-26T01:20:39","slug":"europol-warnt-vor-schweren-terroranschlaegen-durch-den-is-in-europa","status":"publish","type":"post","link":"https:\/\/zonenklaus.de\/wordpress\/?p=27758","title":{"rendered":"Europol warnt vor schweren Terroranschl\u00e4gen durch den IS in Europa"},"content":{"rendered":"<p>Letztens meinte ein Bekannter, dass ihn diese ewige <a title=\"Panikmache in den Medien\" href=\"http:\/\/web.de\/magazine\/politik\/europol-warnt-schweren-terroranschlaegen-is-europa-31306440\">Panikmache in den Medien<\/a> anstinken w\u00fcrde, mich ber\u00fchren diese Art Meldungen \u00fcberhaupt nicht. Anders verh\u00e4lt es sich nat\u00fcrlich, wenn mal wieder irgendwelche Fanatiker, im Hoffnungsrausch auf viele Jungfrauen im Paradies, irgendwo Asphaltgyros produzierten oder ein Haufen Leute perforierten. Da \u00fcberkommt mich immer ein gewisser Frohsinn, zur richtigen Zeit sehr weit entfernt vom Epizentrum der Explosionsdruckwelle gewesen zu sein und deshalb jener Kelch einmal mehr an mir vorbeiging&#8230;<br \/>\nWas soll man sonst auch anders anstellen? Nebenbei bemerke ich immer mehr einen schleichenden Gew\u00f6hnungsprozess und wachsende Gleichg\u00fcltigkeit hinsichtlich s\u00e4mtlicher Kampagnen der Komiker, die permanent vorgeben, immer mal wieder etwas dagegen unternehmen zu wollen &#8211; dabei auf die lustvollen Interpretationen in den Medien setzen.<br \/>\nHeutzutage ist niemand mehr auf UNSERER Erdenscheibe gegen diesen Wahnsinn gefeit und den Politikern f\u00e4llt nichts weiter ein, als ihr Betroffenheitslarven anzulegen, anschlie\u00dfend wie aufgescheuchte H\u00fchnerschw\u00e4rme in der Weltgeschichte herum zu d\u00fcsen, dabei <i>ganz best\u00fcrzt<\/i> in die vorgehaltenen Mikrophone verbalen D\u00fcnnschiss ejakulieren.<br \/>\nJene Eliteriche &amp; Innen kommen mir dann immer vor, wie jener politisch korrekt gutmenschelnde Waldorfp\u00e4dago<i>che, <\/i>der seine Lieblingssch\u00fcler dabei ertappte, wie sie lachend einem Maik\u00e4fer die Beine ausrissen. Er daraufhin vollkommen am Boden zerst\u00f6rt ward und sofort seinen <i>P\u00fccholochen<\/i> aufsuchen musste. Solcher Bl\u00f6\u00dfe kann sich die <i>F\u00fchrungsschicht<\/i> nat\u00fcrlich nicht geben.<br \/>\nAlso, <i>Europol warnt vor schweren Terroranschl\u00e4gen<\/i>!<br \/>\nNur gut, dass der IS bereits existiert, ansonsten m\u00fcsste man ihn schlicht erfinden. Einen solch hohlen Spruch k\u00f6nnte auch von einer x-beliebigen Putzfrau mit Migrationshintergrund stammen, die auf deutsch mindestens bis drei z\u00e4hlen kann&#8230;<!--more--><br \/>\nMir liegt es sehr fern, jenen <i>Tatsachenbehauptung, <\/i>in irgendeiner Form mit Hilfe der Statistik auseinander zu klam\u00fcsern. Denn letztlich stimmt sie, egal ob nun n\u00e4chste Woche bereits mehrere Anschl\u00e4gen erfolgen sollten oder es erst in einem Jahr zu <i>furiosen<\/i> Attentaten k\u00e4me.<br \/>\nJedenfalls beinhaltet diese Europol-Mutma\u00dfung letztlich nur den Zweck einer heuchlerischen Beruhigung der Bev\u00f6lkerung, dient aber gleichzeitig der <i>positiven<\/i> Selbstdarstellung aller Sicherheitsbeh\u00f6rden nebst ihrer hilflosen Vasallen, die letztlich an vorderster Front dann auch noch vollkommen planlos, alle hei\u00dfen Kartoffeln aus dem Feuer holen m\u00fcssen.<br \/>\nWenn in mir nicht solche Wut stecken w\u00fcrde, m\u00fcsste ich \u00fcber Innenminister Bernard Cazeneuve lauthals lachen!<br \/>\n<a title=\"- Frankreich hat elf Attentate wie im November vereitelt\" href=\"http:\/\/web.de\/magazine\/politik\/frankreichs-innenminister-attentate-november-vereitelt-31304776\"><i>&#8211; Frankreich hat elf Attentate wie im November vereitelt<\/i><\/a><br \/>\nMann, waren seine Jungs und M\u00e4dels taff!<strong> (<\/strong><em>Ob sie dazu, wie in alten Zeiten, einmal mehr gefoltert haben?<\/em><strong>)<\/strong><br \/>\nDemn\u00e4chst wird alles noch von bundesgermanischen Geheimdiensten getoppt, dann waren es bestimmt 13 verhinderte Aktionen!<br \/>\nWer kann mir denn beweisen, ob wirklich in selbiger Richtung etwas aktiv unternommen wurde oder es sich um einen Hoax handelte, den man vielleicht an der Bar eines Luxusbordells optimal ausbaldowert hat?<\/p>\n","protected":false},"excerpt":{"rendered":"<p>Letztens meinte ein Bekannter, dass ihn diese ewige Panikmache in den Medien anstinken w\u00fcrde, mich ber\u00fchren diese Art Meldungen \u00fcberhaupt nicht. Anders verh\u00e4lt es sich nat\u00fcrlich, wenn mal wieder irgendwelche Fanatiker, im Hoffnungsrausch auf viele Jungfrauen im Paradies, irgendwo Asphaltgyros produzierten oder ein Haufen Leute perforierten. Da \u00fcberkommt mich immer ein gewisser Frohsinn, zur richtigen [&hellip;]<\/p>\n","protected":false},"author":6,"featured_media":0,"comment_status":"open","ping_status":"open","sticky":false,"template":"","format":"standard","meta":{"footnotes":""},"categories":[1],"tags":[],"class_list":["post-27758","post","type-post","status-publish","format-standard","hentry","category-allgemeines"],"_links":{"self":[{"href":"https:\/\/zonenklaus.de\/wordpress\/index.php?rest_route=\/wp\/v2\/posts\/27758","targetHints":{"allow":["GET"]}}],"collection":[{"href":"https:\/\/zonenklaus.de\/wordpress\/index.php?rest_route=\/wp\/v2\/posts"}],"about":[{"href":"https:\/\/zonenklaus.de\/wordpress\/index.php?rest_route=\/wp\/v2\/types\/post"}],"author":[{"embeddable":true,"href":"https:\/\/zonenklaus.de\/wordpress\/index.php?rest_route=\/wp\/v2\/users\/6"}],"replies":[{"embeddable":true,"href":"https:\/\/zonenklaus.de\/wordpress\/index.php?rest_route=%2Fwp%2Fv2%2Fcomments&post=27758"}],"version-history":[{"count":2,"href":"https:\/\/zonenklaus.de\/wordpress\/index.php?rest_route=\/wp\/v2\/posts\/27758\/revisions"}],"predecessor-version":[{"id":27760,"href":"https:\/\/zonenklaus.de\/wordpress\/index.php?rest_route=\/wp\/v2\/posts\/27758\/revisions\/27760"}],"wp:attachment":[{"href":"https:\/\/zonenklaus.de\/wordpress\/index.php?rest_route=%2Fwp%2Fv2%2Fmedia&parent=27758"}],"wp:term":[{"taxonomy":"category","embeddable":true,"href":"https:\/\/zonenklaus.de\/wordpress\/index.php?rest_route=%2Fwp%2Fv2%2Fcategories&post=27758"},{"taxonomy":"post_tag","embeddable":true,"href":"https:\/\/zonenklaus.de\/wordpress\/index.php?rest_route=%2Fwp%2Fv2%2Ftags&post=27758"}],"curies":[{"name":"wp","href":"https:\/\/api.w.org\/{rel}","templated":true}]}}