{"id":27791,"date":"2016-01-30T12:17:24","date_gmt":"2016-01-30T11:17:24","guid":{"rendered":"http:\/\/zonenklaus.de\/wordpress\/?p=27791"},"modified":"2016-01-30T12:17:24","modified_gmt":"2016-01-30T11:17:24","slug":"razzia-bei-ss-panzer-division-hitlerjugend","status":"publish","type":"post","link":"https:\/\/zonenklaus.de\/wordpress\/?p=27791","title":{"rendered":"Razzia bei SS-Panzer-Division &#8220;Hitlerjugend&#8221;"},"content":{"rendered":"<p>Da wird ja die demente Oma Hulda aus dem Seniorenzuchthaus, \u201eZur untergehenden Sonne\u201c, mit gl\u00fchenden Augen m\u00e4chtig aufhorchen, wenn ihr in einem lichten Moment der Urenkel selbige <a title=\"Meldung\" href=\"http:\/\/www.gmx.at\/magazine\/politik\/razzia-ss-panzer-division-hitlerjugend-31316400\">Meldung<\/a> aus dem Laptop vorliest und sie an jene vielen<em> feschen Burschen<\/em> denkt.<br \/>\nDabei geht niemand gegen die <a title=\"gesamte Rotte\" href=\"https:\/\/de.wikipedia.org\/wiki\/12._SS-Panzer-Division_%E2%80%9EHitlerjugend%E2%80%9C\">gesamte Rotte<\/a> vor!<br \/>\nSondern nur gegen drei Knaben mit hart 90 Lenzen auf dem Buckel und die hocken vielleicht sabbernd in AOK-Choppern oder wuseln hinter Rollatoren durch die Botanik.<br \/>\nAusgerechnet das Landeskriminalamt NRW bastelt ein neuerliches Feigenblatt und inszenierte damit einen <i>demokraturischen<\/i> Treppenwitz, lie\u00dfen aber 70 Jahre unt\u00e4tig verstreichen.<br \/>\nAus gesundheitlichen Gr\u00fcnden wird sowieso keine Anklage erhoben &#8211; aber alle oberen <i>Demokraten<\/i> k\u00f6nnen ihren Schein wahren!<br \/>\nErinnert m\u00e4chtig an Vorgehensweisen der Stasi, wenn sie aus ganz bestimmten Anl\u00e4ssen mal Biographien von Altnazis n\u00e4her in Augenschein nahm und sie zu ganz bestimmten Anl\u00e4ssen der <i>Welt\u00f6ffentlichkeit<\/i> pr\u00e4sentierte &#8211; vor drei Tagen stand hier der <i>Internationaler<\/i> <em>Holocausttag<\/em><em> an&#8230;<\/em><br \/>\nDa werden fast scheintote Mumien ans Licht der \u00d6ffentlichkeit gezerrt, die m\u00f6glicherweise auch schon out of order sind, doch gegen Neonazis sowie rechtes Parteienspektrum wird weiterhin recht wenig getan. Man denke nur an den Eiertanz, der letztens gerade in NRW seinen Ausgang nahm. Wo <i>f\u00fchrende<\/i> rote Quotengenossinnen und der chlorophyllmarxistische ehemalige Gymnasialpauker aus dem Musterl\u00e4ndle, sich weigerten im Sender der Realit\u00e4t ins Angesicht zuschauen&#8230;<br \/>\nHier noch etwas aus der populistischen Meinungsschmiede von GMX &#8211; <a title=\"Gewalt gegen Fl\u00fcchtlinge: BKA macht hetzerische Propaganda der rechten Szene verantwortlich. \" href=\"http:\/\/www.gmx.net\/magazine\/politik\/fluechtlingskrise-in-europa\/gewalt-fluechtlinge-bka-hetzerische-propaganda-rechten-szene-verantwortlich-31317444\"><i>Gewalt gegen Fl\u00fcchtlinge: BKA macht hetzerische Propaganda der rechten Szene verantwortlich.<\/i><\/a> Dem gelernten Ossi wird jene richtungsweisende Deutung noch umfassender in Erinnerung geblieben sein.<br \/>\nDie Gesinnungsakrobaten des BKAs spielen ihre Rolle als Handlanger der Koalition wiedermal recht gelungen, <b>immer sind die anderen an allem schuld!<\/b> Noch nicht mal ansatzweise wird endlich mal eine gewisse Art von Selbstreflektion in Betracht gezogen, letztlich ist das permanente Lavieren der gro\u00dfen Parteien verantwortlich f\u00fcr den schon lange anhaltenden Rechtstrend<b>!<\/b><\/p>\n","protected":false},"excerpt":{"rendered":"<p>Da wird ja die demente Oma Hulda aus dem Seniorenzuchthaus, \u201eZur untergehenden Sonne\u201c, mit gl\u00fchenden Augen m\u00e4chtig aufhorchen, wenn ihr in einem lichten Moment der Urenkel selbige Meldung aus dem Laptop vorliest und sie an jene vielen feschen Burschen denkt. Dabei geht niemand gegen die gesamte Rotte vor! Sondern nur gegen drei Knaben mit hart [&hellip;]<\/p>\n","protected":false},"author":6,"featured_media":0,"comment_status":"open","ping_status":"open","sticky":false,"template":"","format":"standard","meta":{"footnotes":""},"categories":[1],"tags":[],"class_list":["post-27791","post","type-post","status-publish","format-standard","hentry","category-allgemeines"],"_links":{"self":[{"href":"https:\/\/zonenklaus.de\/wordpress\/index.php?rest_route=\/wp\/v2\/posts\/27791","targetHints":{"allow":["GET"]}}],"collection":[{"href":"https:\/\/zonenklaus.de\/wordpress\/index.php?rest_route=\/wp\/v2\/posts"}],"about":[{"href":"https:\/\/zonenklaus.de\/wordpress\/index.php?rest_route=\/wp\/v2\/types\/post"}],"author":[{"embeddable":true,"href":"https:\/\/zonenklaus.de\/wordpress\/index.php?rest_route=\/wp\/v2\/users\/6"}],"replies":[{"embeddable":true,"href":"https:\/\/zonenklaus.de\/wordpress\/index.php?rest_route=%2Fwp%2Fv2%2Fcomments&post=27791"}],"version-history":[{"count":1,"href":"https:\/\/zonenklaus.de\/wordpress\/index.php?rest_route=\/wp\/v2\/posts\/27791\/revisions"}],"predecessor-version":[{"id":27792,"href":"https:\/\/zonenklaus.de\/wordpress\/index.php?rest_route=\/wp\/v2\/posts\/27791\/revisions\/27792"}],"wp:attachment":[{"href":"https:\/\/zonenklaus.de\/wordpress\/index.php?rest_route=%2Fwp%2Fv2%2Fmedia&parent=27791"}],"wp:term":[{"taxonomy":"category","embeddable":true,"href":"https:\/\/zonenklaus.de\/wordpress\/index.php?rest_route=%2Fwp%2Fv2%2Fcategories&post=27791"},{"taxonomy":"post_tag","embeddable":true,"href":"https:\/\/zonenklaus.de\/wordpress\/index.php?rest_route=%2Fwp%2Fv2%2Ftags&post=27791"}],"curies":[{"name":"wp","href":"https:\/\/api.w.org\/{rel}","templated":true}]}}