{"id":27929,"date":"2016-02-25T20:33:46","date_gmt":"2016-02-25T19:33:46","guid":{"rendered":"http:\/\/zonenklaus.de\/wordpress\/?p=27929"},"modified":"2016-02-26T13:50:09","modified_gmt":"2016-02-26T12:50:09","slug":"glyphosat-in-bier-gefunden","status":"publish","type":"post","link":"https:\/\/zonenklaus.de\/wordpress\/?p=27929","title":{"rendered":"Glyphosat in Bier gefunden &#8211;"},"content":{"rendered":"<p><a title=\"Wie gef\u00e4hrlich ist das Pestizid f\u00fcr Menschen?\" href=\"http:\/\/web.de\/magazine\/gesundheit\/glyphosat-bier-gefunden-gefaehrlich-pestizid-menschen-31375332\">Wie gef\u00e4hrlich ist das Pestizid f\u00fcr Menschen?<\/a><br \/>\nWas die Beantwortung jener Frage angeht, da sollte man wirklich ein<sup>er<\/sup>em E<i>ks<\/i>pert<sup>&amp;In<\/sup>en den hochwohll\u00f6blichen Vortritt lassen, mir f\u00e4llt da prompt jemand<sup>in<\/sup> ein. Wie w\u00e4re es denn mit UNSERER Kriegsministerin in spe?<br \/>\nZwar h\u00e4lt sich <a title=\"Uschi\" href=\"https:\/\/de.wikipedia.org\/wiki\/Ursula_von_der_Leyen\">Uschi<\/a> mit ihrem Eitelkeitsk\u00fcrzel sehr zur\u00fcck, allerdings soll sie sogar im medizinischen Bereich ihre beiden Nachnamenvorsatzschriftzeichen <b>(<\/b><i>nebst unabdingbar zugeh\u00f6rigem P\u00fcnktchen<\/i><b>)<\/b> erstanden haben. Die abschlie\u00dfende Einsch\u00e4tzung, ob ihre <i>Arbeit <\/i>doch koscher war, liegt meines Wissens immer noch nicht vor&#8230;<br \/>\nKomme mal zu ihrem Vati zur\u00fcck. Denn bei Dr.<strong>(<\/strong><em>!?<\/em><strong>)<\/strong> Ernst Carl Julius Albrecht handelte es sich um <a title=\"eine ausgewiesenen Koryph\u00e4e\" href=\"http:\/\/www.spiegel.de\/spiegel\/print\/d-13518877.html\">eine ausgewiesenen Koryph\u00e4e<\/a>, was Gesundheitsgef\u00e4hrdung durch <i>Allohol<\/i> und dem strahlenden Tschernobyl-Fallout betraf, welcher in der guten alten Zeit \u00fcber Niedersachsen runter ging.<br \/>\nVon ihm stammt die bahnbrechende Erkenntnis: <i>Wir alle wissen, da\u00df ein m\u00e4\u00dfiger Genu\u00df von Alkohol nicht gesundheitsgef\u00e4hrdend ist. \u00c4hnlich verh\u00e4lt es sich mit der Radioaktivit\u00e4t.<\/i><br \/>\nVon ihr k\u00f6nnte nun ein \u00e4hnlich gelagerter Spruch kommen, vielleicht in jene Richtung: <i>Wie mein Papa bereits richtig erkannte, wissen wir alle, dass ein m\u00e4\u00dfiger Genuss von Radioaktivit\u00e4t nicht gesundheitsgef\u00e4hrdend ist. \u00c4hnlich verh\u00e4lt es sich mit Glyphosat in Bier.<\/i><br \/>\nDie Bekanntgabe von Pestizidkonzentrationen in Gerstenkaltschale verwundert mich doch sehr, obwohl vor 30 Jahren, gerade in den typischen Hopfenanbaugebieten eine massenhafte Verseuchung stattfand, kamen mir niemals Statistiken unter, in denen auf entsprechende Strahlenbelastungen des fl\u00fcssigen Brotes hingewiesen wurde.<br \/>\nNun sollen sich die Volksdrogenabh\u00e4ngigen nicht so haben! <i>Positiv gesehen<\/i>, sollte man sie als Pioniere betrachten. Wenn Monsanto erst seine Milliardengesch\u00e4fte in UNSEREN Breiten t\u00e4tigen darf, ist bei denen bereits der Gew\u00f6hnungseffekt eingetreten und die dr\u00f6ge Masse interessiert es dann auch nicht mehr&#8230;<\/p>\n","protected":false},"excerpt":{"rendered":"<p>Wie gef\u00e4hrlich ist das Pestizid f\u00fcr Menschen? Was die Beantwortung jener Frage angeht, da sollte man wirklich einerem Ekspert&amp;Inen den hochwohll\u00f6blichen Vortritt lassen, mir f\u00e4llt da prompt jemandin ein. Wie w\u00e4re es denn mit UNSERER Kriegsministerin in spe? Zwar h\u00e4lt sich Uschi mit ihrem Eitelkeitsk\u00fcrzel sehr zur\u00fcck, allerdings soll sie sogar im medizinischen Bereich ihre [&hellip;]<\/p>\n","protected":false},"author":6,"featured_media":0,"comment_status":"open","ping_status":"open","sticky":false,"template":"","format":"standard","meta":{"footnotes":""},"categories":[1],"tags":[],"class_list":["post-27929","post","type-post","status-publish","format-standard","hentry","category-allgemeines"],"_links":{"self":[{"href":"https:\/\/zonenklaus.de\/wordpress\/index.php?rest_route=\/wp\/v2\/posts\/27929","targetHints":{"allow":["GET"]}}],"collection":[{"href":"https:\/\/zonenklaus.de\/wordpress\/index.php?rest_route=\/wp\/v2\/posts"}],"about":[{"href":"https:\/\/zonenklaus.de\/wordpress\/index.php?rest_route=\/wp\/v2\/types\/post"}],"author":[{"embeddable":true,"href":"https:\/\/zonenklaus.de\/wordpress\/index.php?rest_route=\/wp\/v2\/users\/6"}],"replies":[{"embeddable":true,"href":"https:\/\/zonenklaus.de\/wordpress\/index.php?rest_route=%2Fwp%2Fv2%2Fcomments&post=27929"}],"version-history":[{"count":2,"href":"https:\/\/zonenklaus.de\/wordpress\/index.php?rest_route=\/wp\/v2\/posts\/27929\/revisions"}],"predecessor-version":[{"id":27931,"href":"https:\/\/zonenklaus.de\/wordpress\/index.php?rest_route=\/wp\/v2\/posts\/27929\/revisions\/27931"}],"wp:attachment":[{"href":"https:\/\/zonenklaus.de\/wordpress\/index.php?rest_route=%2Fwp%2Fv2%2Fmedia&parent=27929"}],"wp:term":[{"taxonomy":"category","embeddable":true,"href":"https:\/\/zonenklaus.de\/wordpress\/index.php?rest_route=%2Fwp%2Fv2%2Fcategories&post=27929"},{"taxonomy":"post_tag","embeddable":true,"href":"https:\/\/zonenklaus.de\/wordpress\/index.php?rest_route=%2Fwp%2Fv2%2Ftags&post=27929"}],"curies":[{"name":"wp","href":"https:\/\/api.w.org\/{rel}","templated":true}]}}