{"id":28349,"date":"2016-06-02T20:54:56","date_gmt":"2016-06-02T19:54:56","guid":{"rendered":"http:\/\/zonenklaus.de\/wordpress\/?p=28349"},"modified":"2016-06-04T01:38:51","modified_gmt":"2016-06-04T00:38:51","slug":"die-posse-einer-armenien-resolution-im-reichsaffenhaus-frei-nach-wilhelm-ii","status":"publish","type":"post","link":"https:\/\/zonenklaus.de\/wordpress\/?p=28349","title":{"rendered":"Die Posse einer Armenien-Resolution im &#8220;Reichsaffenhaus&#8221; (Frei nach Wilhelm II.)"},"content":{"rendered":"<p>In den letzten Wochen gingen mir ganz bestimmt Politstare nebst ihrer bedingungslos ergeben Medien m\u00e4chtig auf den Senkel, da es sich um eine ganz wichtige <i>Abstimmung<\/i> handeln sollte&#8230;<br \/>\nDie daf\u00fcr treibenden Kr\u00e4fte, Frau Kanzler Merkel (61, CDU), Herr Vize-Kanzlerin Gabriel (56, SPD) und Au\u00dfenminister Steinmeier (60, SPD) gl\u00e4nzten allerdings durch Abwesenheit. Ihr Verhalten erinnert mich an eine Art J<i>oschka Fischer-Syndrom<\/i>, der Typ hatte in jungen Jahren auch ewig die Massen aktiviert, sich im rechten Moment alsbald verpisst, stand aber sp\u00e4ter w\u00e4hrend der anschlie\u00dfenden Dummschnackerei immer sofort in der ersten Reihe.<br \/>\nSchon klar, weshalb man nicht vor einem Jahr den <i>runden Geburtstag<\/i> als Anlass nahm und jene weichgesp\u00fclte Resolution abhakte &#8211; <b>(<\/b><i>Boateng wolle sie alle als Nachbarn haben aber doch nicht Erdo\u011fan. Deshalb konnte auch noch ein Jahr ins Land gehen, weil die Zeit f\u00fcr eine Klatsche noch nicht gereift war. Zum Kraftakt der weltpolitischen Gr\u00e4tsche von EU und NATO, geh\u00f6ren die eingeplante chauvinistisch Dummheit des t\u00fcrkischen Pr\u00e4sidenten genauso wie die instrumentalisierten <a title=\"Millionen toten Armenier\" href=\"http:\/\/www.spiegel.de\/politik\/deutschland\/armenien-resolution-bundestag-misst-mit-zweierlei-mass-a-1095705.html\">Millionen toten Armenier<\/a>&#8230;<\/i><b>)<\/b><i> <\/i><br \/>\n<b>&#8211; <\/b>Halt, bei <i>Massakern<\/i> ist die Bezeichnung eines <i>Geburtstages<\/i> ein vollkommen falscher Begriff, schlie\u00dflich wird da der umgekehrte Weg beschritten. Nicht das beginnende Leben ist in solchen Momenten ein Anlass zum <i>Gedenken<\/i>, sondern die unfreiwillige <i>Bestandsbereinigung <\/i>mit Hilfe von bestialischer Gewalt und hinzu kommt von allen Seiten eine Klitterung, dass sich die Balken biegen. Letztlich k\u00f6nnen sich nur wieder die Statistiker einen von der Palme wedeln und die stehen bereits f\u00fcr jeden neuen Konflikt in den Startl\u00f6chern.<br \/>\nAuch wer sich kontinuierlich etwas mit der Geschichte befasst kann m\u00e4chtig ins Schleudern kommen hinsichtlich der weltumspannenden Massenmorde in den letzten 150 Jahren. Zumindest sind statistische Denkanst\u00f6\u00dfe oft bei WIKI zu finden, allerdings sagen sie h\u00e4ufig nicht viel \u00fcber die Zusammenh\u00e4nge solcher Genozide aus, die sich permanent gleichen.<br \/>\nBei den heutigen Ausma\u00dfen sollten die Erbsenz\u00e4hler des Todes vielleicht mal eine Anleihe bei den Charts-Machern der Popmusik nehmen und vielleicht w\u00f6chentlich eine <i>Top 10<\/i> verk\u00fcnden, monatlich etwas in der Form der <i>Billboard Hot 100&#8230;<\/i><br \/>\nMein Schrieb zum <a title=\"100sten Massaker-Jubil\u00e4um\" href=\"http:\/\/zonenklaus.de\/wordpress\/?p=26318\">100sten Massaker-<em>Jubil\u00e4um<\/em><\/a> und der wiederholte <a title=\"Buchtip zum Thema\" href=\"Die%20vierzig Tage des Musa Dagh\">Buchtip zum Thema<\/a><\/p>\n","protected":false},"excerpt":{"rendered":"<p>In den letzten Wochen gingen mir ganz bestimmt Politstare nebst ihrer bedingungslos ergeben Medien m\u00e4chtig auf den Senkel, da es sich um eine ganz wichtige Abstimmung handeln sollte&#8230; Die daf\u00fcr treibenden Kr\u00e4fte, Frau Kanzler Merkel (61, CDU), Herr Vize-Kanzlerin Gabriel (56, SPD) und Au\u00dfenminister Steinmeier (60, SPD) gl\u00e4nzten allerdings durch Abwesenheit. Ihr Verhalten erinnert mich [&hellip;]<\/p>\n","protected":false},"author":6,"featured_media":0,"comment_status":"open","ping_status":"open","sticky":false,"template":"","format":"standard","meta":{"footnotes":""},"categories":[1],"tags":[],"class_list":["post-28349","post","type-post","status-publish","format-standard","hentry","category-allgemeines"],"_links":{"self":[{"href":"https:\/\/zonenklaus.de\/wordpress\/index.php?rest_route=\/wp\/v2\/posts\/28349","targetHints":{"allow":["GET"]}}],"collection":[{"href":"https:\/\/zonenklaus.de\/wordpress\/index.php?rest_route=\/wp\/v2\/posts"}],"about":[{"href":"https:\/\/zonenklaus.de\/wordpress\/index.php?rest_route=\/wp\/v2\/types\/post"}],"author":[{"embeddable":true,"href":"https:\/\/zonenklaus.de\/wordpress\/index.php?rest_route=\/wp\/v2\/users\/6"}],"replies":[{"embeddable":true,"href":"https:\/\/zonenklaus.de\/wordpress\/index.php?rest_route=%2Fwp%2Fv2%2Fcomments&post=28349"}],"version-history":[{"count":3,"href":"https:\/\/zonenklaus.de\/wordpress\/index.php?rest_route=\/wp\/v2\/posts\/28349\/revisions"}],"predecessor-version":[{"id":28352,"href":"https:\/\/zonenklaus.de\/wordpress\/index.php?rest_route=\/wp\/v2\/posts\/28349\/revisions\/28352"}],"wp:attachment":[{"href":"https:\/\/zonenklaus.de\/wordpress\/index.php?rest_route=%2Fwp%2Fv2%2Fmedia&parent=28349"}],"wp:term":[{"taxonomy":"category","embeddable":true,"href":"https:\/\/zonenklaus.de\/wordpress\/index.php?rest_route=%2Fwp%2Fv2%2Fcategories&post=28349"},{"taxonomy":"post_tag","embeddable":true,"href":"https:\/\/zonenklaus.de\/wordpress\/index.php?rest_route=%2Fwp%2Fv2%2Ftags&post=28349"}],"curies":[{"name":"wp","href":"https:\/\/api.w.org\/{rel}","templated":true}]}}