{"id":28359,"date":"2016-06-06T22:56:56","date_gmt":"2016-06-06T21:56:56","guid":{"rendered":"http:\/\/zonenklaus.de\/wordpress\/?p=28359"},"modified":"2016-06-07T08:31:21","modified_gmt":"2016-06-07T07:31:21","slug":"vertan-vertan-sprach-der-igel-und-stieg-von-der-klosettbuerste","status":"publish","type":"post","link":"https:\/\/zonenklaus.de\/wordpress\/?p=28359","title":{"rendered":"Wg. Gauck &#8211; Vertan, vertan, sprach der Igel und stieg von der Klosettb\u00fcrste"},"content":{"rendered":"<p><span style=\"font-size: small;\">So \u00e4hnlich ging es mir kurz nach dem ich den gestrigen Schrieb im Blog versenkt hatte.<\/span><br \/>\n<span style=\"font-size: small;\">Die Eitelkeit von Hein Gauck ist zwar die eine Seite, aber anders herum wird n\u00e4mlich ein Schuh draus! Letztlich kann man seinen Abgang als vollendeten <i>K\u00f6hler<\/i> mit viertel Schraube bezeichnen.<\/span><br \/>\n<span style=\"font-size: small;\">Seine Politkarriere endet so seicht, wie sie mal bei den <i>Fischk\u00f6ppen<\/i> begann. <\/span><br \/>\n<span style=\"font-size: small;\">Nachdem nix mehr mit dem sozialistischen Gang anzufangen ward, <i>den weder Ochs\u00b4noch Esel aufhalten sollten<\/i>, sprang eine Riege von Turbowendeh\u00e4lse, zu denen sich auch Pope Gauck gesellte, auf die Trittbretter des Zuge ins Nirgendwo &#8211; den aber ganz andere Leute ins Rollen gebracht hatten. <\/span><span style=\"font-size: small;\">Was dem Ex-Pastor letztlich eine gut dotierte Laufbahn bescherte, beginnend mit dem Job unter vielen Stasib\u00f6cken, die er zu honorigen G\u00e4rtnern mutieren lie\u00df. <\/span><br \/>\n<span style=\"font-size: small;\">Schlie\u00dflich durfte er sogar den Pr\u00e4sidentenabtaucher Wulff toppen, wozu nun wirklich nicht viel geh\u00f6rte. Dies h\u00e4tte meine alte Bekannten, die Pachttoilettenfee vom Wolfsburger Hauptbahnhof auch mit links gerafft, was ihr nebenher sogar einen geschlechtsspezifischen Quotenbonus eingebracht h\u00e4tte. <\/span><br \/>\n<span style=\"font-size: small;\">Bei den heutigen Lobhudeleien ist mir fast schlecht geworden, herausragend produzierte sich dabei der runde SPD-Vort\u00e4nzer, in seine implodieren Sprechblasen wurde <\/span><span style=\"font-size: small;\">vollkommen schuldlos <\/span><span style=\"font-size: small;\"> sogar meine Wenigkeit mit einbezogen, als er meinte, dass Heinz Gauck ein Pr\u00e4sident aller Deutschen war und es noch mehrere Monate sein darf. <\/span><br \/>\n<span style=\"font-size: small;\">Von jener Unterstellung m\u00f6chte ich mich aufs sch\u00e4rfste distanzieren! Ich brauche n\u00e4mlich keine moralisierenden Nervt\u00f6ter \u00fcber mir, die vorgefertigte Texte immer vollkommen emotionslos unters Volk bringen, wie jene unterbelichteten Mustersch\u00fcler die zu ihrer <strong>1<\/strong> immer noch ein <strong>Plus<\/strong> erheischen wollen. Permanent kommen mir innerhalb weniger Sekunden des Zuschauens m\u00e4chtige Zweifel, ob solche Leute ihre dahergeplapperten <em>Inhalte<\/em> auf irgendeine Weise auch intellektuell verarbeiten k\u00f6nnen, weil deren verkrampfte Gestiken, nebenher immer eine ganz andere Sprache sprechen&#8230;<\/span><br \/>\n<span style=\"font-size: small;\">Retour zum <i>Gauckler!<\/i><\/span><br \/>\n<span style=\"font-size: small;\">Will es nun ganz kurz machen!<\/span><br \/>\n<span style=\"font-size: small;\">Mit der gleichen Energie, wie er es in fr\u00fcheren Jahren flugs zum Trittbrettfahrer brachte, so schnell verl\u00e4sst er nun den warmen Salonwagen, weil es brenzlig wird&#8230;<\/span><br \/>\nH<span style=\"font-size: small;\">ier noch zwei Hinweise zu l\u00e4ngeren Texten, mit denen ich zwar nicht 100 pro <span lang=\"de-DE\">d\u2019accord gehe, die aber den smarten Herrn in einem etwas anderen Licht erscheinen lassen!<\/span><\/span><br \/>\n<span style=\"font-size: small;\"><span lang=\"de-DE\">&#8211; <a title=\"Kalte Dusche!\" href=\"http:\/\/sicht-vom-hochblauen.de\/lesenswerte-enthuellungen-durch-ein-buch-ueber-joachim-gauck\/\">Kalte Dusche!<\/a><\/span><\/span><br \/>\n<span style=\"font-size: small;\"><span lang=\"de-DE\">&#8211; <a title=\"Die Akte Gauck\" href=\"http:\/\/duckhome.net\/tb\/archives\/9897-Die-Akte-Gauck.html\">Die Akte Gauck<\/a><\/span><\/span><br \/>\n<span style=\"font-size: small;\"><span lang=\"de-DE\">Und immer daran denken, wie gef\u00e4hrlich es ist, wenn sich ROT\/GR\u00dcN mit irgendwelchen Empfehlung ins Rampenlicht begeben, denn dieses ewig gestrige Pr\u00e4sidentenpfl\u00e4nzchen wuchs n\u00e4mlich auf ihrem <\/span><span lang=\"de-DE\"><i>nachhaltigen<\/i><\/span><span lang=\"de-DE\"> \u00d6komist. <\/span><\/span><br \/>\n<span style=\"font-size: small;\"><span lang=\"de-DE\">Hi, hi, hi &#8211; nach zwei Tagen haneb\u00fcchender S\u00fc\u00dfholzraspelei mit Kettens\u00e4gen, beginnen nun allerorten verbale Demontagen. Langsam wird er endlich auf jene entsprechen Gr\u00f6\u00dfe gegauckt, die man ihm eigentlich schon immer, sogar bei geschlossenen Augen abnehmen konnte, auf den des moralinsauren \u201eselbstgerechte Wichtigtuers\u201c <\/span><span lang=\"de-DE\"><b>(<\/b><\/span><span lang=\"de-DE\"><i>E. Hecht-Galinski<\/i><\/span><span lang=\"de-DE\"><b>)<\/b><\/span><span lang=\"de-DE\">, der dem <\/span><span lang=\"de-DE\"><i>wichtigen Amt<\/i><\/span><span lang=\"de-DE\"> eines <em>Bupr\u00e4sis<\/em> mehr Schaden zugef\u00fcgte, als alle seine Vorg\u00e4nger in den letzten Jahrzehnten zusammen&#8230; <\/span><\/span><\/p>\n","protected":false},"excerpt":{"rendered":"<p>So \u00e4hnlich ging es mir kurz nach dem ich den gestrigen Schrieb im Blog versenkt hatte. Die Eitelkeit von Hein Gauck ist zwar die eine Seite, aber anders herum wird n\u00e4mlich ein Schuh draus! Letztlich kann man seinen Abgang als vollendeten K\u00f6hler mit viertel Schraube bezeichnen. Seine Politkarriere endet so seicht, wie sie mal bei [&hellip;]<\/p>\n","protected":false},"author":6,"featured_media":0,"comment_status":"open","ping_status":"open","sticky":false,"template":"","format":"standard","meta":{"footnotes":""},"categories":[1],"tags":[],"class_list":["post-28359","post","type-post","status-publish","format-standard","hentry","category-allgemeines"],"_links":{"self":[{"href":"https:\/\/zonenklaus.de\/wordpress\/index.php?rest_route=\/wp\/v2\/posts\/28359","targetHints":{"allow":["GET"]}}],"collection":[{"href":"https:\/\/zonenklaus.de\/wordpress\/index.php?rest_route=\/wp\/v2\/posts"}],"about":[{"href":"https:\/\/zonenklaus.de\/wordpress\/index.php?rest_route=\/wp\/v2\/types\/post"}],"author":[{"embeddable":true,"href":"https:\/\/zonenklaus.de\/wordpress\/index.php?rest_route=\/wp\/v2\/users\/6"}],"replies":[{"embeddable":true,"href":"https:\/\/zonenklaus.de\/wordpress\/index.php?rest_route=%2Fwp%2Fv2%2Fcomments&post=28359"}],"version-history":[{"count":7,"href":"https:\/\/zonenklaus.de\/wordpress\/index.php?rest_route=\/wp\/v2\/posts\/28359\/revisions"}],"predecessor-version":[{"id":28366,"href":"https:\/\/zonenklaus.de\/wordpress\/index.php?rest_route=\/wp\/v2\/posts\/28359\/revisions\/28366"}],"wp:attachment":[{"href":"https:\/\/zonenklaus.de\/wordpress\/index.php?rest_route=%2Fwp%2Fv2%2Fmedia&parent=28359"}],"wp:term":[{"taxonomy":"category","embeddable":true,"href":"https:\/\/zonenklaus.de\/wordpress\/index.php?rest_route=%2Fwp%2Fv2%2Fcategories&post=28359"},{"taxonomy":"post_tag","embeddable":true,"href":"https:\/\/zonenklaus.de\/wordpress\/index.php?rest_route=%2Fwp%2Fv2%2Ftags&post=28359"}],"curies":[{"name":"wp","href":"https:\/\/api.w.org\/{rel}","templated":true}]}}