{"id":28431,"date":"2016-06-24T22:33:42","date_gmt":"2016-06-24T21:33:42","guid":{"rendered":"http:\/\/zonenklaus.de\/wordpress\/?p=28431"},"modified":"2016-06-25T07:06:35","modified_gmt":"2016-06-25T06:06:35","slug":"brexiteers-sorgen-weltweit-fuer-viel-bestuerzung-unendliche-betroffenheit-und-massenhafte-schocks","status":"publish","type":"post","link":"https:\/\/zonenklaus.de\/wordpress\/?p=28431","title":{"rendered":"Brexiteers sorgen weltweit f\u00fcr \u201eviel Best\u00fcrzung\u201c, \u201eunendliche Betroffenheit\u201c und \u201emassenhafte Schocks\u201c"},"content":{"rendered":"<p><b>(<\/b><i>Dabei dachte ich ewig, selbige Worte sind bereits copyrightm\u00e4\u00dfig anderweitig besetzt und werden nur nach Attentaten oder bei ertrunkenen Fl\u00fcchtlingen benutzt.<\/i><b>)<\/b><\/p>\n<p>Nun etwas aus den Medien<strong>:<\/strong> Immer wieder wird daraufhin gewiesen, dass 51,9% der Briten den Brexit ersehnen, allerdings 48,1% nun N\u00e4se machen.<br \/>\nDie Crux an den Zahlen ist doch aber eine ganz andere!<br \/>\nNicht etwa die H\u00e4lfte dortiger Eingeborener zeigten der EU den Stinkefinger, sondern weniger als ein dreiviertel aller Wahlberechtigten teilten die angesagten 100% unter sich auf.<br \/>\n<b>(<\/b><i>Bei den letztj\u00e4hrigen polnischen Parlamentswahlen wurden \u00e4hnliche Rechenexempel statuiert, die PIS errang mit 37,6% die absolute Mehrheit bei einer <\/i><i><b>Wahlbeteiligung von rund 60%!<\/b><\/i><b>) <\/b><br \/>\nNirgends fand ich im Netz eine Zahl \u00fcber die angetretenen Wahlesel<sup>&amp;Innen <\/sup>auf der Insel, waren wohl 72%.<br \/>\nIst ja auch egal, allerdings entfachte jenes Ergebnis Sternstunden f\u00fcr Myriaden von Sp\u00f6kenkiekern und Dummschnackern! Wer es nicht glauben will, der sollte mal den Link ber\u00fchren. Dahinter verbirgt sich der fr\u00fchabendliche nichtssagende Pausenf\u00fcller, der immer noch unter <a title=\"TAGESSCHAU\" href=\"http:\/\/www.daserste.de\/information\/nachrichten-wetter\/tagesschau\/videosextern\/tagesschau-mit-gebaerdensprache-20-00-uhr-2628.html\">TAGESSCHAU<\/a> firmiert. Vorsichtshalber wurde die Sendung aufgenommen, so lassen sich visuelle Highlights besser w\u00e4hrend des Schnelldurchlaufes herausfischen.<br \/>\nBei <a title=\"Hanni H\u00fcsch \" href=\"https:\/\/de.wikipedia.org\/wiki\/Hanni_H%C3%BCsch\">Hanni H\u00fcsch <\/a>musste ich mir die Brille aufsetzen. Ihr <i>Styling<\/i> kommt f\u00fcr mich immer gleich nach Mutti, scheinbar lassen sich beide von <a title=\"Walzens Udo\" href=\"http:\/\/www.bz-berlin.de\/leute\/udo-walz-neuer-salon-mit-extra-raum-fuer-frauen-mit-schleier\">Walzens Udo<\/a> beraten. Ihr gewagtes heutiges Styling in karminrotem Zwirn, prallvoll mit Einpunkt\/Keinpunkt, erinnerte mich doch sehr an eine etwas aufgepeppte <a title=\"Dederon\" href=\"http:\/\/www.dederon-design.de\/index2.html\">Dederon<\/a>&#8211;<a title=\"Kittelsch\u00fcrze\" href=\"https:\/\/www.amazon.de\/Sch%C3%BCrze-Kittelsch%C3%BCrze-Dederon-wei%C3%9Fen-Punkten\/dp\/B00GXCHUPC?ie=UTF8&amp;childASIN=B00GXCHUPC&amp;creative=22506&amp;creativeASIN=B00GXCHUPC&amp;linkCode=df0&amp;ref_=asc_df_B00GXCHUPC34612508&amp;smid=AI2PWIMW6428B&amp;tag=lionshome-21\">Kittelsch\u00fcrze<\/a>&#8230;<br \/>\n<a title=\"Meister Schulz\" href=\"http:\/\/www.tagesschau.de\/inland\/schulz-brexit-103.html\">Meister Schulz<\/a> will die n\u00e4chste Zeit mit endlosen Diskussionen ausf\u00fcllen.<br \/>\n<a title=\"Manfred Weber\" href=\"https:\/\/de.wikipedia.org\/wiki\/Manfred_Weber_(Politiker)\">Manfred Weber<\/a> kommt noch nicht so oft auf dem Bildschirm vor, ist aber lustig!<br \/>\nF\u00fcr Mutti ist <i>Europa stark genug um richtige Antworten zugeben<\/i>, au\u00dferdem will sie <i>alles langsam angehen lassen<\/i> und <i>ohne Schnellschl\u00fcsse <\/i><b>(<\/b>Schnellsch\u00fcsse?<b>) &#8211; <\/b><i>nichts \u00fcberhasten! <\/i><br \/>\nDie anschlie\u00dfenden Sprechblasen des Vizekanzlers entsprachen zwar seiner K\u00f6rperf\u00fclle, waren aber le<i>e<\/i>rreich.<br \/>\n<a href=\"http:\/\/zonenklaus.de\/wordpress\/wp-content\/uploads\/2016\/06\/Brex.mp3\">Markus Kerbe<\/a> trieb seine wichtige Aussage dann auf die Spitze, was sollte sie mir eigentlich vermitteln?<br \/>\n<b>&#8211; <\/b>Letzten Samstag ging es irgendwo im Radio um Butter und Milch. Ein ganz gro\u00dfer E<i>ks<\/i>perte forderte wegen der geringen Ankaufpreise aller Handelsketten endlich Subventionen f\u00fcr die Milcherzeuger. Dabei sprach selbiger Knabe ewig von einem <i>Milchberg!<\/i><br \/>\n&#8211; W\u00e4hrend der Suche im Netz fand ich dann noch die <i>sehr weise Erkenntnis<\/i> von Komiker Sarkozy: <i>Die Entscheidung der Briten gegen die EU-Mitgliedschaft reflektiere eine starke Ablehnung eines Europas, wie es derzeit funktioniert. <\/i>Ha, ha, ha! Haben wir da gelacht&#8230;<\/p>\n","protected":false},"excerpt":{"rendered":"<p>(Dabei dachte ich ewig, selbige Worte sind bereits copyrightm\u00e4\u00dfig anderweitig besetzt und werden nur nach Attentaten oder bei ertrunkenen Fl\u00fcchtlingen benutzt.) Nun etwas aus den Medien: Immer wieder wird daraufhin gewiesen, dass 51,9% der Briten den Brexit ersehnen, allerdings 48,1% nun N\u00e4se machen. Die Crux an den Zahlen ist doch aber eine ganz andere! Nicht [&hellip;]<\/p>\n","protected":false},"author":6,"featured_media":0,"comment_status":"open","ping_status":"open","sticky":false,"template":"","format":"standard","meta":{"footnotes":""},"categories":[1],"tags":[],"class_list":["post-28431","post","type-post","status-publish","format-standard","hentry","category-allgemeines"],"_links":{"self":[{"href":"https:\/\/zonenklaus.de\/wordpress\/index.php?rest_route=\/wp\/v2\/posts\/28431","targetHints":{"allow":["GET"]}}],"collection":[{"href":"https:\/\/zonenklaus.de\/wordpress\/index.php?rest_route=\/wp\/v2\/posts"}],"about":[{"href":"https:\/\/zonenklaus.de\/wordpress\/index.php?rest_route=\/wp\/v2\/types\/post"}],"author":[{"embeddable":true,"href":"https:\/\/zonenklaus.de\/wordpress\/index.php?rest_route=\/wp\/v2\/users\/6"}],"replies":[{"embeddable":true,"href":"https:\/\/zonenklaus.de\/wordpress\/index.php?rest_route=%2Fwp%2Fv2%2Fcomments&post=28431"}],"version-history":[{"count":6,"href":"https:\/\/zonenklaus.de\/wordpress\/index.php?rest_route=\/wp\/v2\/posts\/28431\/revisions"}],"predecessor-version":[{"id":28438,"href":"https:\/\/zonenklaus.de\/wordpress\/index.php?rest_route=\/wp\/v2\/posts\/28431\/revisions\/28438"}],"wp:attachment":[{"href":"https:\/\/zonenklaus.de\/wordpress\/index.php?rest_route=%2Fwp%2Fv2%2Fmedia&parent=28431"}],"wp:term":[{"taxonomy":"category","embeddable":true,"href":"https:\/\/zonenklaus.de\/wordpress\/index.php?rest_route=%2Fwp%2Fv2%2Fcategories&post=28431"},{"taxonomy":"post_tag","embeddable":true,"href":"https:\/\/zonenklaus.de\/wordpress\/index.php?rest_route=%2Fwp%2Fv2%2Ftags&post=28431"}],"curies":[{"name":"wp","href":"https:\/\/api.w.org\/{rel}","templated":true}]}}