{"id":28471,"date":"2016-07-02T22:25:56","date_gmt":"2016-07-02T21:25:56","guid":{"rendered":"http:\/\/zonenklaus.de\/wordpress\/?p=28471"},"modified":"2016-07-03T09:48:16","modified_gmt":"2016-07-03T08:48:16","slug":"runde-zwei-stunden-soll-die-vernehmung-von-genossin-kraft-vor-dem-untersuchungsausschuss-gedauert-haben","status":"publish","type":"post","link":"https:\/\/zonenklaus.de\/wordpress\/?p=28471","title":{"rendered":"Runde zwei Stunden soll die \u201eVernehmung\u201c von Genossin Kraft vor dem \u201eUntersuchungsausschuss\u201c gedauert haben"},"content":{"rendered":"<p>Niemand muss sich \u00fcber die <i>Winkelz\u00fcge<\/i> und den damit verbundenen Hang zur <i>brutalstm\u00f6glichen Aufkl\u00e4rung<\/i> <b>(<\/b><a title=\"\u00a9 Roland Koch\" href=\"http:\/\/www.welt.de\/welt_print\/regionales\/article9203701\/Brutalstmoegliche-Aufklaerung-Koch-Saetze-die-bleiben.html\"><span style=\"font-family: Times New Roman,serif;\"><i>\u00a9<\/i><\/span><\/a><span style=\"font-family: Times New Roman,serif;\"><i><a title=\"\u00a9 Roland Koch\" href=\"http:\/\/www.welt.de\/welt_print\/regionales\/article9203701\/Brutalstmoegliche-Aufklaerung-Koch-Saetze-die-bleiben.html\"> Roland Koch<\/a>, 58, CDU, kleinw\u00fcchsig<\/i><\/span><span style=\"font-family: Times New Roman,serif;\"><b>) <\/b><\/span><span style=\"font-family: Times New Roman,serif;\">wundern, was die <\/span><span style=\"font-family: Times New Roman,serif;\"><b>(<\/b><\/span><span style=\"font-family: Times New Roman,serif;\"><i>vorgesch\u00fctzte?<\/i><\/span><span style=\"font-family: Times New Roman,serif;\"><b>)<\/b><\/span> <a title=\"breitgef\u00e4cherte Unwissenheit\" href=\"http:\/\/www.welt.de\/politik\/deutschland\/article156744209\/Hannelore-Kraft-kann-Schweigen-nach-Koeln-kaum-erklaeren.html\"><span style=\"font-family: Times New Roman,serif;\"><i>breitgef\u00e4cherte Unwissenheit<\/i><\/span><\/a><span style=\"font-family: Times New Roman,serif;\"> jener selbstgerechten roten <\/span><span style=\"font-family: Times New Roman,serif;\"><i>Dame <\/i><\/span><span style=\"font-family: Times New Roman,serif;\">betreffen, die irgendwie <\/span><span style=\"font-family: Times New Roman,serif;\">im Zusammenhang mit den Vorg\u00e4ngen der vergangenen Silvesternacht stehen. <\/span><br \/>\n<span style=\"font-family: Times New Roman,serif;\">Merkw\u00fcrdig wie Hanni sich seit Wochen bereits windet, scheinbar wird sie dabei ewig von riesigen Funkl\u00f6chern verfolgt und diese sind ganz sch\u00f6n gef\u00e4hrlich. <\/span><br \/>\n<span style=\"font-family: Times New Roman,serif;\">Hinzu kommt, dass man nicht nur wegen der vielen digitalen Bermudadreiecke die Vermutung anstellen kann, dass in ihrer H\u00fctte dienstliche und zwischenmenschliche Kommunikation auf ein Mindestma\u00df reduziert sind. Wie k\u00f6nnte sonst die dreit\u00e4gige Funkstille nach jener Silvesternacht, zwischen ihr und dem Innenminister, eine plausible Erkl\u00e4rung finden? <\/span><br \/>\n<span style=\"font-family: Times New Roman,serif;\"><b>&#8211; <\/b><\/span><span style=\"font-family: Times New Roman,serif;\">Mir gingen Floskeln immer schon kalt am Arsch vorbei. <\/span><br \/>\n<span style=\"font-family: Times New Roman,serif;\">Nun irren aber in Rudeln von irgendwelchem Lohngesindel stets ein Haufen Zeitgenossen herum, die wenigstens am Jahresende, wenn sie sich schon 12 Monate von teilweise recht unterbelichteten Vorgesetzten knechten lassen mussten,\u00a0 auf jene kostenfreie Anteilnahme <\/span><span style=\"font-family: Times New Roman,serif;\">trotzdem<\/span><span style=\"font-family: Times New Roman,serif;\"> sehr viel Wert legen. <\/span><br \/>\n<span style=\"font-family: Times New Roman,serif;\">Was lie\u00df die gro\u00dfe <\/span><i><span style=\"font-family: Times New Roman,serif;\">Scheffin<\/span><\/i><span style=\"font-family: Times New Roman,serif;\"> dar\u00fcber verlautbaren? <\/span><i><span style=\"font-family: Times New Roman,serif;\">Es habe keinen Austausch gegeben, nicht einmal Weihnachts- oder Neujahrsgr\u00fc\u00dfe, au\u00dfer von Krafts B\u00fcroleiterin <\/span><\/i><span style=\"font-family: Times New Roman,serif;\"><b>(<\/b><\/span><span style=\"font-family: Times New Roman,serif;\">Ob sie wohl schon als das kommende Bauernopfer auserkoren wurde?<\/span><span style=\"font-family: Times New Roman,serif;\"><b>)<\/b><\/span><i><span style=\"font-family: Times New Roman,serif;\">, hie\u00df es allenthalben. &#8220;Ich kann nichts verbergen, was es nicht gab&#8221;, beteuert Kraft immer wieder &#8211; <\/span><\/i><span style=\"font-family: Times New Roman,serif;\">solche arg reduzierten <\/span><i><span style=\"font-family: Times New Roman,serif;\">sozialen Umgangsformen<\/span><\/i><span style=\"font-family: Times New Roman,serif;\"> lassen doch sehr tief blicken!<\/span><br \/>\n<span style=\"font-family: Times New Roman,serif;\">M\u00f6glicherweise taucht ja von irgendwoher noch ein <\/span><a title=\"Whistleblower\" href=\"http:\/\/www.spiegel.de\/politik\/deutschland\/hannelore-kraft-zur-koelner-silvesternacht-es-wird-nichts-vertuscht-a-1100903.html\"><span style=\"font-family: Times New Roman,serif;\"><i>Whistleblower<\/i><\/span><\/a><span style=\"font-family: Times New Roman,serif;\"> auf, der etwas Licht in so einige verworrene Aussagen der Frau Ministerpr\u00e4sidentin bringt. <\/span><br \/>\n<span style=\"font-family: Times New Roman,serif;\">Mir k\u00f6nnte niemand erz\u00e4hlen, wenn ich nicht gerade tot sterbenskrank in der Koje gelegen h\u00e4tte, dass solche weltweit heraus posaunten sexuellen \u00dcbergriffe in keiner Form an meine Lauscher gedrungen w\u00e4ren. <\/span><br \/>\n<!--more--><span style=\"font-family: Times New Roman,serif;\">Dabei h\u00e4tte gerade sie eigentlich stutzig werden m\u00fcssen, weil jene sehr herben k\u00f6rperlichen Kontaktversuche au\u00dferhalb der Karnevalszeit stattfanden. In den 72 Stunden der <\/span><span style=\"font-family: Times New Roman,serif;\"><i>drei tollen Tage<\/i><\/span><span style=\"font-family: Times New Roman,serif;\"> geh\u00f6rt es allerdings seit Jahrhunderten zu einer alten Tradition, sein Unwohlsein, welches von l\u00e4nger anhaltender chronischer Unterv\u00f6gelung herr\u00fchrt, endlich mal kurzfristig auszuleben&#8230; <\/span><br \/>\n<span style=\"font-family: Times New Roman,serif;\">In meiner Erinnerung blieb haften, bereits zwei Tage nach Silvester, schnappte ich in den Medien irgendwo die Meldung auf, dass es sich dabei um sehr aggressiv agierende Massen von pigmentierten jungen Leute handelte. Jene Berichte wurden anschlie\u00dfend aber mehrere Tage nicht mehr wiederholt&#8230; <\/span><br \/>\n<span style=\"font-family: Times New Roman,serif;\">Eigentlich sollte man <\/span><span style=\"font-family: Times New Roman,serif;\"><i>Hannelore K., 55, SPD<\/i><\/span><sup>(1)<\/sup><span style=\"font-family: Times New Roman,serif;\"><i>,<\/i><\/span><span style=\"font-family: Times New Roman,serif;\"> canceln, wenn sie ihren Laden nicht entsprechend verwalten kann und nebenher besonders wichtige Signale der heutigen Zeit nicht registriert! Dann scheint die H\u00fctte wohl doch nicht der entsprechende Arbeitsplatz f\u00fcr sie zu sein. <\/span><br \/>\n<span style=\"font-family: Times New Roman,serif;\">In der Zone kam es sogar manchmal vor, dass unf\u00e4hige Funktion\u00e4re<\/span><sup><span style=\"font-family: Times New Roman,serif;\">&amp;innen<\/span><\/sup><span style=\"font-family: Times New Roman,serif;\"> sich in der Produktion bew\u00e4hren mussten. Um trotzdem weiter im Landtag arbeiten zu k\u00f6nnen, f\u00e4nden sich bestimmt verantwortungsvolle \u00fcberschaubare und <\/span><span style=\"font-family: Times New Roman,serif;\"><i>konstruktive <\/i><\/span><span style=\"font-family: Times New Roman,serif;\">Jobs, z.B. in einem Besengeschwader oder der Pf\u00f6rtnerloge. <\/span><br \/>\n<span style=\"font-family: Times New Roman,serif;\">Ehe solche Konsequenzen in der hiesigen Republik oder der EU irgendwann mal in Betracht k\u00e4men, da ginge eher ein Kamel durch ein Nadel\u00f6hr.<\/span><br \/>\n<span style=\"font-family: Times New Roman,serif;\">Zumal &#8211; siehe ein paar Zeilen h\u00f6her<\/span><span style=\"font-family: Times New Roman,serif;\"><b>\u2191<\/b><\/span><sup><span style=\"font-family: Times New Roman,serif;\"><b>(1)<\/b><\/span><\/sup><span style=\"font-family: Times New Roman,serif;\"><b>!<\/b><\/span><span style=\"font-family: Times New Roman,serif;\"> &#8211; Madame auf Deubel komm raus gehalten werden muss! Dabei spielt es keine Geige, auch wenn UNS die gutmenschelnden politisch korrekten Quoten, wegen ihrer N<\/span><span style=\"font-family: Times New Roman,serif;\"><i>achhaltigkeit <\/i><\/span><span style=\"font-family: Times New Roman,serif;\">in s\u00e4mtlichen <\/span><span style=\"font-family: Times New Roman,serif;\">Lebenslagen, geradewegs in einen <\/span><span style=\"font-family: Times New Roman,serif;\"><i>demokraturisch<\/i><\/span><span style=\"font-family: Times New Roman,serif;\"> verbr\u00e4mten Orkus treiben. <\/span><span style=\"font-family: Times New Roman,serif;\">Weil es sich bei H. Kraft n\u00e4mlich um eine Person mit <\/span><span style=\"font-family: Times New Roman,serif;\"><i>M<\/i><\/span><span style=\"font-family: Times New Roman,serif;\"><i>enstrua<\/i><\/span><span style=\"font-family: Times New Roman,serif;\">tionshintergrund<\/span><sup>(2) <\/sup><span style=\"font-family: Times New Roman,serif;\">handelt&#8230; <\/span><\/p>\n<p><sup>(2)<\/sup><span style=\"font-family: Times New Roman,serif;\"><b>(<\/b><\/span><span style=\"font-family: Times New Roman,serif;\"><i>Den Begriff schnappte ich vor einiger Zeit mal im Wirtshaus auf und finde ihn recht brauchbar.<\/i><\/span><span style=\"font-family: Times New Roman,serif;\"><b>)<\/b><\/span><\/p>\n","protected":false},"excerpt":{"rendered":"<p>Niemand muss sich \u00fcber die Winkelz\u00fcge und den damit verbundenen Hang zur brutalstm\u00f6glichen Aufkl\u00e4rung (\u00a9 Roland Koch, 58, CDU, kleinw\u00fcchsig) wundern, was die (vorgesch\u00fctzte?) breitgef\u00e4cherte Unwissenheit jener selbstgerechten roten Dame betreffen, die irgendwie im Zusammenhang mit den Vorg\u00e4ngen der vergangenen Silvesternacht stehen. Merkw\u00fcrdig wie Hanni sich seit Wochen bereits windet, scheinbar wird sie dabei ewig [&hellip;]<\/p>\n","protected":false},"author":6,"featured_media":0,"comment_status":"open","ping_status":"open","sticky":false,"template":"","format":"standard","meta":{"footnotes":""},"categories":[1],"tags":[],"class_list":["post-28471","post","type-post","status-publish","format-standard","hentry","category-allgemeines"],"_links":{"self":[{"href":"https:\/\/zonenklaus.de\/wordpress\/index.php?rest_route=\/wp\/v2\/posts\/28471","targetHints":{"allow":["GET"]}}],"collection":[{"href":"https:\/\/zonenklaus.de\/wordpress\/index.php?rest_route=\/wp\/v2\/posts"}],"about":[{"href":"https:\/\/zonenklaus.de\/wordpress\/index.php?rest_route=\/wp\/v2\/types\/post"}],"author":[{"embeddable":true,"href":"https:\/\/zonenklaus.de\/wordpress\/index.php?rest_route=\/wp\/v2\/users\/6"}],"replies":[{"embeddable":true,"href":"https:\/\/zonenklaus.de\/wordpress\/index.php?rest_route=%2Fwp%2Fv2%2Fcomments&post=28471"}],"version-history":[{"count":3,"href":"https:\/\/zonenklaus.de\/wordpress\/index.php?rest_route=\/wp\/v2\/posts\/28471\/revisions"}],"predecessor-version":[{"id":28474,"href":"https:\/\/zonenklaus.de\/wordpress\/index.php?rest_route=\/wp\/v2\/posts\/28471\/revisions\/28474"}],"wp:attachment":[{"href":"https:\/\/zonenklaus.de\/wordpress\/index.php?rest_route=%2Fwp%2Fv2%2Fmedia&parent=28471"}],"wp:term":[{"taxonomy":"category","embeddable":true,"href":"https:\/\/zonenklaus.de\/wordpress\/index.php?rest_route=%2Fwp%2Fv2%2Fcategories&post=28471"},{"taxonomy":"post_tag","embeddable":true,"href":"https:\/\/zonenklaus.de\/wordpress\/index.php?rest_route=%2Fwp%2Fv2%2Ftags&post=28471"}],"curies":[{"name":"wp","href":"https:\/\/api.w.org\/{rel}","templated":true}]}}