{"id":28475,"date":"2016-07-06T22:11:07","date_gmt":"2016-07-06T21:11:07","guid":{"rendered":"http:\/\/zonenklaus.de\/wordpress\/?p=28475"},"modified":"2016-07-07T01:31:31","modified_gmt":"2016-07-07T00:31:31","slug":"g-walker-bush-vollendet-sein-70stes-lebensjahr","status":"publish","type":"post","link":"https:\/\/zonenklaus.de\/wordpress\/?p=28475","title":{"rendered":"G. Walker Bush vollendet sein 70stes Lebensjahr&#8230;"},"content":{"rendered":"<p>Was hunderttausende von Irakern schon lange nicht mehr von sich behaupten k\u00f6nnen, weil sie seit <a title=\"2003 \" href=\"http:\/\/www.gmx.net\/magazine\/politik\/bush-portraet-ex-praesidenten-70-geburtstag-31668452\">2003 <\/a>kontinuierliche in das karge Gras ihrer maltr\u00e4tierten Heimat bissen&#8230;<br \/>\nBei <a title=\"statista\" href=\"http:\/\/de.statista.com\/statistik\/daten\/studie\/163882\/umfrage\/dokumentierte-zivile-todesopfer-im-irakkrieg-seit-2003\/\">statista<\/a> findet man <i>The Best of <\/i>der unterschiedlichsten Todesarten im Zusammenhang mit jenem <i>Blitzkrieg<\/i> und den anschlie\u00dfenden Folgen.<br \/>\nHeute kam nun in UK der sogenannte <a title=\"Chilcot-Bericht\" href=\"http:\/\/www.tagesschau.de\/ausland\/irakkrieg-kommission-105.html\">Chilcot-Bericht<\/a> auf den Tisch, in dem an Ex-Premier Tony Blair sachte Ma\u00df genommen wird.<br \/>\nEr und sein Kumpel, Bush jun., kann man nach ihrer gemeinsamen Aktion sogar als die Geburtshelfer des IS bezeichnen. An der Tatsache \u00e4ndert aber Blairs halbherzige Entschuldigung f\u00fcr den Irak-Krieg absolut nichts, auch wenn sie bereits vor einigen Jahren erfolgte.<br \/>\nSoll man nun im Angesicht des Kommissionsberichtes zum Irak-Krieg lachen oder Krokodilstr\u00e4nen herausquetschen?<br \/>\n<i>Tony glaubte, das Richtige getan zuhaben! <\/i><br \/>\n<b>&#8211;<\/b> Wo waren damals \u00fcberhaupt die Stimmen der Wichtigtuer und Selbstdarsteller aus Br\u00fcssel??<br \/>\nWer solche <i>gl\u00e4ubigen<\/i> Politikern in seiner N\u00e4he hat, der braucht wirklich keine weiteren Feinde! Ganz sch\u00f6n bedenklich, denn dergestalt Abziehbilder irren auch auf der Eurasische Kontinentalplatten massenhaft herum!<br \/>\nMal retour zu John Chilcot, der werkelte \u00fcber sieben Jahre an dem Schriftwerk, das <i>12 B\u00e4nde<\/i> und <i>2,6 Millionen<\/i> W\u00f6rter beinhaltet, rund dreimal so lang wie eine Shakespeare-Gesamtausgabe!<br \/>\nWowww &#8211; vielleicht reicht es ja f\u00fcr den diesj\u00e4hrigen Literaturnobelpreis, zumindest f\u00fcr den <i>alternd\/naiven<\/i>&#8230;<!--more--><br \/>\nHier die eigentlichen Kernaussagen: <i>Der Milit\u00e4r-Einsatz war demnach v\u00f6lkerrechtlich mindestens fragw\u00fcrdig. Er basierte auf fehlerhaften Informationen der Geheimdienste \u00fcber die angeblichen Massenvernichtungswaffen Saddam Husseins, die niemand hinterfragte.<\/i><br \/>\nJene Erkenntnis h\u00e4tte der verantwortliche Butler und k\u00f6niglicher Mitternachtsvasenentleerer ebenso parat gehabt, den hat aber niemand darauf angesprochen.<br \/>\n<i>Gro\u00dfbritannien ist im Jahr 2003 voreilig in den Irak einmarschiert, <\/i>dies h\u00e4tten sie nach dem Brexit erledigen sollen!<br \/>\nNun noch <a title=\"O-T\u00f6ne von TB\" href=\"http:\/\/www.spiegel.de\/politik\/ausland\/chilcot-bericht-kritisiert-tony-blair-irakkrieg-war-nicht-das-letzte-mittel-a-1101542.html\">O-T\u00f6ne von TB<\/a>: <i>Ich werde an deiner Seite sein, egal <\/i><b>(<\/b>wenn<b>) <\/b><i>was kommt.<\/i>&#8220;<i> Der Premier schrieb diese Zeilen im Juli 2002 an Bush &#8211; bereits acht Monate vor der Invasion. Blair, hei\u00dft es in dem Bericht, habe sein Land in eine diplomatische Lage gef\u00fchrt, aus der es kaum ein Zur\u00fcck mehr gab.<\/i><br \/>\nIm Schrieb, vom 1. August 2012, lie\u00df ich etwas \u00fcber den verblichenen <a title=\"Gore Vidal \" href=\"http:\/\/zonenklaus.de\/wordpress\/?p=18349\">Gore Vidal <\/a>ab, der in <i>\u201eThe Day America Told the Truth\u201c <\/i>\u00e4u\u00dferte: O<i>ffensichtlich gibt es f\u00fcr unsere verwirrten Massen nichts Aufregenderes&#8230;\u201c <\/i><br \/>\nDies wird es gewesen sein, Tony Blair war ins Amiland ged\u00fcst, hat sich in die Schlange der <i>verwirrten Massen<\/i> vor George und Barbara eingereiht und im Angesicht multipler Orgasmen gesagt, <i>ich werde an deiner Seite sein, egal wann es Dir kommt!<\/i> Der O-Ton wurde schlie\u00dflich entstellt an die Medien weitergegeben.<br \/>\n<i>&#8220;Die Entscheidung, in den Irak-Krieg zu ziehen, um Saddam Hussein zu entmachten, war die schwierigste, die folgenschwerste und die qualvollste, die ich in meinen zehn Amtsjahren getroffen habe. F\u00fcr diese Entscheidung \u00fcbernehme ich die volle Verantwortung &#8211; ohne Wenn und Aber.&#8221;<\/i><br \/>\nEs ist bekanntlich schon viel Wasser die Themse hinunter geflossen, nun sollte man seine Sprechblase <i>voller Verantwortung &#8211; ohne Wenn und Aber, <\/i>endlich mit irgendetwas f\u00fcllen, schlie\u00dflich ist das Leben ein Geben und Nehmen! Da haben UNS die beiden unterbelichteten Strategen den Terror der IS beschert, daf\u00fcr sollten sie abschlie\u00dfend auch belohnt werden!<br \/>\nF\u00fcr George W. Bush k\u00f6nnte es sogar wie ein versp\u00e4tetes Geburtstagsgeschenk aussehen.<br \/>\nAb mit beiden zur <i>Erholung<\/i> in die Guant\u00e1namo-Bucht, nebst s\u00e4mtlicher Wellness-Therapien dortiger Spezialisten!<br \/>\nWas wird in der Perspektive mit dem John-Chilcot-Report geschehen?<br \/>\nIm Auftrag von UNO und EU wird er in s\u00e4mtliche Sprachen und Dialekte der hiesigen Erdenscheibe \u00fcbersetzt. Die kommenden Druckauflagen werden die produziert Menge von <i>Mein Kampf <\/i>und der <i>Bibel<\/i> um ein vielfaches \u00fcbersteigen.<br \/>\nJahrelang f\u00fchrt demn\u00e4chst der J-C-R die Spiegelbestsellerliste an<br \/>\nAllerdings wird eine ganz bestimmte Clique voll auf den Text abfahren, weil sie ihn sofort auf bestimmte Reizworte abgrast. Hierf\u00fcr in Frage kommend Passagen entsprechend verwurstet um sich daraus eine Art Kommunikations-Viagra anzur\u00fchren. Jene Placebos werden dann kurz vor Beginn jener armseligen Dummschw\u00e4tzer-Shows eingepfiffen, um anschlie\u00dfend als pr\u00e4potente E<i>ks<\/i>perten solche verbalen Bukkake-Runden \u00fcberstehen zu k\u00f6nnen&#8230;<br \/>\n<b>&#8211;<\/b> Ungeahnte Quoten dr\u00e4uen bereits am Horizont<\/p>\n","protected":false},"excerpt":{"rendered":"<p>Was hunderttausende von Irakern schon lange nicht mehr von sich behaupten k\u00f6nnen, weil sie seit 2003 kontinuierliche in das karge Gras ihrer maltr\u00e4tierten Heimat bissen&#8230; Bei statista findet man The Best of der unterschiedlichsten Todesarten im Zusammenhang mit jenem Blitzkrieg und den anschlie\u00dfenden Folgen. Heute kam nun in UK der sogenannte Chilcot-Bericht auf den Tisch, [&hellip;]<\/p>\n","protected":false},"author":6,"featured_media":0,"comment_status":"open","ping_status":"open","sticky":false,"template":"","format":"standard","meta":{"footnotes":""},"categories":[1,37],"tags":[],"class_list":["post-28475","post","type-post","status-publish","format-standard","hentry","category-allgemeines","category-gmx-war-dabei"],"_links":{"self":[{"href":"https:\/\/zonenklaus.de\/wordpress\/index.php?rest_route=\/wp\/v2\/posts\/28475","targetHints":{"allow":["GET"]}}],"collection":[{"href":"https:\/\/zonenklaus.de\/wordpress\/index.php?rest_route=\/wp\/v2\/posts"}],"about":[{"href":"https:\/\/zonenklaus.de\/wordpress\/index.php?rest_route=\/wp\/v2\/types\/post"}],"author":[{"embeddable":true,"href":"https:\/\/zonenklaus.de\/wordpress\/index.php?rest_route=\/wp\/v2\/users\/6"}],"replies":[{"embeddable":true,"href":"https:\/\/zonenklaus.de\/wordpress\/index.php?rest_route=%2Fwp%2Fv2%2Fcomments&post=28475"}],"version-history":[{"count":4,"href":"https:\/\/zonenklaus.de\/wordpress\/index.php?rest_route=\/wp\/v2\/posts\/28475\/revisions"}],"predecessor-version":[{"id":28479,"href":"https:\/\/zonenklaus.de\/wordpress\/index.php?rest_route=\/wp\/v2\/posts\/28475\/revisions\/28479"}],"wp:attachment":[{"href":"https:\/\/zonenklaus.de\/wordpress\/index.php?rest_route=%2Fwp%2Fv2%2Fmedia&parent=28475"}],"wp:term":[{"taxonomy":"category","embeddable":true,"href":"https:\/\/zonenklaus.de\/wordpress\/index.php?rest_route=%2Fwp%2Fv2%2Fcategories&post=28475"},{"taxonomy":"post_tag","embeddable":true,"href":"https:\/\/zonenklaus.de\/wordpress\/index.php?rest_route=%2Fwp%2Fv2%2Ftags&post=28475"}],"curies":[{"name":"wp","href":"https:\/\/api.w.org\/{rel}","templated":true}]}}