{"id":28486,"date":"2016-07-08T22:53:29","date_gmt":"2016-07-08T21:53:29","guid":{"rendered":"http:\/\/zonenklaus.de\/wordpress\/?p=28486"},"modified":"2017-09-17T11:46:47","modified_gmt":"2017-09-17T10:46:47","slug":"vergangenes-wochenende-wg-schoeler-schloesschen-kleinbuergerlichdemokratischer-prostest","status":"publish","type":"post","link":"https:\/\/zonenklaus.de\/wordpress\/?p=28486","title":{"rendered":"Vergangenes Wochenende: wg. Schoeler-Schl\u00f6sschen &#8211; &#8220;kleinb\u00fcrgerlich\/demokratischer Protest&#8221;"},"content":{"rendered":"<p>Erinnerte mich etwas an die Aktion: Schwerter zu Zapfh\u00e4hnen &#8211; Saufen f\u00fcr den Frieden<br \/>\nNach 12 Jahren wachten offenkundig einige Mumien auf und gr\u00fcnden unter Obhut \u201eder linken\u201c eine BI. War mal kurz dort, wobei mir das Gef\u00fchl kam, alles Leute die sich so durch ihr Leben geschlenzt hatten, nun im \u201eUnruhestand\u201c f\u00e4llt ihnen die Decke auf den Kopf, deshalb wird jetzt noch auf die letzten Tage etwas Protest veranstalte, beginnend mit einem <a title=\"Kaffeekr\u00e4nzchen\" href=\"https:\/\/www.flickr.com\/photos\/zonenklaus\/27453448164\/in\/datetaken-ff\/\">Kaffeekr\u00e4nzchen<\/a> und Cocktail-Smalltalk! Sie hatten dabei an alles gedacht, sogar ein Renommierkr\u00fcppel ward aufgeboten, genauso wie zwei greinende G\u00f6ren&#8230;<br \/>\nSchmatzend wird \u201e<a title=\"KULTURELLE VIELFALT AUS PRINZIP\" href=\"https:\/\/www.flickr.com\/photos\/zonenklaus\/28033218176\/in\/datetaken-ff\/\">KULTURELLE VIELFALT AUS <i>PRINZIP<\/i><\/a>\u201c gefordert, dabei sind solche Zeiten l\u00e4ngst gestorben. Teile UNSERER Generation hat ihren Ablegern doch nicht allzu viel mitgegeben, traditionelles Kulturverst\u00e4ndnis schon gar nicht, denen meisten gen\u00fcgt es ja bereits, dr\u00f6ge vor ihren iPads zu hocken.<br \/>\nDabei gab es auch f\u00fcr das Geb\u00e4ude mal Zeiten, in denen dort die Luft brannte, deshalb<br \/>\nwurde das Anwesen sogar aufgestockt. In jenen Tagen avancierte dort ein <em>edler<\/em> <a title=\"Blaubl\u00fcter\" href=\"http:\/\/www.ksta.de\/image\/1514876\/max\/1920\/1080\/7177d750dd4fad935d178a9405aaa0\/rM\/148c7e002ec1c399-jpg.jpg\">Blaubl\u00fcter<\/a> zum F\u00e4hnleinf\u00fchrer der HJ im Jungbann 37 von Berlin Wilmersdorf-Zehlendorf&#8230;<\/p>\n","protected":false},"excerpt":{"rendered":"<p>Erinnerte mich etwas an die Aktion: Schwerter zu Zapfh\u00e4hnen &#8211; Saufen f\u00fcr den Frieden Nach 12 Jahren wachten offenkundig einige Mumien auf und gr\u00fcnden unter Obhut \u201eder linken\u201c eine BI. War mal kurz dort, wobei mir das Gef\u00fchl kam, alles Leute die sich so durch ihr Leben geschlenzt hatten, nun im \u201eUnruhestand\u201c f\u00e4llt ihnen die [&hellip;]<\/p>\n","protected":false},"author":6,"featured_media":0,"comment_status":"open","ping_status":"open","sticky":false,"template":"","format":"standard","meta":{"footnotes":""},"categories":[1],"tags":[],"class_list":["post-28486","post","type-post","status-publish","format-standard","hentry","category-allgemeines"],"_links":{"self":[{"href":"https:\/\/zonenklaus.de\/wordpress\/index.php?rest_route=\/wp\/v2\/posts\/28486","targetHints":{"allow":["GET"]}}],"collection":[{"href":"https:\/\/zonenklaus.de\/wordpress\/index.php?rest_route=\/wp\/v2\/posts"}],"about":[{"href":"https:\/\/zonenklaus.de\/wordpress\/index.php?rest_route=\/wp\/v2\/types\/post"}],"author":[{"embeddable":true,"href":"https:\/\/zonenklaus.de\/wordpress\/index.php?rest_route=\/wp\/v2\/users\/6"}],"replies":[{"embeddable":true,"href":"https:\/\/zonenklaus.de\/wordpress\/index.php?rest_route=%2Fwp%2Fv2%2Fcomments&post=28486"}],"version-history":[{"count":4,"href":"https:\/\/zonenklaus.de\/wordpress\/index.php?rest_route=\/wp\/v2\/posts\/28486\/revisions"}],"predecessor-version":[{"id":30109,"href":"https:\/\/zonenklaus.de\/wordpress\/index.php?rest_route=\/wp\/v2\/posts\/28486\/revisions\/30109"}],"wp:attachment":[{"href":"https:\/\/zonenklaus.de\/wordpress\/index.php?rest_route=%2Fwp%2Fv2%2Fmedia&parent=28486"}],"wp:term":[{"taxonomy":"category","embeddable":true,"href":"https:\/\/zonenklaus.de\/wordpress\/index.php?rest_route=%2Fwp%2Fv2%2Fcategories&post=28486"},{"taxonomy":"post_tag","embeddable":true,"href":"https:\/\/zonenklaus.de\/wordpress\/index.php?rest_route=%2Fwp%2Fv2%2Ftags&post=28486"}],"curies":[{"name":"wp","href":"https:\/\/api.w.org\/{rel}","templated":true}]}}