{"id":28550,"date":"2016-07-20T23:26:51","date_gmt":"2016-07-20T22:26:51","guid":{"rendered":"http:\/\/zonenklaus.de\/wordpress\/?p=28550"},"modified":"2016-07-21T13:56:43","modified_gmt":"2016-07-21T12:56:43","slug":"spd-bundestagabgeordnete-petra-hinz","status":"publish","type":"post","link":"https:\/\/zonenklaus.de\/wordpress\/?p=28550","title":{"rendered":"SPD-Bundestagabgeordnete Petra Hinz"},"content":{"rendered":"<p>Endlich mal wieder eine lustige Begebenheit, daf\u00fcr sollte man der Genossin sogar irgendeine Ehrung zuteilwerden lassen, weil es ihr gelang auch ohne Diplom oder Titel in den hohen <i>demokratischen<\/i> Sph\u00e4ren UNSERER kranken Gesellschaft herumzugeistern und wegen der momentanen Ablenkung von Terror jeglicher Art! Nix Axt &#8211; was wohl eher ein Beil war, noch Sprengstoffeinsatz oder die Variante der T\u00f6tung mit Hilfe von kinetischer Energie&#8230;<br \/>\nSo wurde von Petra\u00a0 selbst jener spezifische Werdegang der Anette Schavan noch in ungeahnter H\u00f6he getoppt &#8211; weshalb sind nun aber alle wieder betroffen, fassungslos, entgeistert, best\u00fcrzt&#8230;?<br \/>\nDabei belegte die Hinzin lediglich in langwieriger <a title=\"Politmaloche\" href=\"http:\/\/zonenklaus.de\/wordpress\/wp-admin\/post.php?post=28550&amp;action=edit\"><i>Politmaloche<\/i><\/a> welche Wertigkeit man dem hier vorherrschendem Parlamentarismus eigentlich zuschreiben k\u00f6nnte. Schon klar, es handelt sich nur um einen Einzelfall, dabei best\u00e4tigen aber Ausnahmen letztlich Regelf\u00e4lle&#8230;<br \/>\nWenn ich mir jetzt vorstelle, was sie nun in Essen f\u00fcr ein vor\u00fcbergehendes Gewusel anrichtete, schlie\u00dflich muss der rote Filz eine gro\u00dfe Tragf\u00e4higkeit besessen haben, sonst w\u00e4ren doch 11 Jahre sattes <i>Volksvertreterinnen<\/i>leben nicht m\u00f6glich gewesen oder hatte sie f\u00fcr ihren Aufstieg lediglich die Kressmann-Zschach-Methode gew\u00e4hlt?<\/p>\n<p>Es sollen sich einige Leute momentan Sorgen machen, ob ihres Abtauchens&#8230;<br \/>\nVielleicht hat Madame ja ein Zimmer im Genfer Hotel Beau-Rivage gebucht<\/p>\n","protected":false},"excerpt":{"rendered":"<p>Endlich mal wieder eine lustige Begebenheit, daf\u00fcr sollte man der Genossin sogar irgendeine Ehrung zuteilwerden lassen, weil es ihr gelang auch ohne Diplom oder Titel in den hohen demokratischen Sph\u00e4ren UNSERER kranken Gesellschaft herumzugeistern und wegen der momentanen Ablenkung von Terror jeglicher Art! Nix Axt &#8211; was wohl eher ein Beil war, noch Sprengstoffeinsatz oder [&hellip;]<\/p>\n","protected":false},"author":6,"featured_media":0,"comment_status":"open","ping_status":"open","sticky":false,"template":"","format":"standard","meta":{"footnotes":""},"categories":[1],"tags":[],"class_list":["post-28550","post","type-post","status-publish","format-standard","hentry","category-allgemeines"],"_links":{"self":[{"href":"https:\/\/zonenklaus.de\/wordpress\/index.php?rest_route=\/wp\/v2\/posts\/28550","targetHints":{"allow":["GET"]}}],"collection":[{"href":"https:\/\/zonenklaus.de\/wordpress\/index.php?rest_route=\/wp\/v2\/posts"}],"about":[{"href":"https:\/\/zonenklaus.de\/wordpress\/index.php?rest_route=\/wp\/v2\/types\/post"}],"author":[{"embeddable":true,"href":"https:\/\/zonenklaus.de\/wordpress\/index.php?rest_route=\/wp\/v2\/users\/6"}],"replies":[{"embeddable":true,"href":"https:\/\/zonenklaus.de\/wordpress\/index.php?rest_route=%2Fwp%2Fv2%2Fcomments&post=28550"}],"version-history":[{"count":4,"href":"https:\/\/zonenklaus.de\/wordpress\/index.php?rest_route=\/wp\/v2\/posts\/28550\/revisions"}],"predecessor-version":[{"id":28556,"href":"https:\/\/zonenklaus.de\/wordpress\/index.php?rest_route=\/wp\/v2\/posts\/28550\/revisions\/28556"}],"wp:attachment":[{"href":"https:\/\/zonenklaus.de\/wordpress\/index.php?rest_route=%2Fwp%2Fv2%2Fmedia&parent=28550"}],"wp:term":[{"taxonomy":"category","embeddable":true,"href":"https:\/\/zonenklaus.de\/wordpress\/index.php?rest_route=%2Fwp%2Fv2%2Fcategories&post=28550"},{"taxonomy":"post_tag","embeddable":true,"href":"https:\/\/zonenklaus.de\/wordpress\/index.php?rest_route=%2Fwp%2Fv2%2Ftags&post=28550"}],"curies":[{"name":"wp","href":"https:\/\/api.w.org\/{rel}","templated":true}]}}