{"id":28596,"date":"2016-08-07T22:13:21","date_gmt":"2016-08-07T21:13:21","guid":{"rendered":"http:\/\/zonenklaus.de\/wordpress\/?p=28596"},"modified":"2016-08-08T02:21:40","modified_gmt":"2016-08-08T01:21:40","slug":"bz-exclusiv-jede-woche-brennen-in-berlin-acht-autos-mit-neuester-autozuendler-karte","status":"publish","type":"post","link":"https:\/\/zonenklaus.de\/wordpress\/?p=28596","title":{"rendered":"BZ-EXCLUSIV. Jede Woche brennen in Berlin acht Autos, mit neuester Autoz\u00fcndler-Karte"},"content":{"rendered":"<p>Im ersten Moment ging mir lediglich durch den Kopf, ob dieses M\u00e4delchen lediglich als Seitenf\u00fcllergirl t\u00e4tig ist.<br \/>\nDem scheint doch nicht so.<br \/>\nDeshalb Herzlichen Dank an<a title=\" Maren Wittge\" href=\"http:\/\/www.bz-berlin.de\/berlin\/jede-woche-brennen-in-berlin-acht-autos\"> Maren Wittge<\/a>!<br \/>\nLeuchte den lustigen Artikel mal st\u00fcckchenweise ab!<br \/>\n<i>Auf der Karte zeigt die B.Z., wo in Berlin die meisten Pkw abgefackelt wurden und wo ihr Auto vor Z\u00fcndlern halbwegs sicher steht. <\/i><br \/>\nDadurch sind wir n\u00e4mlich zu dem Schluss gelangt, dass es doch \u00fcberlegenswert erscheint, unseren Stinker t\u00e4glich in Kladow zu parken.<br \/>\nAllerdings ist es weniger tr\u00f6stlich, wenn man erfahren muss, selbst dort stehe er lediglich <i>halbwegs sicher&#8230;<\/i><br \/>\nM\u00f6chte nun zum Artikel kommen.<br \/>\nDie erste Karte, noch im Angesicht von Maren, finde ich sehr interessant!<br \/>\nF\u00e4hrt man mit dem erigierten Mauspimmel \u00fcber das Teil, beginnt alles zu blitzen und blinken, auch wird erkenntlich, dass Polizeiabschnitt\u202f51 bereits als Dauersieger Erw\u00e4hnung fand und dies schon jahrelang.<br \/>\nGl\u00fcckwunsch!<br \/>\nAllerdings die dortigen Polizisten und Polizistinnen m\u00e4chtig auf der Hut sein m\u00fcssen, da man in Abschnitt\u202f64 bereits den hartn\u00e4ckigen Verfolger ausmachen kann.<br \/>\nDas Spreepicture gibt ja nicht viel her, ein Profi h\u00e4tte aus der <i>lichterloh<\/i>en Caddy-Fackel wesentlich mehr herausholen k\u00f6nnen, haben sie bestimmt einem zuf\u00e4lligen Gaffer abgeschwatzt, der mit einer billigen Kommunikationsprothese dort herumfuchtelte.<br \/>\nDie s\u00fcdlichen 47er h\u00e4tte Madame gar nicht erw\u00e4hnen brauchen, wegen der l\u00e4ppischen 19 abgebunsten Fahrzeugen.<br \/>\nWer nun anschlie\u00dfend jene rot get\u00f6nte Berlin-Karte, dreifach aufpumpen muss, um die dort aufgef\u00fchrten Ziffern erkennen zu k\u00f6nnen, der sollte nicht mehr Autofahren.<br \/>\nDies w\u00e4re sogar mit mit einer guten Tat verbunden, denn selbiger Blindenscheff w\u00fcrde dar\u00fcber hinaus keine anderen Verkehrsteilnehmer mehr gef\u00e4hrden und er sollte unbedingt jenen nicht von der Hand zuweisenden Vorteil in Betracht ziehen, denn ihm k\u00f6nnte niemals mehr seine Karre abgefackelt werden&#8230;<!--more--><br \/>\n<b>Berlin bekommt das Problem der Auto-Brandstiftungen nicht in den Griff! &#8211; <\/b>Welch weise Erkenntnis!<br \/>\n<b>8ung!<\/b> Jener fettgedruckte Satz ist vollkommen untauglich f\u00fcr Wahlkampfbeschwichtigungsl\u00fcgen!<br \/>\nNun folgt von mir erst mal eine Erkenntnis, die so machen oder manche<sup>*nin<\/sup> wieder nachhaltig aufheulen l\u00e4sst.<br \/>\nSehr wenige Zeitgenossen<sup>*inne<\/sup> verinnerlichten bisher, wenn man<sup>*innen<\/sup> die fast 50 Jahre der 68-Bewegung auch nur ganz soft touchiert, sie bei genauer Betrachtungsweise, bereits jetzt schon mehr Schaden angerichtet hat, welchen selbst stumpfsinnigste greise Veteranen mit ihrem politisch\/korrekten Gutmenschentum nicht mehr auf ganzer Linie vernebeln k\u00f6nnen.<br \/>\nDenke gerade an die inflation\u00e4ren Reformen der Reformen im Schulwesen <b>(<\/b><i>Meine damit auf gar keinen Fall nicht enden wollendes Lobhudeln im Bildungssektor, denn unter Bildung verstehe ich etwas ganz anderes!<\/i><b>)<\/b>, was sich als Folge bei MW ebenso niederschl\u00e4gt!<br \/>\n<i>Dieses Jahr brannten von Januar bis Mitte Juli schon 228 Autos. Sollte es so weitergehen, k\u00f6nnte der Fackel-Rekord von 2011 gebrochen werden. 537 Autos wurden in dem Jahr angez\u00fcndet (siehe Kasten). <\/i><br \/>\nWenn Maren Mathe damals nicht abgew\u00e4hlt h\u00e4tte, w\u00e4re ihr heute sicher etwas aufgefallen. Wenn bis zur 28sten Kalenderwoche 228 Fahrzeuge hei\u00df zerlegt wurden, es so weiterginge, man sich an den vorgegeben Monatssoll von acht Autos hielte, dann k\u00e4men die Z\u00fcndler am Jahresende nur auf eine Summe von 428 Abwrackkarren.<br \/>\nZur Planerf\u00fcllung fehlten dann noch 109 Nuckelpinnen, was der eingebuchtete Andr\u00e9 H.<b>*<\/b>\u202f(32) sogar allein bewerkstelligen k\u00f6nnte, damals fackelte er sogar 102 Fahrzeuge solo ab. <b>*(<\/b><i>Etwa H., wie <a title=\"Herostratos\" href=\"https:\/\/de.wikipedia.org\/wiki\/Herostratos\">Herostratos<\/a>?<\/i><b>)<\/b><br \/>\n<i>Allerdings waren die wenigsten Taten politisch motiviert.<\/i><br \/>\nWarum auch?<br \/>\nZum Feuer entfachen ben\u00f6tigt man schlie\u00dflich keine Ideologie, da gen\u00fcgt schlie\u00dflich das entsprechende Equipment, um kurzfristig mindestens 600 Grad Celsius zu erzeugen, es sei man benutzt zus\u00e4tzlich Brandschnellentfachungshilfsmittel&#8230;<br \/>\nMit einem Satz zum Kasten, m\u00f6chte ich dann alles bewenden lassen, denn beim Rest geht es lediglich um kl\u00e4gliches Politsalbadern.<br \/>\nIm wahrsten Sinne des Wortes, wird darin eine f\u00fcnfeinhalbj\u00e4hrige <i><b>Hot<\/b><\/i><i> hundred <\/i>der Pyromanie dargestellt!<br \/>\n<b>Fu\u00dfnote: <\/b>Was unsere Karre betrifft und jeglicher weitere Unbill auf UNSERER Erdenscheibe, da habe ich schon l\u00e4ngere Zeit im St. Floriansprinzip meinen Frieden gefunden&#8230;<\/p>\n","protected":false},"excerpt":{"rendered":"<p>Im ersten Moment ging mir lediglich durch den Kopf, ob dieses M\u00e4delchen lediglich als Seitenf\u00fcllergirl t\u00e4tig ist. Dem scheint doch nicht so. Deshalb Herzlichen Dank an Maren Wittge! Leuchte den lustigen Artikel mal st\u00fcckchenweise ab! Auf der Karte zeigt die B.Z., wo in Berlin die meisten Pkw abgefackelt wurden und wo ihr Auto vor Z\u00fcndlern [&hellip;]<\/p>\n","protected":false},"author":6,"featured_media":0,"comment_status":"open","ping_status":"open","sticky":false,"template":"","format":"standard","meta":{"footnotes":""},"categories":[1],"tags":[],"class_list":["post-28596","post","type-post","status-publish","format-standard","hentry","category-allgemeines"],"_links":{"self":[{"href":"https:\/\/zonenklaus.de\/wordpress\/index.php?rest_route=\/wp\/v2\/posts\/28596","targetHints":{"allow":["GET"]}}],"collection":[{"href":"https:\/\/zonenklaus.de\/wordpress\/index.php?rest_route=\/wp\/v2\/posts"}],"about":[{"href":"https:\/\/zonenklaus.de\/wordpress\/index.php?rest_route=\/wp\/v2\/types\/post"}],"author":[{"embeddable":true,"href":"https:\/\/zonenklaus.de\/wordpress\/index.php?rest_route=\/wp\/v2\/users\/6"}],"replies":[{"embeddable":true,"href":"https:\/\/zonenklaus.de\/wordpress\/index.php?rest_route=%2Fwp%2Fv2%2Fcomments&post=28596"}],"version-history":[{"count":3,"href":"https:\/\/zonenklaus.de\/wordpress\/index.php?rest_route=\/wp\/v2\/posts\/28596\/revisions"}],"predecessor-version":[{"id":28599,"href":"https:\/\/zonenklaus.de\/wordpress\/index.php?rest_route=\/wp\/v2\/posts\/28596\/revisions\/28599"}],"wp:attachment":[{"href":"https:\/\/zonenklaus.de\/wordpress\/index.php?rest_route=%2Fwp%2Fv2%2Fmedia&parent=28596"}],"wp:term":[{"taxonomy":"category","embeddable":true,"href":"https:\/\/zonenklaus.de\/wordpress\/index.php?rest_route=%2Fwp%2Fv2%2Fcategories&post=28596"},{"taxonomy":"post_tag","embeddable":true,"href":"https:\/\/zonenklaus.de\/wordpress\/index.php?rest_route=%2Fwp%2Fv2%2Ftags&post=28596"}],"curies":[{"name":"wp","href":"https:\/\/api.w.org\/{rel}","templated":true}]}}