{"id":28642,"date":"2016-08-24T21:49:54","date_gmt":"2016-08-24T20:49:54","guid":{"rendered":"http:\/\/zonenklaus.de\/wordpress\/?p=28642"},"modified":"2022-07-06T10:15:40","modified_gmt":"2022-07-06T09:15:40","slug":"kinder-von-rauchern-werden-oft-selbst-zu-rauchern","status":"publish","type":"post","link":"https:\/\/zonenklaus.de\/wordpress\/?p=28642","title":{"rendered":"Kinder von Rauchern werden oft selbst zu Rauchern"},"content":{"rendered":"<p><a href=\"http:\/\/zonenklaus.de\/wordpress\/?attachment_id=28643\" rel=\"attachment wp-att-28643\"><img loading=\"lazy\" decoding=\"async\" class=\"alignleft wp-image-28643 size-thumbnail\" src=\"http:\/\/zonenklaus.de\/wordpress\/wp-content\/uploads\/2016\/08\/IMG_20160823_0002\u00e4\u00e4-117x150.jpg\" alt=\"\" width=\"117\" height=\"150\" srcset=\"https:\/\/zonenklaus.de\/wordpress\/wp-content\/uploads\/2016\/08\/IMG_20160823_0002\u00e4\u00e4-117x150.jpg 117w, https:\/\/zonenklaus.de\/wordpress\/wp-content\/uploads\/2016\/08\/IMG_20160823_0002\u00e4\u00e4-234x300.jpg 234w, https:\/\/zonenklaus.de\/wordpress\/wp-content\/uploads\/2016\/08\/IMG_20160823_0002\u00e4\u00e4-800x1024.jpg 800w, https:\/\/zonenklaus.de\/wordpress\/wp-content\/uploads\/2016\/08\/IMG_20160823_0002\u00e4\u00e4-624x797.jpg 624w, https:\/\/zonenklaus.de\/wordpress\/wp-content\/uploads\/2016\/08\/IMG_20160823_0002\u00e4\u00e4.jpg 886w\" sizes=\"auto, (max-width: 117px) 100vw, 117px\" \/><\/a>Was seine Nachkommen betrifft, muss der abgelichtete Filius ja noch ein Weilchen warten.<br \/>\nUnsereiner hatte damals nicht so optimalen Voraussetzungen wie jenes Kleinkind-Model, wir muss\u00adten uns damals noch etwas mehr Zeit lassen f\u00fcr die erste Fluppe.<br \/>\nMeine erste Kippe paffte ich zu Beginn des 13ten Lebensjahres und anschlie\u00dfend mussten man sich f\u00fcr den sp\u00e4teren Konsum etwas einfallen lassen.<br \/>\nWar aller\u00addings recht einfach.<br \/>\nWir klauten ewig im \u201eBergschl\u00f6sschen\u201c und in der \u201eTotenschenke\u201c mehrere Pfand\u00adflaschen &#8211; bei selbigen Kneipen kam man \u00fcber den Nachbargarten an die R\u00fcckseiten der Leergut\u00adschuppen.<br \/>\nDie paar Pullen wurden am Anger-Kiosk abgegeben und in lose Zigaretten, zu 8 Pfennig pro St\u00fcck, eingetauscht.<br \/>\n1961 fragte nirgendwo ein Verk\u00e4ufer f\u00fcr wen die Glimmstengel denn \u00fcberhaupt seien.<br \/>\nAllerdings ist mir in unseren jungen Jahren auch niemals eine so junge G\u00f6re mit einem Sargnagelschnuller zwischen der Milchzahnfressleiste vor die Augen gekommen.<br \/>\nM\u00f6glicherweise wollten die sehr besorgten Gutmenschen eigentlich etwas ganz anderes mit dem Bildchen ausdr\u00fccken. Mag ja sein, nun kann der Kleene aber noch nicht mal lesen&#8230;<\/p>\n<p><a href=\"http:\/\/zonenklaus.de\/wordpress\/?attachment_id=28647\" rel=\"attachment wp-att-28647\"><img loading=\"lazy\" decoding=\"async\" class=\"alignleft size-thumbnail wp-image-28647\" src=\"http:\/\/zonenklaus.de\/wordpress\/wp-content\/uploads\/2016\/08\/Deix-4\u00e4-150x145.jpg\" alt=\"Deix-4\u00e4\" width=\"150\" height=\"145\" srcset=\"https:\/\/zonenklaus.de\/wordpress\/wp-content\/uploads\/2016\/08\/Deix-4\u00e4-150x145.jpg 150w, https:\/\/zonenklaus.de\/wordpress\/wp-content\/uploads\/2016\/08\/Deix-4\u00e4-300x291.jpg 300w, https:\/\/zonenklaus.de\/wordpress\/wp-content\/uploads\/2016\/08\/Deix-4\u00e4-624x605.jpg 624w, https:\/\/zonenklaus.de\/wordpress\/wp-content\/uploads\/2016\/08\/Deix-4\u00e4.jpg 634w\" sizes=\"auto, (max-width: 150px) 100vw, 150px\" \/><\/a>Etwas vom verblichenen <a title=\"M.Deix\" href=\"http:\/\/zonenklaus.de\/wordpress\/?p=28635\">M.Deix<\/a><\/p>\n","protected":false},"excerpt":{"rendered":"<p>Was seine Nachkommen betrifft, muss der abgelichtete Filius ja noch ein Weilchen warten. Unsereiner hatte damals nicht so optimalen Voraussetzungen wie jenes Kleinkind-Model, wir muss\u00adten uns damals noch etwas mehr Zeit lassen f\u00fcr die erste Fluppe. Meine erste Kippe paffte ich zu Beginn des 13ten Lebensjahres und anschlie\u00dfend mussten man sich f\u00fcr den sp\u00e4teren Konsum [&hellip;]<\/p>\n","protected":false},"author":6,"featured_media":0,"comment_status":"open","ping_status":"open","sticky":false,"template":"","format":"standard","meta":{"footnotes":""},"categories":[9,38],"tags":[],"class_list":["post-28642","post","type-post","status-publish","format-standard","hentry","category-bucher","category-in-den-ewigen-jagdgrunden"],"_links":{"self":[{"href":"https:\/\/zonenklaus.de\/wordpress\/index.php?rest_route=\/wp\/v2\/posts\/28642","targetHints":{"allow":["GET"]}}],"collection":[{"href":"https:\/\/zonenklaus.de\/wordpress\/index.php?rest_route=\/wp\/v2\/posts"}],"about":[{"href":"https:\/\/zonenklaus.de\/wordpress\/index.php?rest_route=\/wp\/v2\/types\/post"}],"author":[{"embeddable":true,"href":"https:\/\/zonenklaus.de\/wordpress\/index.php?rest_route=\/wp\/v2\/users\/6"}],"replies":[{"embeddable":true,"href":"https:\/\/zonenklaus.de\/wordpress\/index.php?rest_route=%2Fwp%2Fv2%2Fcomments&post=28642"}],"version-history":[{"count":6,"href":"https:\/\/zonenklaus.de\/wordpress\/index.php?rest_route=\/wp\/v2\/posts\/28642\/revisions"}],"predecessor-version":[{"id":28646,"href":"https:\/\/zonenklaus.de\/wordpress\/index.php?rest_route=\/wp\/v2\/posts\/28642\/revisions\/28646"}],"wp:attachment":[{"href":"https:\/\/zonenklaus.de\/wordpress\/index.php?rest_route=%2Fwp%2Fv2%2Fmedia&parent=28642"}],"wp:term":[{"taxonomy":"category","embeddable":true,"href":"https:\/\/zonenklaus.de\/wordpress\/index.php?rest_route=%2Fwp%2Fv2%2Fcategories&post=28642"},{"taxonomy":"post_tag","embeddable":true,"href":"https:\/\/zonenklaus.de\/wordpress\/index.php?rest_route=%2Fwp%2Fv2%2Ftags&post=28642"}],"curies":[{"name":"wp","href":"https:\/\/api.w.org\/{rel}","templated":true}]}}