{"id":28858,"date":"2016-10-12T18:09:39","date_gmt":"2016-10-12T17:09:39","guid":{"rendered":"http:\/\/zonenklaus.de\/wordpress\/?p=28858"},"modified":"2016-10-15T19:16:25","modified_gmt":"2016-10-15T18:16:25","slug":"das-republikanische-trumpeltierchen-leidet-unter-dem-gottschalk-syndrom-und-was-soll-da-schlimm-dran-sein","status":"publish","type":"post","link":"https:\/\/zonenklaus.de\/wordpress\/?p=28858","title":{"rendered":"Das republikanische TRUMPeltierchen leidet unter dem Gottschalk-Syndrom und was soll da schlimm dran sein?"},"content":{"rendered":"<p>Verstehe es wirklich nicht, weshalb die ganze Welt jenen burschikosen Knaben und vermeintlichen Probierpolitiker so ungemein aufwertet wegen seiner Grabschereien. Donald sollte sich mal ein Beispiel an UNSER Frau Kanzler nehmen, scheinbar kokettiert sie gar nicht mit ihrer permanent zu Schau gestellten Fingerfotze. Vielleicht leidet sie ja auch nur unter einer unstillbaren Sucht und w\u00fcrde liebend gern die ganz Welt betatschen und wegen der Kontrolle \u00fcber ihre <i>b\u00f6sen<\/i> Griffel kommt es ewig zu jener merkw\u00fcrdigen Fingerstellung&#8230;<br \/>\nIhm aber zu unterstellen, er lie\u00dfe <i>peinliche Macho-Sexspr\u00fcche<\/i> ab, da wird aber \u00fcber das eigentliche Ziel sehr weit hinausgeschossen. Kann es nicht sein, dass das <i>weltgr\u00f6\u00dfte Meisterchen<\/i>, als angehende Mumie, schon leicht von einer gewissen Senilit\u00e4t heimgesucht wird und deshalb ewig mit Spr\u00fcchen aus vergangenen Tagen balzt? Gerade zu Zeiten, wo die Manneskraft sich kontinuierlich verfl\u00fcchtigt, das edle Teil unter Umst\u00e4nden nur noch zweimal am Tag steht, morgens vor Wasser und abends vor Dreck&#8230;<br \/>\nAllerdings kann man<i>n<\/i> ja heutzutage mit den bl\u00e4ulichen <a title=\"Pappi\u00b4s little Helper\" href=\"http:\/\/zonenklaus.de\/wordpress\/wp-admin\/post-new.php\">Pappi\u00b4s little Helper<\/a> dagegen angehen. Unter Umst\u00e4nden w\u00e4re es sogar wesentlich besser, wenn er vorerst lieber zu einem entsprechenden Pr\u00e4parat f\u00fcr die grauen Zellen greifen w\u00fcrde, um so wenigstens der Entstehung weiterer Laufmaschen an seinen Synapsen Einhalt zu gebieten.<br \/>\nUnter Umst\u00e4nden w\u00e4re letztgemeinter Rat auch ein Empfehlung in Richtung der merkw\u00fcrdigen Kontrahentin!<\/p>\n","protected":false},"excerpt":{"rendered":"<p>Verstehe es wirklich nicht, weshalb die ganze Welt jenen burschikosen Knaben und vermeintlichen Probierpolitiker so ungemein aufwertet wegen seiner Grabschereien. Donald sollte sich mal ein Beispiel an UNSER Frau Kanzler nehmen, scheinbar kokettiert sie gar nicht mit ihrer permanent zu Schau gestellten Fingerfotze. Vielleicht leidet sie ja auch nur unter einer unstillbaren Sucht und w\u00fcrde [&hellip;]<\/p>\n","protected":false},"author":6,"featured_media":0,"comment_status":"open","ping_status":"open","sticky":false,"template":"","format":"standard","meta":{"footnotes":""},"categories":[1],"tags":[],"class_list":["post-28858","post","type-post","status-publish","format-standard","hentry","category-allgemeines"],"_links":{"self":[{"href":"https:\/\/zonenklaus.de\/wordpress\/index.php?rest_route=\/wp\/v2\/posts\/28858","targetHints":{"allow":["GET"]}}],"collection":[{"href":"https:\/\/zonenklaus.de\/wordpress\/index.php?rest_route=\/wp\/v2\/posts"}],"about":[{"href":"https:\/\/zonenklaus.de\/wordpress\/index.php?rest_route=\/wp\/v2\/types\/post"}],"author":[{"embeddable":true,"href":"https:\/\/zonenklaus.de\/wordpress\/index.php?rest_route=\/wp\/v2\/users\/6"}],"replies":[{"embeddable":true,"href":"https:\/\/zonenklaus.de\/wordpress\/index.php?rest_route=%2Fwp%2Fv2%2Fcomments&post=28858"}],"version-history":[{"count":1,"href":"https:\/\/zonenklaus.de\/wordpress\/index.php?rest_route=\/wp\/v2\/posts\/28858\/revisions"}],"predecessor-version":[{"id":28859,"href":"https:\/\/zonenklaus.de\/wordpress\/index.php?rest_route=\/wp\/v2\/posts\/28858\/revisions\/28859"}],"wp:attachment":[{"href":"https:\/\/zonenklaus.de\/wordpress\/index.php?rest_route=%2Fwp%2Fv2%2Fmedia&parent=28858"}],"wp:term":[{"taxonomy":"category","embeddable":true,"href":"https:\/\/zonenklaus.de\/wordpress\/index.php?rest_route=%2Fwp%2Fv2%2Fcategories&post=28858"},{"taxonomy":"post_tag","embeddable":true,"href":"https:\/\/zonenklaus.de\/wordpress\/index.php?rest_route=%2Fwp%2Fv2%2Ftags&post=28858"}],"curies":[{"name":"wp","href":"https:\/\/api.w.org\/{rel}","templated":true}]}}