{"id":28864,"date":"2016-10-13T23:46:23","date_gmt":"2016-10-13T22:46:23","guid":{"rendered":"http:\/\/zonenklaus.de\/wordpress\/?p=28864"},"modified":"2016-10-17T00:22:48","modified_gmt":"2016-10-16T23:22:48","slug":"how-berlin-got-the-blues-mal-wat-jescheited-von-zurechnungsfaehijen-amis","status":"publish","type":"post","link":"https:\/\/zonenklaus.de\/wordpress\/?p=28864","title":{"rendered":"How Berlin Got The Blues &#8211; mal wat jescheited von zurechnungsf\u00e4hijen Amis!"},"content":{"rendered":"<p>Ein Film \u00fcber den kalten Krieg, den Blues und Berlin: Die unglaubliche Geschichte des <a title=\"EB Davis\" href=\"http:\/\/www.ebdavis.com\/\">EB Davis<\/a><br \/>\n&#8211; Vor mehreren Wochen suchte ich in einem meiner vielen Photo-Dia-Negativ-Bermudadreiecke nach ganz bestimmten Ablichtungen, dabei fiel mir ein Teil der Sammlung sporadischer <a title=\"Programmhinweise von Eb Davis\" href=\"https:\/\/www.flickr.com\/photos\/zonenklaus\/30075307880\/in\/datetaken-ff\/\">Programmhinweise von Eb Davis<\/a> in die H\u00e4nde.<br \/>\nKurz darauf erreichte mich die Anfrage aus dem Prenzelgebirge, ob ich nicht Lust h\u00e4ttet, demn\u00e4chst mir jenen Film und das anschlie\u00dfende Konzert, im Babylon-Kino, einzuziehen. Keine Frage, nat\u00fcrlich erfolgte zu der gemeinsamen Unternehmung digital-postwendend mein OK.<br \/>\nMuss zu meiner Schande gestehen, dass ich wiedermal den Finger nicht aus dem Arsch bekam, um den Schrieb fertigzustellen.<br \/>\nWerde den nun schon sp\u00e4ter eingestellten Anfang noch irgendwann beenden.<br \/>\nNur soviel sei schon gesagt, den Film fand ich geil und die anschlie\u00dfende Mucke nat\u00fcrlich auch&#8230;<\/p>\n","protected":false},"excerpt":{"rendered":"<p>Ein Film \u00fcber den kalten Krieg, den Blues und Berlin: Die unglaubliche Geschichte des EB Davis &#8211; Vor mehreren Wochen suchte ich in einem meiner vielen Photo-Dia-Negativ-Bermudadreiecke nach ganz bestimmten Ablichtungen, dabei fiel mir ein Teil der Sammlung sporadischer Programmhinweise von Eb Davis in die H\u00e4nde. Kurz darauf erreichte mich die Anfrage aus dem Prenzelgebirge, [&hellip;]<\/p>\n","protected":false},"author":6,"featured_media":0,"comment_status":"open","ping_status":"open","sticky":false,"template":"","format":"standard","meta":{"footnotes":""},"categories":[1],"tags":[],"class_list":["post-28864","post","type-post","status-publish","format-standard","hentry","category-allgemeines"],"_links":{"self":[{"href":"https:\/\/zonenklaus.de\/wordpress\/index.php?rest_route=\/wp\/v2\/posts\/28864","targetHints":{"allow":["GET"]}}],"collection":[{"href":"https:\/\/zonenklaus.de\/wordpress\/index.php?rest_route=\/wp\/v2\/posts"}],"about":[{"href":"https:\/\/zonenklaus.de\/wordpress\/index.php?rest_route=\/wp\/v2\/types\/post"}],"author":[{"embeddable":true,"href":"https:\/\/zonenklaus.de\/wordpress\/index.php?rest_route=\/wp\/v2\/users\/6"}],"replies":[{"embeddable":true,"href":"https:\/\/zonenklaus.de\/wordpress\/index.php?rest_route=%2Fwp%2Fv2%2Fcomments&post=28864"}],"version-history":[{"count":2,"href":"https:\/\/zonenklaus.de\/wordpress\/index.php?rest_route=\/wp\/v2\/posts\/28864\/revisions"}],"predecessor-version":[{"id":28866,"href":"https:\/\/zonenklaus.de\/wordpress\/index.php?rest_route=\/wp\/v2\/posts\/28864\/revisions\/28866"}],"wp:attachment":[{"href":"https:\/\/zonenklaus.de\/wordpress\/index.php?rest_route=%2Fwp%2Fv2%2Fmedia&parent=28864"}],"wp:term":[{"taxonomy":"category","embeddable":true,"href":"https:\/\/zonenklaus.de\/wordpress\/index.php?rest_route=%2Fwp%2Fv2%2Fcategories&post=28864"},{"taxonomy":"post_tag","embeddable":true,"href":"https:\/\/zonenklaus.de\/wordpress\/index.php?rest_route=%2Fwp%2Fv2%2Ftags&post=28864"}],"curies":[{"name":"wp","href":"https:\/\/api.w.org\/{rel}","templated":true}]}}