{"id":28887,"date":"2016-10-25T23:21:08","date_gmt":"2016-10-25T22:21:08","guid":{"rendered":"http:\/\/zonenklaus.de\/wordpress\/?p=28887"},"modified":"2016-10-26T10:28:18","modified_gmt":"2016-10-26T09:28:18","slug":"schulz-zu-den-ceta-verhandlungen","status":"publish","type":"post","link":"https:\/\/zonenklaus.de\/wordpress\/?p=28887","title":{"rendered":"Schulz zu den CETA-Verhandlungen"},"content":{"rendered":"<p>Nach \u201earte\u201c, war jener Beitrag eine traurige Lachnummer, f\u00fcr denen Pointe man eine riesige Brechstange ben\u00f6tigt!<br \/>\nFand alles in der Mediathek: &#8220;<a title=\"Wir haben die Diskussionen gewollt\" href=\"http:\/\/www.tagesschau.de\/ausland\/schulz-eu-ceta-101.html\">Wir haben die Diskussionen gewollt<\/a>&#8221; <b>(<\/b><i>Hi, hi, hi..<\/i><b>)<\/b><br \/>\nEU-Parlamentspr\u00e4sident Martin Schulz zu den Chancen einer CETA-Einigung, aus den heutigen tagesthemen, 22:15 Uhr, 24.10.2016<br \/>\nW\u00e4hrend meiner Suche fand ich den <a title=\"folgenden Artikel\" href=\"http:\/\/images.google.de\/imgres?imgurl=http:\/\/topeins.eu\/wp-content\/uploads\/2014\/09\/NEUE-F%25C3%259CHRUNG.jpg&amp;imgrefurl=http:\/\/topeins.eu\/3676\/neue-gesichter-der-eu-spitze\/&amp;h=310&amp;w=620&amp;tbnid=HK58BWgay8HCcM:&amp;tbnh=90&amp;tbnw=180&amp;docid=XDUGuji63hO9JM&amp;usg=__GKoIrx4MZLJqCGXWhXbVDg3Bpfo=&amp;sa=X&amp;ved=0ahUKEwiYmeuX8PfPAhVmKsAKHbYdBXAQ9QEIKDAE\">folgenden Artikel<\/a>, bebildert mit den Politsternchen der <i>neuen<\/i> <b>(<\/b><i>Ist alles schon etwas \u00e4lter!<\/i><b>)<\/b> EU-F\u00fchrung: Juncker, Tusk, Mogherini, Schulz, das \u00fcbermackerte Dreigestirn mit Quotentante&#8230;<br \/>\nWobei Tusk und Mogherini als lernf\u00e4hige Probierpolitiker dargestellt wurden, na ja, alles gut und sch\u00f6n, nur irren Leute auf UNSERER Erdenscheibe herum, die es nie lernen, egal welche M\u00fche sie sich dabei auch geben: <i>Sie werden sich bem\u00fchen, die \u00fcbertragenen Aufgaben zu erf\u00fcllen!<\/i> Allerdings darf man deren einstudierten politisch korrekten Verrenkungen, auf dem Trampolin der Seilschaften, nicht nach Qualit\u00e4t beurteilen!<!--more--><br \/>\nHabe aus dem Interview des Dampfplauderes, mal einige Antworten herausgeschnitten und entsprechend meines Blickwinkels kommentiert, weil DER Martin wieder alles auf den Punkt brachte, allerdings auf seine nicht besonders ernstzunehmende Art. Jene implodierenden Sprechblasen werden bestimmt mal in die Annalen als Br\u00fcsseler B\u00fcttenreden eingehen.<br \/>\nGestern stand er noch vor einem tiefen Abgrund und heute will er einen Schritt <a href=\"http:\/\/zonenklaus.de\/wordpress\/wp-content\/uploads\/2016\/10\/schulz.Schritt.mp3\">nach vorn gehen!<\/a><br \/>\nIst es nicht phantastisch, wie der <i>Pr\u00e4sident des Europ\u00e4ischen Parlamentes, <\/i>einen siebenj\u00e4hrigen Misserfolg ummodelt, dass wir glauben sollen es w\u00e4re ein Triumph, dem h\u00f6chstens noch 14 Tage bis zur Unterzeichnung fehlen. Nach sieben <b>(<\/b><i><b>7!<\/b><\/i><b>) <\/b>Jahre Herumwurstelei soll es das\u00a0<a href=\"http:\/\/zonenklaus.de\/wordpress\/wp-content\/uploads\/2016\/10\/schulz.7Jahre.mp3\">grunds\u00e4tzliche Ergebnis<\/a> sein &#8211; wow!<br \/>\nWas dabei f\u00fcr Kohle verdunstete!<br \/>\nWie die Stare in Br\u00fcssel sich <i>abrackern<\/i>, so m\u00f6chte mancher Angeh\u00f6riger hiesigen Lohngesindels bestimmt mal seinen Urlaub verbringen!<br \/>\nJene Antwort auf die letzte Frage, ist ein wirklicher Schulz! Nicht zuh\u00f6ren, den Rest \u00fcberh\u00f6ren, anschlie\u00dfend einen verbalen <a href=\"http:\/\/zonenklaus.de\/wordpress\/wp-content\/uploads\/2016\/10\/Kanzler.mp3\">feuchtwarmen Furz ausklinken<\/a>&#8230;<br \/>\nSeine K-Kandidatur wird erfolgen, wie das Amen in der Kirche. F\u00e4nde ich sogar gut, denn diesen Posten w\u00fcrde M.S. niemals bekommen, au\u00dferdem w\u00e4re er f\u00fcr lange Zeit verbrannt und k\u00f6nnte dann auf der Bundestagsbank wesentlich weniger Unheil anrichten&#8230;<br \/>\nHoffentlich lassen sich DIE belgischen Parlamentarier weder erpressen oder kaufen, denn kein <i>m\u00fcndiger<\/i> Europ\u00e4er braucht f\u00fcr seine weiteres Leben Zollverg\u00fcnstigungen f\u00fcr nordkanadische Ananas oder Bananen mit verordneter EU-Kr\u00fcmmung!<br \/>\nAu\u00dferdem handelt es sich bei CETA lediglich ein weiterer Modul f\u00fcr die zus\u00e4tzliche Ausgrenzung der Bev\u00f6lkerungsmehrheit unserer Hemisph\u00e4re<\/p>\n","protected":false},"excerpt":{"rendered":"<p>Nach \u201earte\u201c, war jener Beitrag eine traurige Lachnummer, f\u00fcr denen Pointe man eine riesige Brechstange ben\u00f6tigt! Fand alles in der Mediathek: &#8220;Wir haben die Diskussionen gewollt&#8221; (Hi, hi, hi..) EU-Parlamentspr\u00e4sident Martin Schulz zu den Chancen einer CETA-Einigung, aus den heutigen tagesthemen, 22:15 Uhr, 24.10.2016 W\u00e4hrend meiner Suche fand ich den folgenden Artikel, bebildert mit den [&hellip;]<\/p>\n","protected":false},"author":6,"featured_media":0,"comment_status":"open","ping_status":"open","sticky":false,"template":"","format":"standard","meta":{"footnotes":""},"categories":[1],"tags":[],"class_list":["post-28887","post","type-post","status-publish","format-standard","hentry","category-allgemeines"],"_links":{"self":[{"href":"https:\/\/zonenklaus.de\/wordpress\/index.php?rest_route=\/wp\/v2\/posts\/28887","targetHints":{"allow":["GET"]}}],"collection":[{"href":"https:\/\/zonenklaus.de\/wordpress\/index.php?rest_route=\/wp\/v2\/posts"}],"about":[{"href":"https:\/\/zonenklaus.de\/wordpress\/index.php?rest_route=\/wp\/v2\/types\/post"}],"author":[{"embeddable":true,"href":"https:\/\/zonenklaus.de\/wordpress\/index.php?rest_route=\/wp\/v2\/users\/6"}],"replies":[{"embeddable":true,"href":"https:\/\/zonenklaus.de\/wordpress\/index.php?rest_route=%2Fwp%2Fv2%2Fcomments&post=28887"}],"version-history":[{"count":3,"href":"https:\/\/zonenklaus.de\/wordpress\/index.php?rest_route=\/wp\/v2\/posts\/28887\/revisions"}],"predecessor-version":[{"id":28893,"href":"https:\/\/zonenklaus.de\/wordpress\/index.php?rest_route=\/wp\/v2\/posts\/28887\/revisions\/28893"}],"wp:attachment":[{"href":"https:\/\/zonenklaus.de\/wordpress\/index.php?rest_route=%2Fwp%2Fv2%2Fmedia&parent=28887"}],"wp:term":[{"taxonomy":"category","embeddable":true,"href":"https:\/\/zonenklaus.de\/wordpress\/index.php?rest_route=%2Fwp%2Fv2%2Fcategories&post=28887"},{"taxonomy":"post_tag","embeddable":true,"href":"https:\/\/zonenklaus.de\/wordpress\/index.php?rest_route=%2Fwp%2Fv2%2Ftags&post=28887"}],"curies":[{"name":"wp","href":"https:\/\/api.w.org\/{rel}","templated":true}]}}