{"id":28942,"date":"2016-11-19T01:37:35","date_gmt":"2016-11-19T00:37:35","guid":{"rendered":"http:\/\/zonenklaus.de\/wordpress\/?p=28942"},"modified":"2016-11-19T01:37:35","modified_gmt":"2016-11-19T00:37:35","slug":"eine-fliege-mit-zwei-klappen-geschlagen","status":"publish","type":"post","link":"https:\/\/zonenklaus.de\/wordpress\/?p=28942","title":{"rendered":"Eine Fliege mit zwei Klappen geschlagen"},"content":{"rendered":"<p>Eigentlich haben nur zwei Leute etwas von Blases \u00fcbereifrig aussehenden Angebotes. Bei genauerer Betrachtungsweise wird allerdings andersherum ein Schuh draus, denn der bauernschlaue Mann baut vor! So muss <i>Siechmar<\/i> im n\u00e4chsten Jahr keine eventuellen Begehrlichkeiten seines Spezies bef\u00fcrchten, wenn es um den Posten des SPD-Vort\u00e4nzers geht.<br \/>\nDer bayerische Christsozialist braucht sich nun weiter keinen Kopf machen, denn ein immer schw\u00e4cher werdendes Sozi-Scheffchen liegt f\u00fcr ihn ja vollkommen im Trend. Hinzu kommt, dass die Nummer EINS in spe, l\u00fcckenlos in die Reihe der letzten Bundeskomiker einordnet werden kann, au\u00dferdem nutzt ein schwach Pr\u00e4sident in erster Linie dem Kapital und den vermeintlich regierenden Machteliterichen<sup>&amp;Innen<\/sup>.<br \/>\nReden kann <a title=\"Steini\" href=\"http:\/\/www.deutschlandradiokultur.de\/steinmeier-als-staatsoberhaupt-der-weiter-so-praesident.996.de.html?dram:article_id=371780\">Steini<\/a> ja, allerdings muss man die letztlich anstehenden Ergebnisse vollkommen au\u00dfen vorlassen, dass sein touristischer Aktionismus in der Regel zu recht wenigen brauchbaren Abschl\u00fcssen f\u00fchrte, konnte schlie\u00dflich jeder in den letzten Dekaden registrieren &#8211; hat zwar wenig verwertbares zustande bekommen aber in dem Zusammenhang immer nette und <i>scheene<\/i> Reden dabei geredet und bewegte sich auf dem Parkett immer sehr staatsm\u00e4nnisch. Was man bei den nachfolgenden Genossen bestimmt nicht behaupten kann. Denke dabei an Thomas L. A. Oppermann oder Martin Schulz, die sich bereits die Startl\u00f6cher f\u00fcr ihren neuen Job hacken werden. Wobei auf letzteren Komplizen eventuell noch andere Weihen lauern, falls Blase in den kommenden Monaten weiterhin so schl\u00e4frig und farblos durch die Gegend schlenzt&#8230;<br \/>\nUnisono ballern im ganzen Land die medialen Hofschranzen bereits <a title=\"Ergebenheitssalutsch\u00fcsse\" href=\"http:\/\/www.gmx.net\/magazine\/politik\/wahlen\/bundespraesidentenwahl\/pressestimmen-bundespraesidentenwahl-personifizierte-gegenprogramm-donald-trump-32011722\">Ergebenheitssalutsch\u00fcsse<\/a> in den grauen Herbsthimmel, peinlich Rohrkrepierer darunter. Dabei w\u00e4re die Zeit reif gewesen, jenes vollkommen \u00fcberfl\u00fcssige Besch\u00e4ftigungsverh\u00e4ltnis letztlich zu canceln, niemand br\u00e4uchte sich dann noch um witzlosen Parteienproporz und irgendwelches hirnrissiges Quotengepl\u00e4nkel einen Kopf zumachen, nebenher k\u00f6nnte man dem Schloss Bellevue endlich mal eine vern\u00fcnftige Dauernutzung angedeihen lassen<\/p>\n","protected":false},"excerpt":{"rendered":"<p>Eigentlich haben nur zwei Leute etwas von Blases \u00fcbereifrig aussehenden Angebotes. Bei genauerer Betrachtungsweise wird allerdings andersherum ein Schuh draus, denn der bauernschlaue Mann baut vor! So muss Siechmar im n\u00e4chsten Jahr keine eventuellen Begehrlichkeiten seines Spezies bef\u00fcrchten, wenn es um den Posten des SPD-Vort\u00e4nzers geht. Der bayerische Christsozialist braucht sich nun weiter keinen Kopf [&hellip;]<\/p>\n","protected":false},"author":6,"featured_media":0,"comment_status":"open","ping_status":"open","sticky":false,"template":"","format":"standard","meta":{"footnotes":""},"categories":[1],"tags":[],"class_list":["post-28942","post","type-post","status-publish","format-standard","hentry","category-allgemeines"],"_links":{"self":[{"href":"https:\/\/zonenklaus.de\/wordpress\/index.php?rest_route=\/wp\/v2\/posts\/28942","targetHints":{"allow":["GET"]}}],"collection":[{"href":"https:\/\/zonenklaus.de\/wordpress\/index.php?rest_route=\/wp\/v2\/posts"}],"about":[{"href":"https:\/\/zonenklaus.de\/wordpress\/index.php?rest_route=\/wp\/v2\/types\/post"}],"author":[{"embeddable":true,"href":"https:\/\/zonenklaus.de\/wordpress\/index.php?rest_route=\/wp\/v2\/users\/6"}],"replies":[{"embeddable":true,"href":"https:\/\/zonenklaus.de\/wordpress\/index.php?rest_route=%2Fwp%2Fv2%2Fcomments&post=28942"}],"version-history":[{"count":1,"href":"https:\/\/zonenklaus.de\/wordpress\/index.php?rest_route=\/wp\/v2\/posts\/28942\/revisions"}],"predecessor-version":[{"id":28943,"href":"https:\/\/zonenklaus.de\/wordpress\/index.php?rest_route=\/wp\/v2\/posts\/28942\/revisions\/28943"}],"wp:attachment":[{"href":"https:\/\/zonenklaus.de\/wordpress\/index.php?rest_route=%2Fwp%2Fv2%2Fmedia&parent=28942"}],"wp:term":[{"taxonomy":"category","embeddable":true,"href":"https:\/\/zonenklaus.de\/wordpress\/index.php?rest_route=%2Fwp%2Fv2%2Fcategories&post=28942"},{"taxonomy":"post_tag","embeddable":true,"href":"https:\/\/zonenklaus.de\/wordpress\/index.php?rest_route=%2Fwp%2Fv2%2Ftags&post=28942"}],"curies":[{"name":"wp","href":"https:\/\/api.w.org\/{rel}","templated":true}]}}