{"id":28975,"date":"2016-11-29T23:05:20","date_gmt":"2016-11-29T22:05:20","guid":{"rendered":"http:\/\/zonenklaus.de\/wordpress\/?p=28975"},"modified":"2024-11-10T10:18:26","modified_gmt":"2024-11-10T09:18:26","slug":"selbstverfreilich-feierlichkeit-fuer-freiheit-selbstverstaendliche-freiheit-fuer-alle-ja-freilich-gibt-es-daran-irgendeinen-zweifel","status":"publish","type":"post","link":"https:\/\/zonenklaus.de\/wordpress\/?p=28975","title":{"rendered":"Selbstverfreilich Feierlichkeit f\u00fcr Freiheit &#8211; selbstverst\u00e4ndliche Freiheit f\u00fcr alle, ja freilich, gibt es daran irgendeinen Zweifel?"},"content":{"rendered":"<p><i><span style=\"font-size: medium;\">Der anf\u00e4nglich Schrieb ist eigentlich von Mitte letzten Monats&#8230; <\/span><\/i><\/p>\n<p><span style=\"font-size: medium;\">Und daf\u00fcr die feierliche Verleihung des <a title=\"Brandenburger Freiheitspreises\" href=\"http:\/\/www.niederlausitz-aktuell.de\/cottbus\/63998\/aussenminister-steinmeier-verleiht-brandenburger-freiheitspreis-an-menschenrechtszentrum-cottbus.html\"><em>Brandenburger Freiheitspreises<\/em><\/a> nebst Laudationierung vom Momentan-Noch-Au\u00dfenminister <a title=\"Frank-Walter\" href=\"http:\/\/www.deutschlandradiokultur.de\/steinmeier-als-staatsoberhaupt-der-weiter-so-praesident.996.de.html?dram:article_id=371780\">Frank-Walter<\/a> und einer tr\u00e4nenr\u00fchrenden zonen-nostalgischen \u00dcberlieferung aus den ber\u00fchmten <a title=\"Steinmeierlungen\" href=\"http:\/\/www.tagesspiegel.de\/politik\/brandenburger-freiheitspreis-bundesaussenminister-wuerdigt-das-menschenrechtszentrum-cottbus\/14672934.html\">Steinmeier<\/a><\/span><span style=\"font-size: medium;\"><i><a title=\"Steinmeierlungen\" href=\"http:\/\/www.tagesspiegel.de\/politik\/brandenburger-freiheitspreis-bundesaussenminister-wuerdigt-das-menschenrechtszentrum-cottbus\/14672934.html\">lungen<\/a>&#8230;<\/i><\/span><br \/>\nEventuell \u00e4hnelt die vorgetragene M\u00e4r<em> ihmchens<\/em> Doktorarbeit, denn auch dort schien er es mit Zitaten und belegbaren Betrachtungen nicht so genau zunehmen, wie in seiner neuerlichen Legende aus dem ehemaligen <i>humanen sozialistischen<\/i> Strafvollzugstempel. Trotzdem muss ich Frank-Walter in einer Sache <span style=\"font-size: medium;\">recht geben, denn es gab es auf dem <a title=\"Zuchthausgel\u00e4nde \" href=\"http:\/\/www.menschenrechtszentrum-cottbus.de\/\">Zuchthausgel\u00e4nde <\/a>weder einen Wald, geschweige B\u00e4umchen! <a href=\"http:\/\/zonenklaus.de\/wordpress\/?attachment_id=28988\" rel=\"attachment wp-att-28988\"><img loading=\"lazy\" decoding=\"async\" class=\"alignleft size-thumbnail wp-image-28988\" src=\"http:\/\/zonenklaus.de\/wordpress\/wp-content\/uploads\/2016\/11\/JVA-\u00e4\u00e4-150x78.jpg\" alt=\"jva-aeae\" width=\"150\" height=\"78\" srcset=\"https:\/\/zonenklaus.de\/wordpress\/wp-content\/uploads\/2016\/11\/JVA-\u00e4\u00e4-150x78.jpg 150w, https:\/\/zonenklaus.de\/wordpress\/wp-content\/uploads\/2016\/11\/JVA-\u00e4\u00e4-300x156.jpg 300w, https:\/\/zonenklaus.de\/wordpress\/wp-content\/uploads\/2016\/11\/JVA-\u00e4\u00e4-624x324.jpg 624w, https:\/\/zonenklaus.de\/wordpress\/wp-content\/uploads\/2016\/11\/JVA-\u00e4\u00e4.jpg 900w\" sizes=\"auto, (max-width: 150px) 100vw, 150px\" \/><\/a>Jedoch eine riesige Rasenfl\u00e4che, ganz gr\u00fcn und mit vielen unterschiedlich kleinen Farbtupfern! <\/span><br \/>\n<span style=\"font-size: medium;\">Nach Schichtschluss wurden dort einige Runden marschiert und anschlie\u00dfend mehrere Minuten \u201eGymnastik\u201c betrieben. An der L\u00e4ngsseite vor dem Zellenblock befanden sich im Keller die Arrestzellen. Wenn ich mich richtig erinnere waren in den gegen\u00fcberliegenden Flachbauten die Tischlerei und W\u00e4scherei untergebracht. <\/span><br \/>\n<span style=\"font-size: medium;\">Beim Abmarsch an den Produktionshallen stand ich immer so, dass mein Ger\u00f6del dann auf der Gr\u00fcnfl\u00e4che zu liegen kam. <\/span><br \/>\n<span style=\"font-size: medium;\">Auf dem recht gut getrimmten Teil gab es doch einige interessante Pfl\u00e4nzchen. Allerdings interessierten mich die Bl\u00fcmchen weniger, mehr der L\u00f6wenzahn, selbiger kam zerkleinert auf die abendlichen Stullen, aus Wegerich und Schafgarbe wurde Tee gekocht. <\/span><br \/>\n<span style=\"font-size: medium;\">Meine Kollegen im Werkzeugbau waren die \u00fcblichen Schisser, weil sie vor einer kollektiven Strafma\u00dfnahme Bammel hatten, entsprach doch mein sowjetrussischer Tauchsieder <\/span><span style=\"font-size: medium;\"><i>dreimal sieben<\/i><\/span><span style=\"font-size: medium;\"> Tage Bunker. Aufgrund dessen verschwand das Teil nach knapp zwei Wochen, da sich beim Br\u00fchen der Schafgarbe ein heftiger Duft entwickelte, trotz \u00d6l und L\u00f6sungsmittelgestank am Arbeitsplatz.<\/span><br \/>\n<span style=\"font-size: medium;\">Setze hier mal einen Nachbau rein &#8211; von Herstellung und Inbetriebnahme sei aber strikt abzuraten! Eigentlich gen\u00fcgen ja zwei abisolierte Kabelenden von 2,5 Quadrat, die sich allerdings in ganz kurzer Zeit aufl\u00f6sen, gerade bei Aluminium. Au\u00dferdem geht es bei Rasierklingen wesentlich schneller, wegen ihrer gro\u00dfen Fl\u00e4chen. Mit 220 Volt kocht das Wasser in einer kleinen Tasse bereits nach 30 bis 40 Sekunden&#8230; <\/span><\/p>\n<p><!--more--><a href=\"http:\/\/zonenklaus.de\/wordpress\/?attachment_id=28976\" rel=\"attachment wp-att-28976\"><img loading=\"lazy\" decoding=\"async\" class=\"alignleft size-thumbnail wp-image-28976\" src=\"http:\/\/zonenklaus.de\/wordpress\/wp-content\/uploads\/2016\/11\/01-150x112.jpg\" alt=\"01\" width=\"150\" height=\"112\" srcset=\"https:\/\/zonenklaus.de\/wordpress\/wp-content\/uploads\/2016\/11\/01-150x112.jpg 150w, https:\/\/zonenklaus.de\/wordpress\/wp-content\/uploads\/2016\/11\/01-300x225.jpg 300w, https:\/\/zonenklaus.de\/wordpress\/wp-content\/uploads\/2016\/11\/01-1024x768.jpg 1024w, https:\/\/zonenklaus.de\/wordpress\/wp-content\/uploads\/2016\/11\/01-624x468.jpg 624w, https:\/\/zonenklaus.de\/wordpress\/wp-content\/uploads\/2016\/11\/01.jpg 1408w\" sizes=\"auto, (max-width: 150px) 100vw, 150px\" \/><\/a> <a href=\"http:\/\/zonenklaus.de\/wordpress\/?attachment_id=28977\" rel=\"attachment wp-att-28977\"><img loading=\"lazy\" decoding=\"async\" class=\"alignleft size-thumbnail wp-image-28977\" src=\"http:\/\/zonenklaus.de\/wordpress\/wp-content\/uploads\/2016\/11\/02-150x112.jpg\" alt=\"02\" width=\"150\" height=\"112\" srcset=\"https:\/\/zonenklaus.de\/wordpress\/wp-content\/uploads\/2016\/11\/02-150x112.jpg 150w, https:\/\/zonenklaus.de\/wordpress\/wp-content\/uploads\/2016\/11\/02-300x225.jpg 300w, https:\/\/zonenklaus.de\/wordpress\/wp-content\/uploads\/2016\/11\/02-1024x768.jpg 1024w, https:\/\/zonenklaus.de\/wordpress\/wp-content\/uploads\/2016\/11\/02-624x468.jpg 624w, https:\/\/zonenklaus.de\/wordpress\/wp-content\/uploads\/2016\/11\/02.jpg 1408w\" sizes=\"auto, (max-width: 150px) 100vw, 150px\" \/><\/a> <a href=\"http:\/\/zonenklaus.de\/wordpress\/?attachment_id=28978\" rel=\"attachment wp-att-28978\"><img loading=\"lazy\" decoding=\"async\" class=\"alignleft size-thumbnail wp-image-28978\" src=\"http:\/\/zonenklaus.de\/wordpress\/wp-content\/uploads\/2016\/11\/03-112x150.jpg\" alt=\"03\" width=\"112\" height=\"150\" srcset=\"https:\/\/zonenklaus.de\/wordpress\/wp-content\/uploads\/2016\/11\/03-112x150.jpg 112w, https:\/\/zonenklaus.de\/wordpress\/wp-content\/uploads\/2016\/11\/03-225x300.jpg 225w, https:\/\/zonenklaus.de\/wordpress\/wp-content\/uploads\/2016\/11\/03-768x1024.jpg 768w, https:\/\/zonenklaus.de\/wordpress\/wp-content\/uploads\/2016\/11\/03-624x832.jpg 624w, https:\/\/zonenklaus.de\/wordpress\/wp-content\/uploads\/2016\/11\/03.jpg 1056w\" sizes=\"auto, (max-width: 112px) 100vw, 112px\" \/><\/a> <a href=\"http:\/\/zonenklaus.de\/wordpress\/?attachment_id=28979\" rel=\"attachment wp-att-28979\"><img loading=\"lazy\" decoding=\"async\" class=\"alignleft size-thumbnail wp-image-28979\" src=\"http:\/\/zonenklaus.de\/wordpress\/wp-content\/uploads\/2016\/11\/04-112x150.jpg\" alt=\"04\" width=\"112\" height=\"150\" srcset=\"https:\/\/zonenklaus.de\/wordpress\/wp-content\/uploads\/2016\/11\/04-112x150.jpg 112w, https:\/\/zonenklaus.de\/wordpress\/wp-content\/uploads\/2016\/11\/04-225x300.jpg 225w, https:\/\/zonenklaus.de\/wordpress\/wp-content\/uploads\/2016\/11\/04-768x1024.jpg 768w, https:\/\/zonenklaus.de\/wordpress\/wp-content\/uploads\/2016\/11\/04-624x832.jpg 624w, https:\/\/zonenklaus.de\/wordpress\/wp-content\/uploads\/2016\/11\/04.jpg 1056w\" sizes=\"auto, (max-width: 112px) 100vw, 112px\" \/><\/a> <a href=\"http:\/\/zonenklaus.de\/wordpress\/?attachment_id=28980\" rel=\"attachment wp-att-28980\"><img loading=\"lazy\" decoding=\"async\" class=\"alignleft size-thumbnail wp-image-28980\" src=\"http:\/\/zonenklaus.de\/wordpress\/wp-content\/uploads\/2016\/11\/05-112x150.jpg\" alt=\"05\" width=\"112\" height=\"150\" srcset=\"https:\/\/zonenklaus.de\/wordpress\/wp-content\/uploads\/2016\/11\/05-112x150.jpg 112w, https:\/\/zonenklaus.de\/wordpress\/wp-content\/uploads\/2016\/11\/05-225x300.jpg 225w, https:\/\/zonenklaus.de\/wordpress\/wp-content\/uploads\/2016\/11\/05-768x1024.jpg 768w, https:\/\/zonenklaus.de\/wordpress\/wp-content\/uploads\/2016\/11\/05-624x832.jpg 624w, https:\/\/zonenklaus.de\/wordpress\/wp-content\/uploads\/2016\/11\/05.jpg 1056w\" sizes=\"auto, (max-width: 112px) 100vw, 112px\" \/><\/a> <a href=\"http:\/\/zonenklaus.de\/wordpress\/?attachment_id=28981\" rel=\"attachment wp-att-28981\"><img loading=\"lazy\" decoding=\"async\" class=\"alignleft size-thumbnail wp-image-28981\" src=\"http:\/\/zonenklaus.de\/wordpress\/wp-content\/uploads\/2016\/11\/06-112x150.jpg\" alt=\"06\" width=\"112\" height=\"150\" srcset=\"https:\/\/zonenklaus.de\/wordpress\/wp-content\/uploads\/2016\/11\/06-112x150.jpg 112w, https:\/\/zonenklaus.de\/wordpress\/wp-content\/uploads\/2016\/11\/06-225x300.jpg 225w, https:\/\/zonenklaus.de\/wordpress\/wp-content\/uploads\/2016\/11\/06-768x1024.jpg 768w, https:\/\/zonenklaus.de\/wordpress\/wp-content\/uploads\/2016\/11\/06-624x832.jpg 624w, https:\/\/zonenklaus.de\/wordpress\/wp-content\/uploads\/2016\/11\/06.jpg 1056w\" sizes=\"auto, (max-width: 112px) 100vw, 112px\" \/><\/a> <a href=\"http:\/\/zonenklaus.de\/wordpress\/?attachment_id=28982\" rel=\"attachment wp-att-28982\"><img loading=\"lazy\" decoding=\"async\" class=\"alignleft size-thumbnail wp-image-28982\" src=\"http:\/\/zonenklaus.de\/wordpress\/wp-content\/uploads\/2016\/11\/07-150x112.jpg\" alt=\"07\" width=\"150\" height=\"112\" srcset=\"https:\/\/zonenklaus.de\/wordpress\/wp-content\/uploads\/2016\/11\/07-150x112.jpg 150w, https:\/\/zonenklaus.de\/wordpress\/wp-content\/uploads\/2016\/11\/07-300x225.jpg 300w, https:\/\/zonenklaus.de\/wordpress\/wp-content\/uploads\/2016\/11\/07-1024x768.jpg 1024w, https:\/\/zonenklaus.de\/wordpress\/wp-content\/uploads\/2016\/11\/07-624x468.jpg 624w, https:\/\/zonenklaus.de\/wordpress\/wp-content\/uploads\/2016\/11\/07.jpg 1408w\" sizes=\"auto, (max-width: 150px) 100vw, 150px\" \/><\/a> <a href=\"http:\/\/zonenklaus.de\/wordpress\/?attachment_id=28983\" rel=\"attachment wp-att-28983\"><img loading=\"lazy\" decoding=\"async\" class=\"alignleft size-thumbnail wp-image-28983\" src=\"http:\/\/zonenklaus.de\/wordpress\/wp-content\/uploads\/2016\/11\/08-112x150.jpg\" alt=\"08\" width=\"112\" height=\"150\" srcset=\"https:\/\/zonenklaus.de\/wordpress\/wp-content\/uploads\/2016\/11\/08-112x150.jpg 112w, https:\/\/zonenklaus.de\/wordpress\/wp-content\/uploads\/2016\/11\/08-225x300.jpg 225w, https:\/\/zonenklaus.de\/wordpress\/wp-content\/uploads\/2016\/11\/08-768x1024.jpg 768w, https:\/\/zonenklaus.de\/wordpress\/wp-content\/uploads\/2016\/11\/08-624x832.jpg 624w, https:\/\/zonenklaus.de\/wordpress\/wp-content\/uploads\/2016\/11\/08.jpg 1056w\" sizes=\"auto, (max-width: 112px) 100vw, 112px\" \/><\/a><\/p>\n<p>&nbsp;<\/p>\n<p>&nbsp;<\/p>\n<p>&nbsp;<\/p>\n<p>&nbsp;<\/p>\n<p>&nbsp;<\/p>\n<p>&nbsp;<\/p>\n<p>&nbsp;<\/p>\n<p><span style=\"font-size: medium;\">Wer soll \u00fcberhaupt der unterbelichtete Pastor gewesen sein, der ein Mauerbl\u00fcmchen unter seiner Matratze versteckte, etwas Herr Gauck? <\/span><span style=\"font-size: medium;\">Allerdings h\u00e4tte ich dem <i>ausgebuffteste Trittbrettfahrer<\/i> unter den <i>B\u00fcrgerrechtlern<\/i> aus der Zone, noch nicht mal solch Qu\u00e4ntchen Mut zugetraut, au\u00dferdem <\/span><span style=\"font-size: medium;\">war er aber nie in Cottbus.<\/span><br \/>\n<span style=\"font-size: medium;\">Da mir auch f\u00fcr ein Weilchen das Privileg zuteil wurde <b>(<\/b><i>Nennt man das so?<\/i><b>)<\/b> im Arrest zu landen, kann ich best\u00e4tigen, dass es gleich an der Kellertreppe, nach dem stinkenden K\u00fcbelentleerungsraum rechts, <i>einen<\/i> Tigerk\u00e4fig gab, ungef\u00e4hr f\u00fcnf oder sechs Quadratmeter gro\u00df, mittig in der Zelle platziert. Witzigerweise lie\u00dfen die Schlie\u00dfer immer die dortige T\u00fcr offen, damit sich jeder der speziell Einsitzenden an dem Anblick erfreuen konnte&#8230;<\/span><br \/>\n<span style=\"font-size: medium;\">Ansonsten war mein \u201eVerwahrraum\u201c recht luxuri\u00f6s, vielleicht 16 Meter im Quadrat. Von 6 bis 22 Uhr die kunstlederne Pritsche hochgeschlossen, beide Fensterfl\u00fcgel herausgehangen, die f\u00fcr den Raum recht gro\u00df waren und schon im Sp\u00e4tsommer f\u00fcr dauerhaft k\u00fchle Luft sorgten. <\/span><br \/>\n<span style=\"font-size: medium;\">Als einzige Sitzgelegenheit gab es einen, allseitig verschissenen 20-Liter-K\u00fcbel mit Deckel aber erst nach drei Tagen. Was \u00dcberlebensstrategie betrifft, gew\u00f6hnt man sich bekanntlich an fast alles, nach wenigen Tagen hockte auch <\/span><span style=\"font-size: medium;\"> ich <\/span><span style=\"font-size: medium;\">manchmal auf dem Teil. Mittlerweile stank jeder Zipfel an mir, nach der mich umgebenden Zellenluft. Wegen des eigentlich therapeutischen Anlasses muss ich jene vollkommen versiffte und an Pappe erinnernde Pferdedecke f\u00fcr die Nachtstunden noch erw\u00e4hnen. Durch deren undefinierbaren D\u00fcfte, die wirklich jeden Zentimeter wechselten, wurde mir endlich klar, welche ungeheure Vielfalt menschliche Ausd\u00fcnstungen haben k\u00f6nnen &#8211; f\u00fcr Hunde und Geruchsfetischisten sicher ein grenzenloser Labsal&#8230;<\/span><br \/>\n<span style=\"font-size: medium;\">Irgendwann erlaubte mir mein <i>Freund<\/i>, der <a title=\"Texaner\" href=\"http:\/\/zonenklaus.de\/wordpress\/?p=2222\">Texaner<\/a>, dass ich nach dem abendlichen K\u00fcbeln selbiges Beh\u00e4ltnis mit kaltem Wasser abspritzen konnten. <\/span><br \/>\n<span style=\"font-size: medium;\">Zur Schlafenszeit fehlte mir dann etwas&#8230; <\/span><br \/>\n<span style=\"font-size: medium;\"><i>Der Brandenburger Freiheitspreis wird an herausragende Personen oder Institutionen vergeben, die engagiert und vorbildlich in den Bereichen Kultur, Religion, Wirtschaft oder Politik zur Verwirklichung des Freiheitsgedankens beigetragen haben. Der Jury geh\u00f6ren an: Prof. Dr. Jutta Allmendinger, Dr. Jakob Hein, Prof. Dr. Dr. h. c. Wolfgang Huber, Prof. Dr. Christoph M\u00f6llers und Dr. Sigrid Nikutta. <\/i><\/span><br \/>\n<span style=\"font-size: medium;\">K\u00f6nnte fast kotzen, wenn ich hier lese, wer versucht auf meiner Pisse Kahn zufahren und f\u00fcr die <i>Verwirklichung des Freiheitsgedankens beigetragen<\/i><em> will<\/em> &#8211; deshalb in irgendwelchen Gremien herumh\u00e4ngt, um anschlie\u00dfend medientr\u00e4chtig Feigenbl\u00e4tter zu verteilen. <\/span><br \/>\n<span style=\"font-size: medium;\">WIR gehen lustigen Zeiten entgegen! <\/span><br \/>\n<span style=\"font-size: medium;\">Wenn demn\u00e4chst die k\u00fcnftige Nummer <\/span><span style=\"font-size: medium;\"><b>1<\/b><\/span><span style=\"font-size: medium;\"> \u00fcberall aus seinem Sagenschatz, den Steinmeier<\/span><span style=\"font-size: medium;\"><i>lungen,<\/i><\/span><span style=\"font-size: medium;\"> zitiert und sich als eine Art <a title=\"Meister Nadel\u00f6hr\" href=\"https:\/\/dany1705.wordpress.com\/2014\/05\/16\/was-wurde-eigentlich-aus-meister-nadelohr\/\">Meister Nadel\u00f6hr<\/a> darstellen kann, wie letztens gehabt, im Angesicht von<\/span><span style=\"font-size: medium;\"> Schnatterinchen, Pittiplatsch, <\/span>Hoppel, Herrn Fuchs und Frau Elster<\/p>\n","protected":false},"excerpt":{"rendered":"<p>Der anf\u00e4nglich Schrieb ist eigentlich von Mitte letzten Monats&#8230; Und daf\u00fcr die feierliche Verleihung des Brandenburger Freiheitspreises nebst Laudationierung vom Momentan-Noch-Au\u00dfenminister Frank-Walter und einer tr\u00e4nenr\u00fchrenden zonen-nostalgischen \u00dcberlieferung aus den ber\u00fchmten Steinmeierlungen&#8230; Eventuell \u00e4hnelt die vorgetragene M\u00e4r ihmchens Doktorarbeit, denn auch dort schien er es mit Zitaten und belegbaren Betrachtungen nicht so genau zunehmen, wie in [&hellip;]<\/p>\n","protected":false},"author":6,"featured_media":0,"comment_status":"open","ping_status":"open","sticky":false,"template":"","format":"standard","meta":{"footnotes":""},"categories":[1,22],"tags":[],"class_list":["post-28975","post","type-post","status-publish","format-standard","hentry","category-allgemeines","category-der-tagesspiegel"],"_links":{"self":[{"href":"https:\/\/zonenklaus.de\/wordpress\/index.php?rest_route=\/wp\/v2\/posts\/28975","targetHints":{"allow":["GET"]}}],"collection":[{"href":"https:\/\/zonenklaus.de\/wordpress\/index.php?rest_route=\/wp\/v2\/posts"}],"about":[{"href":"https:\/\/zonenklaus.de\/wordpress\/index.php?rest_route=\/wp\/v2\/types\/post"}],"author":[{"embeddable":true,"href":"https:\/\/zonenklaus.de\/wordpress\/index.php?rest_route=\/wp\/v2\/users\/6"}],"replies":[{"embeddable":true,"href":"https:\/\/zonenklaus.de\/wordpress\/index.php?rest_route=%2Fwp%2Fv2%2Fcomments&post=28975"}],"version-history":[{"count":8,"href":"https:\/\/zonenklaus.de\/wordpress\/index.php?rest_route=\/wp\/v2\/posts\/28975\/revisions"}],"predecessor-version":[{"id":42696,"href":"https:\/\/zonenklaus.de\/wordpress\/index.php?rest_route=\/wp\/v2\/posts\/28975\/revisions\/42696"}],"wp:attachment":[{"href":"https:\/\/zonenklaus.de\/wordpress\/index.php?rest_route=%2Fwp%2Fv2%2Fmedia&parent=28975"}],"wp:term":[{"taxonomy":"category","embeddable":true,"href":"https:\/\/zonenklaus.de\/wordpress\/index.php?rest_route=%2Fwp%2Fv2%2Fcategories&post=28975"},{"taxonomy":"post_tag","embeddable":true,"href":"https:\/\/zonenklaus.de\/wordpress\/index.php?rest_route=%2Fwp%2Fv2%2Ftags&post=28975"}],"curies":[{"name":"wp","href":"https:\/\/api.w.org\/{rel}","templated":true}]}}