{"id":29001,"date":"2016-12-06T11:02:14","date_gmt":"2016-12-06T10:02:14","guid":{"rendered":"http:\/\/zonenklaus.de\/wordpress\/?p=29001"},"modified":"2019-12-05T23:54:50","modified_gmt":"2019-12-05T22:54:50","slug":"heute-treibt-st-nikolaus-sein-vorweihnachtliches-unwesen","status":"publish","type":"post","link":"https:\/\/zonenklaus.de\/wordpress\/?p=29001","title":{"rendered":"Heute treibt St. Nikolaus sein vorweihnachtliches Unwesen"},"content":{"rendered":"<p><a href=\"http:\/\/zonenklaus.de\/wordpress\/?attachment_id=29002\" rel=\"attachment wp-att-29002\"><img loading=\"lazy\" decoding=\"async\" class=\"alignleft size-thumbnail wp-image-29002\" src=\"http:\/\/zonenklaus.de\/wordpress\/wp-content\/uploads\/2016\/12\/un-escritor-en-guerra-vasili-grossman-en-el-ejc3a9rcito-rojo-1941-1945-e28093-antony-beevor-y-luba-vinogradova-editores-150x150.jpg\" alt=\"un-escritor-en-guerra-vasili-grossman-en-el-ejc3a9rcito-rojo-1941-1945-e28093-antony-beevor-y-luba-vinogradova-editores\" width=\"150\" height=\"150\" srcset=\"https:\/\/zonenklaus.de\/wordpress\/wp-content\/uploads\/2016\/12\/un-escritor-en-guerra-vasili-grossman-en-el-ejc3a9rcito-rojo-1941-1945-e28093-antony-beevor-y-luba-vinogradova-editores-150x150.jpg 150w, https:\/\/zonenklaus.de\/wordpress\/wp-content\/uploads\/2016\/12\/un-escritor-en-guerra-vasili-grossman-en-el-ejc3a9rcito-rojo-1941-1945-e28093-antony-beevor-y-luba-vinogradova-editores-300x300.jpg 300w, https:\/\/zonenklaus.de\/wordpress\/wp-content\/uploads\/2016\/12\/un-escritor-en-guerra-vasili-grossman-en-el-ejc3a9rcito-rojo-1941-1945-e28093-antony-beevor-y-luba-vinogradova-editores.jpg 600w\" sizes=\"auto, (max-width: 150px) 100vw, 150px\" \/><\/a>Als Vorbote des gro\u00dfen Jahresendkonsumterroristen schleicht er nun durch hiesige Landstriche.<br \/>\nHabe aus jenem Anlass mal wieder in den Tiefen meines digitalen Bermudavielecks ein Haufen Zeug gesammelt. Erg\u00e4nzt wurde alles noch mit allen m\u00f6glichen Fundst\u00fccken.<br \/>\n<a href=\"http:\/\/zonenklaus.de\/wordpress\/?attachment_id=29005\" rel=\"attachment wp-att-29005\"><img loading=\"lazy\" decoding=\"async\" class=\"alignleft size-thumbnail wp-image-29005\" src=\"http:\/\/zonenklaus.de\/wordpress\/wp-content\/uploads\/2016\/12\/weihnachtskugel-\u00e4-94x150.jpg\" alt=\"weihnachtskugel-ae\" width=\"94\" height=\"150\" srcset=\"https:\/\/zonenklaus.de\/wordpress\/wp-content\/uploads\/2016\/12\/weihnachtskugel-\u00e4-94x150.jpg 94w, https:\/\/zonenklaus.de\/wordpress\/wp-content\/uploads\/2016\/12\/weihnachtskugel-\u00e4-189x300.jpg 189w, https:\/\/zonenklaus.de\/wordpress\/wp-content\/uploads\/2016\/12\/weihnachtskugel-\u00e4.jpg 300w\" sizes=\"auto, (max-width: 94px) 100vw, 94px\" \/><\/a>In den ganzen Jahren machte ich die Erfahrung, dass zu fortgeschritten Stunden meine <i>Vortr\u00e4ge<\/i>, anl\u00e4sslich irgendwelcher <i>Weihnachtsfeiern<\/i> in Erwachsenenkreisen, sich dann nur noch auf H\u00f6he Oberkante von Scheuerleisten bewegen sollten. Was hie\u00df, da waren fast durchweg nur noch breitgef\u00e4cherte sexistische Ausf\u00fchrungen angesagt, die ich hernach nicht mehr vorlesen musste, da Unmengen in meinen grauen Zellen abgespeichert sind&#8230;<br \/>\nEbenso findet man in dem\u00a0<a href=\"http:\/\/zonenklaus.de\/wordpress\/?attachment_id=29013\" rel=\"attachment wp-att-29013\">PDF-Konvolut<\/a> noch etliche nostalgische Sachen aus Ostzeiten.<\/p>\n","protected":false},"excerpt":{"rendered":"<p>Als Vorbote des gro\u00dfen Jahresendkonsumterroristen schleicht er nun durch hiesige Landstriche. Habe aus jenem Anlass mal wieder in den Tiefen meines digitalen Bermudavielecks ein Haufen Zeug gesammelt. Erg\u00e4nzt wurde alles noch mit allen m\u00f6glichen Fundst\u00fccken. In den ganzen Jahren machte ich die Erfahrung, dass zu fortgeschritten Stunden meine Vortr\u00e4ge, anl\u00e4sslich irgendwelcher Weihnachtsfeiern in Erwachsenenkreisen, sich [&hellip;]<\/p>\n","protected":false},"author":6,"featured_media":0,"comment_status":"open","ping_status":"open","sticky":false,"template":"","format":"standard","meta":{"footnotes":""},"categories":[18],"tags":[],"class_list":["post-29001","post","type-post","status-publish","format-standard","hentry","category-zonenwitze"],"_links":{"self":[{"href":"https:\/\/zonenklaus.de\/wordpress\/index.php?rest_route=\/wp\/v2\/posts\/29001","targetHints":{"allow":["GET"]}}],"collection":[{"href":"https:\/\/zonenklaus.de\/wordpress\/index.php?rest_route=\/wp\/v2\/posts"}],"about":[{"href":"https:\/\/zonenklaus.de\/wordpress\/index.php?rest_route=\/wp\/v2\/types\/post"}],"author":[{"embeddable":true,"href":"https:\/\/zonenklaus.de\/wordpress\/index.php?rest_route=\/wp\/v2\/users\/6"}],"replies":[{"embeddable":true,"href":"https:\/\/zonenklaus.de\/wordpress\/index.php?rest_route=%2Fwp%2Fv2%2Fcomments&post=29001"}],"version-history":[{"count":8,"href":"https:\/\/zonenklaus.de\/wordpress\/index.php?rest_route=\/wp\/v2\/posts\/29001\/revisions"}],"predecessor-version":[{"id":33296,"href":"https:\/\/zonenklaus.de\/wordpress\/index.php?rest_route=\/wp\/v2\/posts\/29001\/revisions\/33296"}],"wp:attachment":[{"href":"https:\/\/zonenklaus.de\/wordpress\/index.php?rest_route=%2Fwp%2Fv2%2Fmedia&parent=29001"}],"wp:term":[{"taxonomy":"category","embeddable":true,"href":"https:\/\/zonenklaus.de\/wordpress\/index.php?rest_route=%2Fwp%2Fv2%2Fcategories&post=29001"},{"taxonomy":"post_tag","embeddable":true,"href":"https:\/\/zonenklaus.de\/wordpress\/index.php?rest_route=%2Fwp%2Fv2%2Ftags&post=29001"}],"curies":[{"name":"wp","href":"https:\/\/api.w.org\/{rel}","templated":true}]}}