{"id":29017,"date":"2016-12-07T23:55:17","date_gmt":"2016-12-07T22:55:17","guid":{"rendered":"http:\/\/zonenklaus.de\/wordpress\/?p=29017"},"modified":"2016-12-08T09:34:10","modified_gmt":"2016-12-08T08:34:10","slug":"cdu-parteitag","status":"publish","type":"post","link":"https:\/\/zonenklaus.de\/wordpress\/?p=29017","title":{"rendered":"CDU-Parteitag"},"content":{"rendered":"<p>Mutti: <em>Ville jeredet<\/em> und <em>n\u00fcscht jesacht<\/em> &#8211; <a title=\"implodierende Sprechblasen\" href=\"https:\/\/www.youtube.com\/watch?v=SLWgDqNBpg4\">implodierende Sprechblasen<\/a> an allen Ecken und Enden, nebst ihrer heischenden Blicke in s\u00e4mtliche Richtungen&#8230;<br \/>\n<a href=\"http:\/\/zonenklaus.de\/wordpress\/?attachment_id=29029\" rel=\"attachment wp-att-29029\"><img loading=\"lazy\" decoding=\"async\" class=\"alignleft size-thumbnail wp-image-29029\" src=\"http:\/\/zonenklaus.de\/wordpress\/wp-content\/uploads\/2016\/12\/Mut3\u00e4-150x99.jpg\" alt=\"mut3ae\" width=\"150\" height=\"99\" srcset=\"https:\/\/zonenklaus.de\/wordpress\/wp-content\/uploads\/2016\/12\/Mut3\u00e4-150x99.jpg 150w, https:\/\/zonenklaus.de\/wordpress\/wp-content\/uploads\/2016\/12\/Mut3\u00e4-300x199.jpg 300w, https:\/\/zonenklaus.de\/wordpress\/wp-content\/uploads\/2016\/12\/Mut3\u00e4-1024x680.jpg 1024w, https:\/\/zonenklaus.de\/wordpress\/wp-content\/uploads\/2016\/12\/Mut3\u00e4-624x414.jpg 624w, https:\/\/zonenklaus.de\/wordpress\/wp-content\/uploads\/2016\/12\/Mut3\u00e4.jpg 1284w\" sizes=\"auto, (max-width: 150px) 100vw, 150px\" \/><\/a><a href=\"http:\/\/zonenklaus.de\/wordpress\/?attachment_id=29028\" rel=\"attachment wp-att-29028\"><img loading=\"lazy\" decoding=\"async\" class=\"alignleft size-thumbnail wp-image-29028\" src=\"http:\/\/zonenklaus.de\/wordpress\/wp-content\/uploads\/2016\/12\/Mut-1\u00e4-150x110.jpg\" alt=\"mut-1ae\" width=\"150\" height=\"110\" srcset=\"https:\/\/zonenklaus.de\/wordpress\/wp-content\/uploads\/2016\/12\/Mut-1\u00e4-150x110.jpg 150w, https:\/\/zonenklaus.de\/wordpress\/wp-content\/uploads\/2016\/12\/Mut-1\u00e4-300x221.jpg 300w, https:\/\/zonenklaus.de\/wordpress\/wp-content\/uploads\/2016\/12\/Mut-1\u00e4-1024x755.jpg 1024w, https:\/\/zonenklaus.de\/wordpress\/wp-content\/uploads\/2016\/12\/Mut-1\u00e4-624x460.jpg 624w, https:\/\/zonenklaus.de\/wordpress\/wp-content\/uploads\/2016\/12\/Mut-1\u00e4.jpg 1156w\" sizes=\"auto, (max-width: 150px) 100vw, 150px\" \/><\/a><a href=\"http:\/\/zonenklaus.de\/wordpress\/?attachment_id=29027\" rel=\"attachment wp-att-29027\"><img loading=\"lazy\" decoding=\"async\" class=\"alignleft size-thumbnail wp-image-29027\" src=\"http:\/\/zonenklaus.de\/wordpress\/wp-content\/uploads\/2016\/12\/mut2\u00e4-150x101.jpg\" alt=\"mut2ae\" width=\"150\" height=\"101\" srcset=\"https:\/\/zonenklaus.de\/wordpress\/wp-content\/uploads\/2016\/12\/mut2\u00e4-150x101.jpg 150w, https:\/\/zonenklaus.de\/wordpress\/wp-content\/uploads\/2016\/12\/mut2\u00e4-300x202.jpg 300w, https:\/\/zonenklaus.de\/wordpress\/wp-content\/uploads\/2016\/12\/mut2\u00e4-1024x691.jpg 1024w, https:\/\/zonenklaus.de\/wordpress\/wp-content\/uploads\/2016\/12\/mut2\u00e4-624x421.jpg 624w, https:\/\/zonenklaus.de\/wordpress\/wp-content\/uploads\/2016\/12\/mut2\u00e4.jpg 1265w\" sizes=\"auto, (max-width: 150px) 100vw, 150px\" \/><\/a><\/p>\n<p>&nbsp;<\/p>\n<p><!--more--><\/p>\n<p>Seit vielen Jahrzehnten spielte ich in geselligen Runden immer mal wieder mit den beiden Gesichtsh\u00e4lften, fr\u00fcher mit Hilfe eines kleinen Spiegels, heute geht es mit Photo wesentlich einfacher.<br \/>\nWei\u00df der Deibel, weshalb ich Mutti daf\u00fcr auserkoren hatte, scheinbar nur als Reaktion auf die selbstgef\u00e4llig vorgetragenen Beschwichtigungsnotwahrheiten vor ihren Mitl\u00e4ufern, die als Claqueure teilweise auch ein gutes Bild abgaben. Wie anno tuck w\u00e4hrend sozialistischer Jubelorgien, anl\u00e4sslich dauerhafter Volksverarsche zu Parteitagen der Dreigrammbewegung&#8230;<br \/>\nDie Frau Kanzlerin zu spiegeln, macht immer wieder Spa\u00df, GMX half mir dabei wieder mit Ablichtungen&#8230;<br \/>\n<a href=\"http:\/\/zonenklaus.de\/wordpress\/?attachment_id=29033\" rel=\"attachment wp-att-29033\"><img loading=\"lazy\" decoding=\"async\" class=\"alignleft size-thumbnail wp-image-29033\" src=\"http:\/\/zonenklaus.de\/wordpress\/wp-content\/uploads\/2016\/12\/MS2-150x131.jpg\" alt=\"ms2\" width=\"150\" height=\"131\" srcset=\"https:\/\/zonenklaus.de\/wordpress\/wp-content\/uploads\/2016\/12\/MS2-150x131.jpg 150w, https:\/\/zonenklaus.de\/wordpress\/wp-content\/uploads\/2016\/12\/MS2-300x262.jpg 300w, https:\/\/zonenklaus.de\/wordpress\/wp-content\/uploads\/2016\/12\/MS2-1024x896.jpg 1024w, https:\/\/zonenklaus.de\/wordpress\/wp-content\/uploads\/2016\/12\/MS2-624x546.jpg 624w, https:\/\/zonenklaus.de\/wordpress\/wp-content\/uploads\/2016\/12\/MS2.jpg 1400w\" sizes=\"auto, (max-width: 150px) 100vw, 150px\" \/><\/a> <a href=\"http:\/\/zonenklaus.de\/wordpress\/?attachment_id=29034\" rel=\"attachment wp-att-29034\"><img loading=\"lazy\" decoding=\"async\" class=\"alignleft size-thumbnail wp-image-29034\" src=\"http:\/\/zonenklaus.de\/wordpress\/wp-content\/uploads\/2016\/12\/MS1-150x130.jpg\" alt=\"ms1\" width=\"150\" height=\"130\" srcset=\"https:\/\/zonenklaus.de\/wordpress\/wp-content\/uploads\/2016\/12\/MS1-150x130.jpg 150w, https:\/\/zonenklaus.de\/wordpress\/wp-content\/uploads\/2016\/12\/MS1-300x261.jpg 300w, https:\/\/zonenklaus.de\/wordpress\/wp-content\/uploads\/2016\/12\/MS1-1024x890.jpg 1024w, https:\/\/zonenklaus.de\/wordpress\/wp-content\/uploads\/2016\/12\/MS1-624x542.jpg 624w, https:\/\/zonenklaus.de\/wordpress\/wp-content\/uploads\/2016\/12\/MS1.jpg 1424w\" sizes=\"auto, (max-width: 150px) 100vw, 150px\" \/><\/a>Bei Photos vom Herrn Schulz z.B., kommen Spiegelungen seiner Gesichtsh\u00e4lften best\u00e4ndig emotionslos r\u00fcber. Nun darf sich jeder selber einen <i>Kopp<\/i> machen, was man daraus schlie\u00dfen kann.<br \/>\nF\u00fcr ahnungslose Westentaschen-P\u00fccholochen folgt noch ein Anhang, der letztlich nicht viel bringt, wegen der vielen Deutungsm\u00f6glichkeiten aber f\u00fcr ellenlanges Klugschnacken am Biertisch, doch recht hilfreich sein k\u00f6nnte.<br \/>\nGimmick: <a title=\"Gesichtsh\u00e4lften spiegeln\" href=\"http:\/\/www.essential-freebies.de\/board\/viewtopic.php?t=12901\">Gesichtsh\u00e4lften spiegeln<\/a><br \/>\n<a title=\"Rechte vs linke Gehirnh\u00e4lfte\" href=\"http:\/\/psychologie-news.stangl.eu\/512\/rechte-vs-linke-gehirnhalfte\">Rechte vs linke Gehirnh\u00e4lfte<\/a><br \/>\n<a title=\"Die Magie der Bilder\" href=\"http:\/\/www.online-bildspiegler.de\/\">Die Magie der Bilder<\/a><\/p>\n<p><b>Nachtrag: <\/b>Beim Betrachten ihres <a title=\"Konterfeis,\" href=\"https:\/\/www.gmx.net\/magazine\/politik\/doppelpass-angela-merkels-riskante-graetsche-32050452\">Konterfeis<\/a> wurde mir ganz anders, es erinnerte mich entfernt an <a title=\"Nosferatu\" href=\"https:\/\/cdn.shopify.com\/s\/files\/1\/0197\/9766\/products\/Nosferatu-VirginVampire.jpg?v=1436333771\">Nosferatu<\/a>. Wei\u00df Mutti \u00fcberhaupt noch was die Stunde geschlagen hat? Der Doppelpassschwank (oder -schwenk) ist doch wohl etwas mehr als nur eine riskante Gr\u00e4tsche&#8230;<\/p>\n<p><a href=\"http:\/\/zonenklaus.de\/wordpress\/?attachment_id=29040\" rel=\"attachment wp-att-29040\"><img loading=\"lazy\" decoding=\"async\" class=\"alignleft size-thumbnail wp-image-29040\" src=\"http:\/\/zonenklaus.de\/wordpress\/wp-content\/uploads\/2016\/12\/r-\u00e4\u00e4\u00e4\u00e4-150x100.jpg\" alt=\"r-aeaeaeae\" width=\"150\" height=\"100\" srcset=\"https:\/\/zonenklaus.de\/wordpress\/wp-content\/uploads\/2016\/12\/r-\u00e4\u00e4\u00e4\u00e4-150x100.jpg 150w, https:\/\/zonenklaus.de\/wordpress\/wp-content\/uploads\/2016\/12\/r-\u00e4\u00e4\u00e4\u00e4-300x200.jpg 300w, https:\/\/zonenklaus.de\/wordpress\/wp-content\/uploads\/2016\/12\/r-\u00e4\u00e4\u00e4\u00e4-1024x683.jpg 1024w, https:\/\/zonenklaus.de\/wordpress\/wp-content\/uploads\/2016\/12\/r-\u00e4\u00e4\u00e4\u00e4-624x416.jpg 624w, https:\/\/zonenklaus.de\/wordpress\/wp-content\/uploads\/2016\/12\/r-\u00e4\u00e4\u00e4\u00e4.jpg 1331w\" sizes=\"auto, (max-width: 150px) 100vw, 150px\" \/><\/a> <a href=\"http:\/\/zonenklaus.de\/wordpress\/?attachment_id=29041\" rel=\"attachment wp-att-29041\"><img loading=\"lazy\" decoding=\"async\" class=\"alignleft size-thumbnail wp-image-29041\" src=\"http:\/\/zonenklaus.de\/wordpress\/wp-content\/uploads\/2016\/12\/\u00e4\u00e4\u00e4-150x104.jpg\" alt=\"aeaeae\" width=\"150\" height=\"104\" srcset=\"https:\/\/zonenklaus.de\/wordpress\/wp-content\/uploads\/2016\/12\/\u00e4\u00e4\u00e4-150x104.jpg 150w, https:\/\/zonenklaus.de\/wordpress\/wp-content\/uploads\/2016\/12\/\u00e4\u00e4\u00e4-300x208.jpg 300w, https:\/\/zonenklaus.de\/wordpress\/wp-content\/uploads\/2016\/12\/\u00e4\u00e4\u00e4-1024x711.jpg 1024w, https:\/\/zonenklaus.de\/wordpress\/wp-content\/uploads\/2016\/12\/\u00e4\u00e4\u00e4-624x433.jpg 624w, https:\/\/zonenklaus.de\/wordpress\/wp-content\/uploads\/2016\/12\/\u00e4\u00e4\u00e4.jpg 1279w\" sizes=\"auto, (max-width: 150px) 100vw, 150px\" \/><\/a><\/p>\n","protected":false},"excerpt":{"rendered":"<p>Mutti: Ville jeredet und n\u00fcscht jesacht &#8211; implodierende Sprechblasen an allen Ecken und Enden, nebst ihrer heischenden Blicke in s\u00e4mtliche Richtungen&#8230; &nbsp;<\/p>\n","protected":false},"author":6,"featured_media":0,"comment_status":"open","ping_status":"open","sticky":false,"template":"","format":"standard","meta":{"footnotes":""},"categories":[1],"tags":[],"class_list":["post-29017","post","type-post","status-publish","format-standard","hentry","category-allgemeines"],"_links":{"self":[{"href":"https:\/\/zonenklaus.de\/wordpress\/index.php?rest_route=\/wp\/v2\/posts\/29017","targetHints":{"allow":["GET"]}}],"collection":[{"href":"https:\/\/zonenklaus.de\/wordpress\/index.php?rest_route=\/wp\/v2\/posts"}],"about":[{"href":"https:\/\/zonenklaus.de\/wordpress\/index.php?rest_route=\/wp\/v2\/types\/post"}],"author":[{"embeddable":true,"href":"https:\/\/zonenklaus.de\/wordpress\/index.php?rest_route=\/wp\/v2\/users\/6"}],"replies":[{"embeddable":true,"href":"https:\/\/zonenklaus.de\/wordpress\/index.php?rest_route=%2Fwp%2Fv2%2Fcomments&post=29017"}],"version-history":[{"count":12,"href":"https:\/\/zonenklaus.de\/wordpress\/index.php?rest_route=\/wp\/v2\/posts\/29017\/revisions"}],"predecessor-version":[{"id":29043,"href":"https:\/\/zonenklaus.de\/wordpress\/index.php?rest_route=\/wp\/v2\/posts\/29017\/revisions\/29043"}],"wp:attachment":[{"href":"https:\/\/zonenklaus.de\/wordpress\/index.php?rest_route=%2Fwp%2Fv2%2Fmedia&parent=29017"}],"wp:term":[{"taxonomy":"category","embeddable":true,"href":"https:\/\/zonenklaus.de\/wordpress\/index.php?rest_route=%2Fwp%2Fv2%2Fcategories&post=29017"},{"taxonomy":"post_tag","embeddable":true,"href":"https:\/\/zonenklaus.de\/wordpress\/index.php?rest_route=%2Fwp%2Fv2%2Ftags&post=29017"}],"curies":[{"name":"wp","href":"https:\/\/api.w.org\/{rel}","templated":true}]}}