{"id":2910,"date":"2009-06-27T22:37:53","date_gmt":"2009-06-27T21:37:53","guid":{"rendered":"http:\/\/12decode.de\/zonenklaus\/wordpress\/?p=2910"},"modified":"2009-06-27T22:57:57","modified_gmt":"2009-06-27T21:57:57","slug":"andre-gorz","status":"publish","type":"post","link":"https:\/\/zonenklaus.de\/wordpress\/?p=2910","title":{"rendered":"Andr\u00e9 Gorz"},"content":{"rendered":"<p>Warum 3SAT am letzten Dienstag, fast zwei Jahre nach dem Andr\u00e9 Gorz, gemeinsam mit Ehefrau Dorine, freiwillig sein Leben zur\u00fcckgab, ein kurz vorher mit ihm aufgezeichnetes Interview in \u201eKulturzeit&#8221; brachte, war mir nicht ganz klar, h\u00e4nge es aber als Fu\u00dfnote zum gestrigen Beitrag an.<br \/>\nSeine, vor vielen Jahren schon eingebrachten Prognosen wurden ja permanent vom fauchen der warmen Luft, aller regierungsbestellten Wirtschaftsweis(s)linge \u00fcbert\u00f6nt&#8230;<\/p>\n<p><a href=\"http:\/\/www.3sat.de\/dynamic\/sitegen\/bin\/sitegen.php?scsrc=2&amp;date=2009-06-23&amp;division=kulturzeit&amp;cx=1\">Auswege aus dem Kapitalismus<\/a><\/p>\n","protected":false},"excerpt":{"rendered":"<p>Warum 3SAT am letzten Dienstag, fast zwei Jahre nach dem Andr\u00e9 Gorz, gemeinsam mit Ehefrau Dorine, freiwillig sein Leben zur\u00fcckgab, ein kurz vorher mit ihm aufgezeichnetes Interview in \u201eKulturzeit&#8221; brachte, war mir nicht ganz klar, h\u00e4nge es aber als Fu\u00dfnote zum gestrigen Beitrag an. Seine, vor vielen Jahren schon eingebrachten Prognosen wurden ja permanent vom [&hellip;]<\/p>\n","protected":false},"author":6,"featured_media":0,"comment_status":"open","ping_status":"closed","sticky":false,"template":"","format":"standard","meta":{"footnotes":""},"categories":[1],"tags":[],"class_list":["post-2910","post","type-post","status-publish","format-standard","hentry","category-allgemeines"],"_links":{"self":[{"href":"https:\/\/zonenklaus.de\/wordpress\/index.php?rest_route=\/wp\/v2\/posts\/2910","targetHints":{"allow":["GET"]}}],"collection":[{"href":"https:\/\/zonenklaus.de\/wordpress\/index.php?rest_route=\/wp\/v2\/posts"}],"about":[{"href":"https:\/\/zonenklaus.de\/wordpress\/index.php?rest_route=\/wp\/v2\/types\/post"}],"author":[{"embeddable":true,"href":"https:\/\/zonenklaus.de\/wordpress\/index.php?rest_route=\/wp\/v2\/users\/6"}],"replies":[{"embeddable":true,"href":"https:\/\/zonenklaus.de\/wordpress\/index.php?rest_route=%2Fwp%2Fv2%2Fcomments&post=2910"}],"version-history":[{"count":5,"href":"https:\/\/zonenklaus.de\/wordpress\/index.php?rest_route=\/wp\/v2\/posts\/2910\/revisions"}],"predecessor-version":[{"id":2915,"href":"https:\/\/zonenklaus.de\/wordpress\/index.php?rest_route=\/wp\/v2\/posts\/2910\/revisions\/2915"}],"wp:attachment":[{"href":"https:\/\/zonenklaus.de\/wordpress\/index.php?rest_route=%2Fwp%2Fv2%2Fmedia&parent=2910"}],"wp:term":[{"taxonomy":"category","embeddable":true,"href":"https:\/\/zonenklaus.de\/wordpress\/index.php?rest_route=%2Fwp%2Fv2%2Fcategories&post=2910"},{"taxonomy":"post_tag","embeddable":true,"href":"https:\/\/zonenklaus.de\/wordpress\/index.php?rest_route=%2Fwp%2Fv2%2Ftags&post=2910"}],"curies":[{"name":"wp","href":"https:\/\/api.w.org\/{rel}","templated":true}]}}