{"id":29774,"date":"2017-05-14T02:14:46","date_gmt":"2017-05-14T01:14:46","guid":{"rendered":"http:\/\/zonenklaus.de\/wordpress\/?p=29774"},"modified":"2017-05-15T17:49:33","modified_gmt":"2017-05-15T16:49:33","slug":"genossin-kraft-hat-bombastisch-verwonnen","status":"publish","type":"post","link":"https:\/\/zonenklaus.de\/wordpress\/?p=29774","title":{"rendered":"Genossin Kraft hat bombastisch verwonnen!"},"content":{"rendered":"<p><span style=\"font-size: small;\">Ab 18 Uhr 16 lief bei mir 17 Minuten die Glotze. Es brauchte doch schon einige \u00dcberwindung, sich jenen allseitig verbreiteten Firlefanz einzuziehen, war schon lustig. Am Besten gefiel mir <i>Guido<\/i> Lindner, gefolgt von Hanni K.<\/span><br \/>\n<span style=\"font-size: small;\">W\u00e4hrend ihrer Analysen, verschei\u00dferten die Hellroten nebst den Chlorophyllmarxisten auch noch alle <i>Wechselw\u00e4hler.<\/i><\/span><br \/>\n<span style=\"font-size: small;\">Verstehen konnte ich die Begr\u00fcndungen der r\u00fcckw\u00e4rtsgewandten Sieger absolut nicht, diese Geschichte mit dem Nichtverstehenwollen und dem grenzenlosen Unverst\u00e4ndnis, was <i>demokratisches<\/i> Wahlverhalten des Stimmviehs betraf. <\/span><br \/>\n<span style=\"font-size: small;\"><i>Landtagswahl in NRW: SPD-Chef Martin Schulz k\u00fcndigt <a href=\"https:\/\/www.gmx.net\/magazine\/politik\/wahlen\/landtagswahlen\/landtagswahl-nrw-spd-chef-martin-schulz-kuendigt-konsequenzen-wahlniederlage-32324270\">Konsequenzen aus Wahlniederlage <\/a>an!<\/i><\/span><br \/>\n<span style=\"font-size: small;\">Wenn nun der 100%Messias auch zur\u00fccktreten w\u00fcrde, h\u00e4tte sein Entschluss allerdings eine ganz andere Wertung als bei der Kraftschen, da sie ja lediglich auf der Schleimspruch vom gro\u00dfm\u00e4uligen M\u00f6chtegernkanzler auf die Fresse fiel. Da kann man ihren Abgang nebst leerer Verantwortungs\u00fcbernahme nur unter feigen R\u00fcckzug verbuchen. Statt sich abschlie\u00dfend auf Augenh\u00f6he wenigstens noch ihren unmittelbaren Mitl\u00e4ufern zustellen, nichts als der schmollende R\u00fcckzug. <\/span><br \/>\n<span style=\"font-size: small;\">Au\u00dferdem &#8211; wenn schon <i>ehrenvolle Demission<\/i>, dann aber mit allen Konsequenzen, verbunden mit der Niederlegung s\u00e4mtlicher politischen \u00c4mter! Will ja hier nicht \u00fcbertreiben, gut, vielleicht sollte ihr ein Besch\u00e4ftigungsverh\u00e4ltnis in der M\u00fchlheimischen Provinz angeboten werden, vielleicht der Posten einer Kassiererin auf Kreisebene&#8230;<\/span><br \/>\n<span style=\"font-size: small;\">Sollte Hannelorchen der totale R\u00fcckzug ans Herz gelegt werden, k\u00f6nnte ich vielleicht einen Tipp geben, interpretiert von einem<a href=\"https:\/\/www.youtube.com\/watch?v=UO8sD81NVTg\"> j\u00fcdischen Texaner<\/a>!<\/span><br \/>\n<span style=\"font-size: small;\">Scheinbar ist die einzige nachvollziehbare Schulzsche Konsequenz, seine gerade gewonnene Erkenntnis: &#8220;Ich bin kein Zauberer&#8221;. So empfand ich aber Wochenlang sein \u00fcberkanditelndes feelig, nach den angedienten 100 Prozent. <\/span><br \/>\n<span style=\"font-size: small;\">In den n\u00e4chsten Wochen wird St. Martin noch viele <i>witzige Sachen<\/i> anstellen und parallel dazu, sich auf seine gigantomanischen Art erst recht diskreditieren und es gar nicht bemerken! <\/span><br \/>\n<span style=\"font-size: small;\">Man k\u00f6nnte fast meinen, der kleine Schulz ist gerade dabei eine gekonnte Demontage seiner selbst zu inszenieren, wobei letztlich nur eine schemenhaft Karikatur mit <i>vielen Dellen <\/i>\u00fcbrigbleiben wird<\/span><br \/>\n<span style=\"font-size: small;\">Es lebe der versiegende Kanzlertraum!<\/span><\/p>\n","protected":false},"excerpt":{"rendered":"<p>Ab 18 Uhr 16 lief bei mir 17 Minuten die Glotze. Es brauchte doch schon einige \u00dcberwindung, sich jenen allseitig verbreiteten Firlefanz einzuziehen, war schon lustig. Am Besten gefiel mir Guido Lindner, gefolgt von Hanni K. W\u00e4hrend ihrer Analysen, verschei\u00dferten die Hellroten nebst den Chlorophyllmarxisten auch noch alle Wechselw\u00e4hler. Verstehen konnte ich die Begr\u00fcndungen der [&hellip;]<\/p>\n","protected":false},"author":6,"featured_media":0,"comment_status":"open","ping_status":"open","sticky":false,"template":"","format":"standard","meta":{"footnotes":""},"categories":[1],"tags":[],"class_list":["post-29774","post","type-post","status-publish","format-standard","hentry","category-allgemeines"],"_links":{"self":[{"href":"https:\/\/zonenklaus.de\/wordpress\/index.php?rest_route=\/wp\/v2\/posts\/29774","targetHints":{"allow":["GET"]}}],"collection":[{"href":"https:\/\/zonenklaus.de\/wordpress\/index.php?rest_route=\/wp\/v2\/posts"}],"about":[{"href":"https:\/\/zonenklaus.de\/wordpress\/index.php?rest_route=\/wp\/v2\/types\/post"}],"author":[{"embeddable":true,"href":"https:\/\/zonenklaus.de\/wordpress\/index.php?rest_route=\/wp\/v2\/users\/6"}],"replies":[{"embeddable":true,"href":"https:\/\/zonenklaus.de\/wordpress\/index.php?rest_route=%2Fwp%2Fv2%2Fcomments&post=29774"}],"version-history":[{"count":4,"href":"https:\/\/zonenklaus.de\/wordpress\/index.php?rest_route=\/wp\/v2\/posts\/29774\/revisions"}],"predecessor-version":[{"id":29787,"href":"https:\/\/zonenklaus.de\/wordpress\/index.php?rest_route=\/wp\/v2\/posts\/29774\/revisions\/29787"}],"wp:attachment":[{"href":"https:\/\/zonenklaus.de\/wordpress\/index.php?rest_route=%2Fwp%2Fv2%2Fmedia&parent=29774"}],"wp:term":[{"taxonomy":"category","embeddable":true,"href":"https:\/\/zonenklaus.de\/wordpress\/index.php?rest_route=%2Fwp%2Fv2%2Fcategories&post=29774"},{"taxonomy":"post_tag","embeddable":true,"href":"https:\/\/zonenklaus.de\/wordpress\/index.php?rest_route=%2Fwp%2Fv2%2Ftags&post=29774"}],"curies":[{"name":"wp","href":"https:\/\/api.w.org\/{rel}","templated":true}]}}