{"id":29849,"date":"2017-06-18T23:49:56","date_gmt":"2017-06-18T22:49:56","guid":{"rendered":"http:\/\/zonenklaus.de\/wordpress\/?p=29849"},"modified":"2017-06-18T23:54:05","modified_gmt":"2017-06-18T22:54:05","slug":"taz-chef-tut-kohl-titelbild-leid","status":"publish","type":"post","link":"https:\/\/zonenklaus.de\/wordpress\/?p=29849","title":{"rendered":"&#8220;taz&#8221;-Chef tut Kohl-Titelbild leid"},"content":{"rendered":"<p><span style=\"font-size: large;\"><a href=\"http:\/\/www.spiegel.de\/kultur\/gesellschaft\/helmut-kohl-taz-chefredakteur-tuttitelbildtitelbild-leid-a-1152652.html\">&#8220;Bl\u00fchende Landschaften&#8221;<\/a><\/span><br \/>\n<span style=\"font-size: large;\">Weshalb \u00fcberhaupt?<\/span><br \/>\n<span style=\"font-size: large;\">Denn eigentlich fand ich dieses Teil Kernobst recht unauff\u00e4llig. <\/span><br \/>\n<span style=\"font-size: large;\">Au\u00dferdem <i>ist jeder ein K\u00fcnstler<\/i> und <i>Kunst<\/i> <i>darf <\/i>alles!<\/span><br \/>\n<span style=\"font-size: large;\">Was diese recht unsachgem\u00e4\u00df platzierte Kultur-Birne auf der <i>taz-Collage<\/i> angeht, habe ich sie etwas ver\u00e4ndert. <\/span><br \/>\n<span style=\"font-size: large;\">Wenn auf der einen Seite Leute Kettens\u00e4gen hervorholten und seit Tagen mit jenen Werkzeugen solch unverh\u00e4ltnism\u00e4\u00dfige S\u00fc\u00dfholzraspelei veranstalten, erinnert mich der nachtr\u00e4gliche Personenkult um Herrn Kappes an <a href=\"https:\/\/www.nd-archiv.de\/ausgabe\/1953-03-07\">l\u00e4ngst vergangene Zeiten<\/a>. <\/span><br \/>\n<span style=\"font-size: large;\"><b>&#8211;<\/b><i> Das Herz des gr\u00f6\u00dften Menschen unserer Epoche, des Wendekanzlervaters, hat aufgeh\u00f6rt zu schlagen<\/i><\/span><br \/>\n<span style=\"font-size: large;\">Hier dieser etwas ver\u00e4nderter Kommentar <span style=\"font-size: small;\"><b>(<\/b><\/span><span style=\"font-size: small;\">Er dr\u00fcckt mein pers\u00f6nliches Empfinden aus und dient nicht zu Propagandzwecken!<\/span><span style=\"font-size: small;\"><b>)<\/b><\/span>, wobei ich mich an der Vorlage der Sch\u00fclerzeitung orientiert habe <b> <\/b>&#8211; der Rest ist Schweigen&#8230;<\/span><!--more--><\/p>\n<p><a href=\"http:\/\/zonenklaus.de\/wordpress\/?attachment_id=29850\" rel=\"attachment wp-att-29850\"><img loading=\"lazy\" decoding=\"async\" class=\"size-thumbnail wp-image-29850 aligncenter\" src=\"http:\/\/zonenklaus.de\/wordpress\/wp-content\/uploads\/2017\/06\/Herr-Kappes2-103x150.jpg\" alt=\"\" width=\"103\" height=\"150\" srcset=\"https:\/\/zonenklaus.de\/wordpress\/wp-content\/uploads\/2017\/06\/Herr-Kappes2-103x150.jpg 103w, https:\/\/zonenklaus.de\/wordpress\/wp-content\/uploads\/2017\/06\/Herr-Kappes2-206x300.jpg 206w, https:\/\/zonenklaus.de\/wordpress\/wp-content\/uploads\/2017\/06\/Herr-Kappes2-768x1117.jpg 768w, https:\/\/zonenklaus.de\/wordpress\/wp-content\/uploads\/2017\/06\/Herr-Kappes2-704x1024.jpg 704w, https:\/\/zonenklaus.de\/wordpress\/wp-content\/uploads\/2017\/06\/Herr-Kappes2-624x908.jpg 624w, https:\/\/zonenklaus.de\/wordpress\/wp-content\/uploads\/2017\/06\/Herr-Kappes2.jpg 1731w\" sizes=\"auto, (max-width: 103px) 100vw, 103px\" \/><\/a><\/p>\n","protected":false},"excerpt":{"rendered":"<p>&#8220;Bl\u00fchende Landschaften&#8221; Weshalb \u00fcberhaupt? Denn eigentlich fand ich dieses Teil Kernobst recht unauff\u00e4llig. Au\u00dferdem ist jeder ein K\u00fcnstler und Kunst darf alles! Was diese recht unsachgem\u00e4\u00df platzierte Kultur-Birne auf der taz-Collage angeht, habe ich sie etwas ver\u00e4ndert. Wenn auf der einen Seite Leute Kettens\u00e4gen hervorholten und seit Tagen mit jenen Werkzeugen solch unverh\u00e4ltnism\u00e4\u00dfige S\u00fc\u00dfholzraspelei veranstalten, [&hellip;]<\/p>\n","protected":false},"author":6,"featured_media":0,"comment_status":"open","ping_status":"open","sticky":false,"template":"","format":"standard","meta":{"footnotes":""},"categories":[1,38],"tags":[],"class_list":["post-29849","post","type-post","status-publish","format-standard","hentry","category-allgemeines","category-in-den-ewigen-jagdgrunden"],"_links":{"self":[{"href":"https:\/\/zonenklaus.de\/wordpress\/index.php?rest_route=\/wp\/v2\/posts\/29849","targetHints":{"allow":["GET"]}}],"collection":[{"href":"https:\/\/zonenklaus.de\/wordpress\/index.php?rest_route=\/wp\/v2\/posts"}],"about":[{"href":"https:\/\/zonenklaus.de\/wordpress\/index.php?rest_route=\/wp\/v2\/types\/post"}],"author":[{"embeddable":true,"href":"https:\/\/zonenklaus.de\/wordpress\/index.php?rest_route=\/wp\/v2\/users\/6"}],"replies":[{"embeddable":true,"href":"https:\/\/zonenklaus.de\/wordpress\/index.php?rest_route=%2Fwp%2Fv2%2Fcomments&post=29849"}],"version-history":[{"count":4,"href":"https:\/\/zonenklaus.de\/wordpress\/index.php?rest_route=\/wp\/v2\/posts\/29849\/revisions"}],"predecessor-version":[{"id":29855,"href":"https:\/\/zonenklaus.de\/wordpress\/index.php?rest_route=\/wp\/v2\/posts\/29849\/revisions\/29855"}],"wp:attachment":[{"href":"https:\/\/zonenklaus.de\/wordpress\/index.php?rest_route=%2Fwp%2Fv2%2Fmedia&parent=29849"}],"wp:term":[{"taxonomy":"category","embeddable":true,"href":"https:\/\/zonenklaus.de\/wordpress\/index.php?rest_route=%2Fwp%2Fv2%2Fcategories&post=29849"},{"taxonomy":"post_tag","embeddable":true,"href":"https:\/\/zonenklaus.de\/wordpress\/index.php?rest_route=%2Fwp%2Fv2%2Ftags&post=29849"}],"curies":[{"name":"wp","href":"https:\/\/api.w.org\/{rel}","templated":true}]}}