{"id":29890,"date":"2017-07-01T23:16:20","date_gmt":"2017-07-01T22:16:20","guid":{"rendered":"http:\/\/zonenklaus.de\/wordpress\/?p=29890"},"modified":"2017-07-02T01:20:05","modified_gmt":"2017-07-02T00:20:05","slug":"bischof-wird-bei-kohl-ganz-persoenlich-und-wendet-sich-auch-an-die-abwesenden-soehne","status":"publish","type":"post","link":"https:\/\/zonenklaus.de\/wordpress\/?p=29890","title":{"rendered":"Bischof wird bei Kohl ganz pers\u00f6nlich und wendet sich auch an die abwesenden S\u00f6hne"},"content":{"rendered":"<p><span style=\"font-size: medium;\">Mutti: <a href=\"http:\/\/www.focus.de\/\"><i>&#8220;Wusste um seine Ecken und Kanten&#8221;<\/i><\/a><\/span><br \/>\n<span style=\"font-size: medium;\">Was war denn das heute?<\/span><br \/>\n<span style=\"font-size: medium;\">Unbedarft schaltete ich nachmittags die Glotze an und nach wenigen Sekunden sofort wieder aus, weil jemand im violetten Kleidchen irgendetwas \u00fcber Birne ablie\u00df!<\/span><br \/>\n<span style=\"font-size: medium;\">Im gleichen Augenblick fiel mir der australische <a href=\"http:\/\/www.zeit.de\/gesellschaft\/2015-08\/missbrauch-kirche-papst-johannes-franziskus-australien-katholisch\">Kardinal George Pell<\/a> ein. <\/span><br \/>\n<span style=\"font-size: medium;\">Die Kr\u00f6nung des heutigen <em>Events<\/em> w\u00e4re ja nun, wenn hinter irgendjemand etwas gegen Angeh\u00f6rige der Riege von anwesenden Kirchenf\u00fcrsten vorbringen k\u00f6nnte&#8230;<\/span><br \/>\n<span style=\"font-size: medium;\">Was Pell betrifft, wird es lustig, wenn man die <a href=\"http:\/\/www.rp-online.de\/panorama\/ausland\/missbrauchsvorwurf-kardinal-pell-legt-amt-voruebergehend-nieder-aid-1.6913505\">fast zwei Jahre auseinanderliegenden Texte vergleicht. <\/a><\/span><\/p>\n","protected":false},"excerpt":{"rendered":"<p>Mutti: &#8220;Wusste um seine Ecken und Kanten&#8221; Was war denn das heute? Unbedarft schaltete ich nachmittags die Glotze an und nach wenigen Sekunden sofort wieder aus, weil jemand im violetten Kleidchen irgendetwas \u00fcber Birne ablie\u00df! Im gleichen Augenblick fiel mir der australische Kardinal George Pell ein. Die Kr\u00f6nung des heutigen Events w\u00e4re ja nun, wenn [&hellip;]<\/p>\n","protected":false},"author":6,"featured_media":0,"comment_status":"open","ping_status":"open","sticky":false,"template":"","format":"standard","meta":{"footnotes":""},"categories":[1,38],"tags":[],"class_list":["post-29890","post","type-post","status-publish","format-standard","hentry","category-allgemeines","category-in-den-ewigen-jagdgrunden"],"_links":{"self":[{"href":"https:\/\/zonenklaus.de\/wordpress\/index.php?rest_route=\/wp\/v2\/posts\/29890","targetHints":{"allow":["GET"]}}],"collection":[{"href":"https:\/\/zonenklaus.de\/wordpress\/index.php?rest_route=\/wp\/v2\/posts"}],"about":[{"href":"https:\/\/zonenklaus.de\/wordpress\/index.php?rest_route=\/wp\/v2\/types\/post"}],"author":[{"embeddable":true,"href":"https:\/\/zonenklaus.de\/wordpress\/index.php?rest_route=\/wp\/v2\/users\/6"}],"replies":[{"embeddable":true,"href":"https:\/\/zonenklaus.de\/wordpress\/index.php?rest_route=%2Fwp%2Fv2%2Fcomments&post=29890"}],"version-history":[{"count":2,"href":"https:\/\/zonenklaus.de\/wordpress\/index.php?rest_route=\/wp\/v2\/posts\/29890\/revisions"}],"predecessor-version":[{"id":29892,"href":"https:\/\/zonenklaus.de\/wordpress\/index.php?rest_route=\/wp\/v2\/posts\/29890\/revisions\/29892"}],"wp:attachment":[{"href":"https:\/\/zonenklaus.de\/wordpress\/index.php?rest_route=%2Fwp%2Fv2%2Fmedia&parent=29890"}],"wp:term":[{"taxonomy":"category","embeddable":true,"href":"https:\/\/zonenklaus.de\/wordpress\/index.php?rest_route=%2Fwp%2Fv2%2Fcategories&post=29890"},{"taxonomy":"post_tag","embeddable":true,"href":"https:\/\/zonenklaus.de\/wordpress\/index.php?rest_route=%2Fwp%2Fv2%2Ftags&post=29890"}],"curies":[{"name":"wp","href":"https:\/\/api.w.org\/{rel}","templated":true}]}}