{"id":29894,"date":"2017-07-04T23:48:39","date_gmt":"2017-07-04T22:48:39","guid":{"rendered":"http:\/\/zonenklaus.de\/wordpress\/?p=29894"},"modified":"2017-07-04T23:49:48","modified_gmt":"2017-07-04T22:49:48","slug":"eine-lange-nacht-ueber-den-highway-6","status":"publish","type":"post","link":"https:\/\/zonenklaus.de\/wordpress\/?p=29894","title":{"rendered":"Eine Lange Nacht \u00fcber den Highway 61"},"content":{"rendered":"<p>Tags\u00fcber l\u00e4uft \u00fcber den Sender oftmals viel D\u00fcnnschiss, dem sie einen <i>kulturellen<\/i> Anstrich verpassen, was man zu den <i>Langen N\u00e4chten<\/i> nicht sagen kann. Die allerdings immer zu einer recht unchristlichen Zeit \u00fcber den \u00c4ther gehen, aber s\u00e4mtliche Beitr\u00e4ge sind von gleichbleibender Qualit\u00e4t, egal was gerade abgehandelt wird. Wenn ich sie mir nicht live einziehen kann, werden sie halt aufgenommen.<br \/>\nDiese Teil war aber mal wieder ein absolutes Highlight.<br \/>\nUngeachtet dessen, nur weil sich die Amis momentan eine Flachzange wie Trump als Pr\u00e4sidenten leisten, muss man das Land doch mit etwas anderen Augen sehen, was zeitweise sehr schwer f\u00e4llt, wenn man die Geschehnisse in den \u00fcber drei Jahrhunderten diese Staates betrachtet&#8230;<br \/>\nAnfangs wird auch Mark Twain erw\u00e4hnt &#8211; an dessen europ\u00e4ischen Spuren wurde ich vor ein paar Wochen auf der <a href=\"https:\/\/de.wikipedia.org\/wiki\/Rigi\">Rigi<\/a> erinnert. <span style=\"font-size: xx-small;\"><b>(<\/b><\/span><span style=\"font-size: xx-small;\">Habe leider immer noch nicht den Finger aus meinem Arsch gezogen und die betreffenden Ablichtungen bei FLICKR entsorgt.<\/span><span style=\"font-size: xx-small;\"><b>) <\/b><\/span><br \/>\nNebenbei, in seinem <a href=\"https:\/\/de.wikipedia.org\/wiki\/Bummel_durch_Europa\"><b>Bummel durch Europa<\/b><\/a>, teilweise vor fast 150 Jahren verlegt, schildert er ein k\u00f6stliche Erfahrung auf der <i>K\u00f6nigin der Berge<\/i>.<br \/>\nNoch ein Tip aus dem sp\u00e4ter herausgegebenen B\u00fcchlein: <a href=\"https:\/\/www.youtube.com\/watch?v=omg_ApDBGmA\">Die schreckliche deutsche Sprache<\/a> und eine etwas andere Betrachtung: <a href=\"http:\/\/www.wh.uni-heidelberg.de\/index.php\/de\/max-kade\/heimzeitung-max-kade\/sommersemester-2013\/158-warum-mark-twain-die-deutsche-sprache-hasste\">Heidelberger Studentenwohnheime am Netz<\/a><br \/>\nHier geht es <a href=\"http:\/\/www.deutschlandfunkkultur.de\/eine-lange-nacht-ueber-den-highway-61-in-den-tiefen-sueden.1024.de.html?dram:article_id=387127\"><i>In den tiefen S\u00fcden<\/i><\/a>&#8230;<\/p>\n<p>&nbsp;<\/p>\n","protected":false},"excerpt":{"rendered":"<p>Tags\u00fcber l\u00e4uft \u00fcber den Sender oftmals viel D\u00fcnnschiss, dem sie einen kulturellen Anstrich verpassen, was man zu den Langen N\u00e4chten nicht sagen kann. Die allerdings immer zu einer recht unchristlichen Zeit \u00fcber den \u00c4ther gehen, aber s\u00e4mtliche Beitr\u00e4ge sind von gleichbleibender Qualit\u00e4t, egal was gerade abgehandelt wird. Wenn ich sie mir nicht live einziehen kann, [&hellip;]<\/p>\n","protected":false},"author":6,"featured_media":0,"comment_status":"open","ping_status":"open","sticky":false,"template":"","format":"standard","meta":{"footnotes":""},"categories":[1],"tags":[],"class_list":["post-29894","post","type-post","status-publish","format-standard","hentry","category-allgemeines"],"_links":{"self":[{"href":"https:\/\/zonenklaus.de\/wordpress\/index.php?rest_route=\/wp\/v2\/posts\/29894","targetHints":{"allow":["GET"]}}],"collection":[{"href":"https:\/\/zonenklaus.de\/wordpress\/index.php?rest_route=\/wp\/v2\/posts"}],"about":[{"href":"https:\/\/zonenklaus.de\/wordpress\/index.php?rest_route=\/wp\/v2\/types\/post"}],"author":[{"embeddable":true,"href":"https:\/\/zonenklaus.de\/wordpress\/index.php?rest_route=\/wp\/v2\/users\/6"}],"replies":[{"embeddable":true,"href":"https:\/\/zonenklaus.de\/wordpress\/index.php?rest_route=%2Fwp%2Fv2%2Fcomments&post=29894"}],"version-history":[{"count":2,"href":"https:\/\/zonenklaus.de\/wordpress\/index.php?rest_route=\/wp\/v2\/posts\/29894\/revisions"}],"predecessor-version":[{"id":29897,"href":"https:\/\/zonenklaus.de\/wordpress\/index.php?rest_route=\/wp\/v2\/posts\/29894\/revisions\/29897"}],"wp:attachment":[{"href":"https:\/\/zonenklaus.de\/wordpress\/index.php?rest_route=%2Fwp%2Fv2%2Fmedia&parent=29894"}],"wp:term":[{"taxonomy":"category","embeddable":true,"href":"https:\/\/zonenklaus.de\/wordpress\/index.php?rest_route=%2Fwp%2Fv2%2Fcategories&post=29894"},{"taxonomy":"post_tag","embeddable":true,"href":"https:\/\/zonenklaus.de\/wordpress\/index.php?rest_route=%2Fwp%2Fv2%2Ftags&post=29894"}],"curies":[{"name":"wp","href":"https:\/\/api.w.org\/{rel}","templated":true}]}}