{"id":29898,"date":"2017-07-05T22:05:16","date_gmt":"2017-07-05T21:05:16","guid":{"rendered":"http:\/\/zonenklaus.de\/wordpress\/?p=29898"},"modified":"2017-07-07T03:42:42","modified_gmt":"2017-07-07T02:42:42","slug":"das-herr-dob-rindt-ist-ein-witzbold","status":"publish","type":"post","link":"https:\/\/zonenklaus.de\/wordpress\/?p=29898","title":{"rendered":"Das   Herr   Dob rindt   ist   ein  Witzbold"},"content":{"rendered":"<p>Irgendwo habe ich noch mehrere Negative verm\u00fcllt, auf denen Aktionen von Gaffern abgelichtet sind.<br \/>\nWir fuhren Ende der 90er auf einer ellenlangen Br\u00fccke der Sauerlandlinie. Seit geraumer Zeit, war uns auf der Gegenfahrbahn schon kein Fahrzeug mehr entgegengekommen. Der Verkehr wurde dann sehr schnell immer z\u00e4hflie\u00dfender und entwickelte sich dann zu einem l\u00e4nger dauernden Stau.<br \/>\nIrgendwann ging es w\u00e4hrend der vorherrschenden Affenhitze an der Unfallstelle vorbei, da standen doch wirklich Leute auf ihren Caravans mit Vi<i>j<\/i>okameras und nahmen das Geschehen auf der anderen Fahrspur auf. Was dort abging interessierte mich absolut nicht, doch registrierte ich zwischendurch massenhaft Polizei, die aber nichts gegen dieses filmende Pack unternahm.<br \/>\nSo \u00e4hnlich scheint es w\u00e4hrend des Busungl\u00fccks im oberfr\u00e4nkischen M\u00fcnchberg abgelaufen zu sein.<br \/>\nErst gegen fr\u00fchen Abend schnappte ich gestern in der Kneipe etwas N\u00e4heres dazu auf, was mich allerdings auch nicht sonderlich interessierte. Schlie\u00dflich sind Busse wohl nach Flugzeugen das sicherste Verkehrsmittel, oder?<br \/>\nWitzigerweise wurde morgens bereits in den Printmedien registriert, dass UNSER Verkehrsminister an der Unfallstelle auch anwesend ward, weil <i>er sich vom Unfallgeschehen auch ein Bild machen wollte<\/i>.<br \/>\nUnd heute nun Dies: <a href=\"http:\/\/www.bild.de\/politik\/inland\/busunglueck\/dobdrindt-fordert-hohe-strafen-fuer-gaffer-52426794.bild.html\">Dobrindt will Gaffer h\u00e4rter bestrafen<\/a><br \/>\nWie soll man jenen Akt des ministerialen Interesses eigentlich werten, zumal der bayerische Innenminister auch dort herum sterzelte, von dem Ausschnitt mit den vielen anderen Fans ganz zu schweigen! Hatte nicht jeder aus dem abgelichteten Rudel etwas viel wichtigeres zu tun?<br \/>\nScheinbar doch nicht!<br \/>\nDie Herren der Polizei und s\u00e4mtliche dortigen Feuerwehrleute h\u00e4tten doch Jagd auf Gaffer machen k\u00f6nnen und nebenher ebenso die beiden Minister verscheuchen sollen, die f\u00fcr selbige Arbeitsunterbrechung verantwortlich zeichneten. <i>N\u00fcscht<\/i> da, die beh\u00fctete Selbstdarstellung der Politiker schien wesentlich wichtiger! Was deren witzlose Aktion den Steuerzahler wieder kostete. Anreise mit einem oder mehreren Helikoptern, im Tross zusammengetrommelte Medienheinze, Sicherheitskr\u00e4fte und andere E<i>ks<\/i>perten der unterschiedlichsten und ganz ganz wichtigen Gattungen&#8230;<br \/>\nT\u00e4tigte <i>Matthias Balk<\/i> seinen Schnappschuss vor- oder nachher? Mich wundert n\u00e4mlich, dass sich niemand hinter seiner entsprechenden Betroffenheitslarve versteckte.<br \/>\n<b>A<\/b>m Biertisch wurde der sehr hei\u00dfe Zwischenfall schlie\u00dflich schnell und recht piet\u00e4tlos abgehandelt.<br \/>\nAber kurz stand vorher noch die Frage in der Luft, was war da eigentlich geschehen?<br \/>\nDa man von einem Mumientransport ausging, war eine L\u00e4sterzunge der Meinung, vielleicht steckte ja die Rentenversicherung dahinter, dann w\u00fcrde es sich allerdings um einen Anschlag handeln, wegen der nun reduzierten Rentenaussch\u00fcttungen.<br \/>\nM\u00f6glicherweise ereilte den hoch dekorierten Busfahrer ja nur ein Herzkaschper?<br \/>\nWas mir allerdings nicht einleuchten wollte, da dieses rollende Autobahnschiff mit rasanter Geschwindigkeit ausbrannte.<br \/>\nDa k\u00f6nnte allerdings die Vermutung aufkommen, vielleicht litt jener Kapit\u00e4n der A9 unter dem <a href=\"http:\/\/www.zeit.de\/gesellschaft\/zeitgeschehen\/2015-03\/flugzeugunglueck-germanwings-flug-4u9525\">Lubitz-Syndrom<\/a> und hatte deshalb haufenweise <i>Brandbeschleuniger <\/i>gebunkert&#8230;<br \/>\nJedenfalls haben die 18 Verblichenen f\u00fcr etwas F\u00fcllung im rasant wachsenden Sommerloch gesorgt, ebenso f\u00fcr etwas Vorwahlkampf<br \/>\nWas sind allerdings schon blitzartig gehypte 18, vielleicht 21 Tote in den Medien, gegen den infantilen Rummel mit pathologischen Z\u00fcgen, um Panda-Weibchen Mengmeng (&#8220;Tr\u00e4umchen&#8221;) und M\u00e4nnchen Jiao Qing (&#8220;Sch\u00e4tzchen&#8221;), im Berliner Zoo?<br \/>\nKostete die Luxusbehausung der noch dr\u00f6ger als die Buddyb\u00e4ren dreinblickenden, fetten Bambusratten, schon eine zweistellige Millionensumme, kommen j\u00e4hrlich eine Million US-Dollar (etwa 920.000\u00a0Euro) Pachtgeb\u00fchr hinzu, und wenn sie nicht gestorben werden, alles noch 15 Jahre lang.<br \/>\nMir f\u00e4llt noch etwas ein.<br \/>\n<a href=\"http:\/\/www.natur-lexikon.com\/Texte\/MZ\/001\/00039-pandabaer\/MZ00039-pandabaer.html\">Pandas<\/a>, sind \u00e4hnlich der <a href=\"https:\/\/de.wikipedia.org\/wiki\/Koala\">Koalas<\/a>, \u00dcberbleibsel einer langen Evolutionsphase und weil beide Arten vollkommen degeneriert, sich nur auf eine jeweils ganz bestimmte Lebensart spezialisiert haben, sie deshalb in der n\u00e4chsten Zeit zum Aussterben verdammt sind. Wobei der Homo Sapiens dabei ist, in vorbildlicher Art und Weise den niedlichen B\u00e4rchen nachzueifern und deren Weg m\u00e4andernd zu folgen.<!--more--><br \/>\nWill es mal noch deutlicher ausdr\u00fccken, benutze daf\u00fcr Metaphern!<br \/>\n<i>Herr <a href=\"https:\/\/www.freitag.de\/autoren\/der-freitag\/weltweiter-aufbruch\">Marx&#8217; Wort vom Kapital als einem &#8220;scheuen Reh&#8221;<\/a>, das in der vielfach regulierten und durch politische Machtverh\u00e4ltnisse gepr\u00e4gten transnationalen politischen Wirklichkeit der zweiten H\u00e4lfte des 20.Jahrhunderts schon verblasst war, ist durch die neoliberale Gegenreform der achtziger und neunziger Jahre wieder hochaktuell geworden. <\/i><br \/>\nUnd unterliegt einem neuerlichen rasanten Wandel, deren Leimruten <a href=\"https:\/\/www.tagesschau.de\/inland\/china-xi-merkel-101.html\">Staatspr\u00e4sident Xi Jinping <\/a>in Form der beiden Bambus fressenden Flohcontainer auslegte und hier stehen die verantwortlichen Leute darauf bereits Schlange&#8230;<br \/>\nNix mehr mit dem<i> Kapital als scheues Reh<\/i>, heutzutage veralzheimert es in seiner au\u00dfer Kontrolle geratenen Gier zunehmend.<br \/>\nWie hei\u00dft es so sch\u00f6n?<b> <\/b><br \/>\n&#8211;<b> <\/b>Nur die d\u00fcmmsten K\u00e4lber suchen sich ihre Metzger selber!<br \/>\n<b>&#8211; <\/b>Was die jungen Rindviecher aber nicht machen, sie krauchen den Schlachtern vorher nicht auch noch in ihre \u00c4rsche!<\/p>\n","protected":false},"excerpt":{"rendered":"<p>Irgendwo habe ich noch mehrere Negative verm\u00fcllt, auf denen Aktionen von Gaffern abgelichtet sind. Wir fuhren Ende der 90er auf einer ellenlangen Br\u00fccke der Sauerlandlinie. Seit geraumer Zeit, war uns auf der Gegenfahrbahn schon kein Fahrzeug mehr entgegengekommen. Der Verkehr wurde dann sehr schnell immer z\u00e4hflie\u00dfender und entwickelte sich dann zu einem l\u00e4nger dauernden Stau. [&hellip;]<\/p>\n","protected":false},"author":6,"featured_media":0,"comment_status":"open","ping_status":"open","sticky":false,"template":"","format":"standard","meta":{"footnotes":""},"categories":[1],"tags":[],"class_list":["post-29898","post","type-post","status-publish","format-standard","hentry","category-allgemeines"],"_links":{"self":[{"href":"https:\/\/zonenklaus.de\/wordpress\/index.php?rest_route=\/wp\/v2\/posts\/29898","targetHints":{"allow":["GET"]}}],"collection":[{"href":"https:\/\/zonenklaus.de\/wordpress\/index.php?rest_route=\/wp\/v2\/posts"}],"about":[{"href":"https:\/\/zonenklaus.de\/wordpress\/index.php?rest_route=\/wp\/v2\/types\/post"}],"author":[{"embeddable":true,"href":"https:\/\/zonenklaus.de\/wordpress\/index.php?rest_route=\/wp\/v2\/users\/6"}],"replies":[{"embeddable":true,"href":"https:\/\/zonenklaus.de\/wordpress\/index.php?rest_route=%2Fwp%2Fv2%2Fcomments&post=29898"}],"version-history":[{"count":2,"href":"https:\/\/zonenklaus.de\/wordpress\/index.php?rest_route=\/wp\/v2\/posts\/29898\/revisions"}],"predecessor-version":[{"id":29905,"href":"https:\/\/zonenklaus.de\/wordpress\/index.php?rest_route=\/wp\/v2\/posts\/29898\/revisions\/29905"}],"wp:attachment":[{"href":"https:\/\/zonenklaus.de\/wordpress\/index.php?rest_route=%2Fwp%2Fv2%2Fmedia&parent=29898"}],"wp:term":[{"taxonomy":"category","embeddable":true,"href":"https:\/\/zonenklaus.de\/wordpress\/index.php?rest_route=%2Fwp%2Fv2%2Fcategories&post=29898"},{"taxonomy":"post_tag","embeddable":true,"href":"https:\/\/zonenklaus.de\/wordpress\/index.php?rest_route=%2Fwp%2Fv2%2Ftags&post=29898"}],"curies":[{"name":"wp","href":"https:\/\/api.w.org\/{rel}","templated":true}]}}