{"id":29900,"date":"2017-07-06T22:34:18","date_gmt":"2017-07-06T21:34:18","guid":{"rendered":"http:\/\/zonenklaus.de\/wordpress\/?p=29900"},"modified":"2017-07-07T03:45:30","modified_gmt":"2017-07-07T02:45:30","slug":"wg-kim-etwas-aus-der-feuilleton-schmiede-von-deutschlandradiokultur","status":"publish","type":"post","link":"https:\/\/zonenklaus.de\/wordpress\/?p=29900","title":{"rendered":"wg. KIM, etwas aus der \u201eFeuilleton\u201c-Schmiede von Deutschlandfunk &#8220;Kultur&#8221;"},"content":{"rendered":"<p><span lang=\"de-DE\">&#8230;hoffentlich machen alle so weiter, angefangen von den ganz wichtigen Politheinzen aus dem Amiland bis hin zum letzten Medienknecht. <\/span><br \/>\n<span lang=\"de-DE\">Endlich wandeln sie nun auf sehr \u00fcberzeugenden Pfaden, irgendwann wird sich der Koreanische Diktator n\u00e4mlich totlachen!<\/span><br \/>\n<span lang=\"de-DE\">Hier mein entsprechender<\/span> <a href=\"http:\/\/zonenklaus.de\/wordpress\/wp-content\/uploads\/2017\/07\/Kim-ende.mp3\">Mittschnitt<\/a><br \/>\n<!--more--><span lang=\"de-DE\">Hatte fast etwas vergessen.<\/span><br \/>\n<span lang=\"de-DE\">Jenes Salbadern bedeutet \u00fcbersetzt nichts anderes als: <\/span><span lang=\"de-DE\"><i>Du kleiner dicker Wixer, du b\u00f6ser! Wenn du nochmal eine Rakete abschie\u00dft, dann werden wir inst\u00e4ndig beten und hoffen, das dich anschlie\u00dfend ein Blitz beim Schei\u00dfen trifft&#8230;<\/i><\/span><\/p>\n","protected":false},"excerpt":{"rendered":"<p>&#8230;hoffentlich machen alle so weiter, angefangen von den ganz wichtigen Politheinzen aus dem Amiland bis hin zum letzten Medienknecht. Endlich wandeln sie nun auf sehr \u00fcberzeugenden Pfaden, irgendwann wird sich der Koreanische Diktator n\u00e4mlich totlachen! Hier mein entsprechender Mittschnitt<\/p>\n","protected":false},"author":6,"featured_media":0,"comment_status":"open","ping_status":"open","sticky":false,"template":"","format":"standard","meta":{"footnotes":""},"categories":[1],"tags":[],"class_list":["post-29900","post","type-post","status-publish","format-standard","hentry","category-allgemeines"],"_links":{"self":[{"href":"https:\/\/zonenklaus.de\/wordpress\/index.php?rest_route=\/wp\/v2\/posts\/29900","targetHints":{"allow":["GET"]}}],"collection":[{"href":"https:\/\/zonenklaus.de\/wordpress\/index.php?rest_route=\/wp\/v2\/posts"}],"about":[{"href":"https:\/\/zonenklaus.de\/wordpress\/index.php?rest_route=\/wp\/v2\/types\/post"}],"author":[{"embeddable":true,"href":"https:\/\/zonenklaus.de\/wordpress\/index.php?rest_route=\/wp\/v2\/users\/6"}],"replies":[{"embeddable":true,"href":"https:\/\/zonenklaus.de\/wordpress\/index.php?rest_route=%2Fwp%2Fv2%2Fcomments&post=29900"}],"version-history":[{"count":3,"href":"https:\/\/zonenklaus.de\/wordpress\/index.php?rest_route=\/wp\/v2\/posts\/29900\/revisions"}],"predecessor-version":[{"id":29907,"href":"https:\/\/zonenklaus.de\/wordpress\/index.php?rest_route=\/wp\/v2\/posts\/29900\/revisions\/29907"}],"wp:attachment":[{"href":"https:\/\/zonenklaus.de\/wordpress\/index.php?rest_route=%2Fwp%2Fv2%2Fmedia&parent=29900"}],"wp:term":[{"taxonomy":"category","embeddable":true,"href":"https:\/\/zonenklaus.de\/wordpress\/index.php?rest_route=%2Fwp%2Fv2%2Fcategories&post=29900"},{"taxonomy":"post_tag","embeddable":true,"href":"https:\/\/zonenklaus.de\/wordpress\/index.php?rest_route=%2Fwp%2Fv2%2Ftags&post=29900"}],"curies":[{"name":"wp","href":"https:\/\/api.w.org\/{rel}","templated":true}]}}