{"id":29908,"date":"2017-07-07T23:18:26","date_gmt":"2017-07-07T22:18:26","guid":{"rendered":"http:\/\/zonenklaus.de\/wordpress\/?p=29908"},"modified":"2017-07-09T20:29:27","modified_gmt":"2017-07-09T19:29:27","slug":"bin-froh-dass-ueberhaupt-geredet-wird","status":"publish","type":"post","link":"https:\/\/zonenklaus.de\/wordpress\/?p=29908","title":{"rendered":"\u201eBin froh, dass \u00fcberhaupt geredet wird\u201c"},"content":{"rendered":"<p>4 Minuten und 22 Sekunden darf <i>Blase<\/i> in einem <a href=\"https:\/\/www.zdf.de\/nachrichten\/zdfspezial\/170707-sgs-gabriel-spz-102.html\"><i>Nachrichten | ZDF spezial<\/i><\/a> plappernd viele Sprechbl\u00e4schen ausspeien.<br \/>\nAls Quintessenz vermeldet der Sender SEINE bahnbrechende Erkenntnis, mit der weltweit DIE vielen F\u00dcHRERS &#8211; <i>Vertreter irgendwelcher demokraturisch verw\u00e4hlter Machteliten, zumindest meinen sie, als solche erkannt zu werden &#8211; <\/i>bereits seit Jahrzehnten herumhuren. Selbige gehaltlosen Plappereien, von Troubadixen der <i>pressefreiheitlichen Medien<\/i> wohlwollend aufgesogen, werden dann entsprechend mundgerecht den Plebsen offeriert. Hier die allgemein bekannte und vollkommen ausgelutschte Fu\u00dfnote: <i>Au\u00dfenminister Gabriel ist zwar froh, dass der Gipfel stattfindet &#8211; mahnt aber gleichzeitig an, dass die dr\u00e4ngenden Konflikte nicht nur besprochen, sondern auch gel\u00f6st werden m\u00fcssten. <\/i><br \/>\n<b>WoW! Das war aber ein Schlag ins Kontor, eine sehr gekonnte Luftnummer! <\/b><br \/>\nOh jemine ee! Im Moment scheint er sich so in Rage geredet zuhaben, da treue ich diesem w\u00fctenden Genossen sogar zu, dass er ein feuchtes St\u00fcck Zigarettenpapier in der Luft zerrei\u00dft!<br \/>\nNur gut, denn zu Beginn wurde eingeblendet, dass es sich um einen Mann UNSERER Regierung handelt, der sich tagt\u00e4glich als Bundesau\u00dfenminister probieren darf und nicht um den Obmann aller Angestellten der <a href=\"https:\/\/www.google.de\/search?q=wall+toiletten&amp;source=lnms&amp;tbm=isch&amp;sa=X&amp;ved=0ahUKEwi9pciV6vzUAhUCUlAKHfhJA18Q_AUICygC&amp;biw=1440&amp;bih=677#imgrc=bCvwxKKhwdf-mM:\">spacigen Kackh\u00e4user <\/a>des hiesigen Stadtm\u00f6belschnitzers&#8230;!<br \/>\n<a href=\"http:\/\/zonenklaus.de\/wordpress\/?attachment_id=29914\" rel=\"attachment wp-att-29914\"><img loading=\"lazy\" decoding=\"async\" class=\"alignleft size-thumbnail wp-image-29914\" src=\"http:\/\/zonenklaus.de\/wordpress\/wp-content\/uploads\/2017\/07\/IMG_0302\u00e4-150x113.jpg\" alt=\"\" width=\"150\" height=\"113\" srcset=\"https:\/\/zonenklaus.de\/wordpress\/wp-content\/uploads\/2017\/07\/IMG_0302\u00e4-150x113.jpg 150w, https:\/\/zonenklaus.de\/wordpress\/wp-content\/uploads\/2017\/07\/IMG_0302\u00e4-300x225.jpg 300w, https:\/\/zonenklaus.de\/wordpress\/wp-content\/uploads\/2017\/07\/IMG_0302\u00e4-768x576.jpg 768w, https:\/\/zonenklaus.de\/wordpress\/wp-content\/uploads\/2017\/07\/IMG_0302\u00e4-1024x768.jpg 1024w, https:\/\/zonenklaus.de\/wordpress\/wp-content\/uploads\/2017\/07\/IMG_0302\u00e4-624x468.jpg 624w, https:\/\/zonenklaus.de\/wordpress\/wp-content\/uploads\/2017\/07\/IMG_0302\u00e4.jpg 1408w\" sizes=\"auto, (max-width: 150px) 100vw, 150px\" \/><\/a><a href=\"http:\/\/zonenklaus.de\/wordpress\/?attachment_id=29915\" rel=\"attachment wp-att-29915\"><img loading=\"lazy\" decoding=\"async\" class=\"alignleft size-thumbnail wp-image-29915\" src=\"http:\/\/zonenklaus.de\/wordpress\/wp-content\/uploads\/2017\/07\/IMG_0303-\u00e4-137x150.jpg\" alt=\"\" width=\"137\" height=\"150\" srcset=\"https:\/\/zonenklaus.de\/wordpress\/wp-content\/uploads\/2017\/07\/IMG_0303-\u00e4-137x150.jpg 137w, https:\/\/zonenklaus.de\/wordpress\/wp-content\/uploads\/2017\/07\/IMG_0303-\u00e4-274x300.jpg 274w, https:\/\/zonenklaus.de\/wordpress\/wp-content\/uploads\/2017\/07\/IMG_0303-\u00e4-768x841.jpg 768w, https:\/\/zonenklaus.de\/wordpress\/wp-content\/uploads\/2017\/07\/IMG_0303-\u00e4-935x1024.jpg 935w, https:\/\/zonenklaus.de\/wordpress\/wp-content\/uploads\/2017\/07\/IMG_0303-\u00e4-624x683.jpg 624w, https:\/\/zonenklaus.de\/wordpress\/wp-content\/uploads\/2017\/07\/IMG_0303-\u00e4.jpg 1056w\" sizes=\"auto, (max-width: 137px) 100vw, 137px\" \/><\/a>Habe mir mal die M\u00fche gemacht und mein nostalgisches Stopp-Zeiteisen in Aktion gebracht. <em>Siechmars<\/em> Feuerwerk implodierender Sprechblasen dauerte genau: 03 Minuten, 25 Sekunden und 07 Hundertstel&#8230;<br \/>\nEin Grimme-Preis f\u00fcr exzessives Lala wird nach seinem Interview bestimmt nicht herausspringen! Was sollte er auch auf die unterbelichteten Fragen des ZDF-Dressmans antworten?<br \/>\nHolla, die Waldfem &#8211; aber sein Konterfei! Die Betroffenheit gepaart mit angespannter Wichtigtuerei konnte sich sehen lassen. Allerdings h\u00e4tte es der Crack einer Waldorfschulen-Laienspielschar noch besser hinbekommen.<br \/>\nFrage mich nur, was der Sozengenosse unter dem <i>Miteinanderreden<\/i> w\u00e4hrend dieser gr\u00f6\u00dften Masturbationsperformance des Universums versteht. S\u00e4mtliches Salbadern ging doch Meilenweit aneinander vorbei. Lustig ist es schon, da ben\u00f6tigt niemand mehr hunderte Blitzm\u00e4dchen an Fernschreibern oder Dechiffrierer<sup>*Innen<\/sup> von kilometerlangen Papierrollen mit Morsezeichen und die Nasen<sup><b>*Innen<\/b><\/sup> des Millionenschweren Clubs von Galionsfiguren<sup><b>*Innen<\/b><\/sup> des Kapitals, sind im Vorfeld nicht mal in der Lage vorher Kontakt aufzunehmen, \u00fcber was man eigentlich plappern will.<br \/>\nDie sollten sich mal alle ein Beispiel an den K\u00f6penicker Dahme-Waschweibern zu Kaisers-Zeiten nehmen, deren permanente Wortwechsel liefen jahrelang auf h\u00f6chsten Niveau ab und tagt\u00e4glich kam es zu brauchbaren Ergebnissen!<br \/>\nN\u00e4chtens tauchte irgendwo ganz kurz der Hamburger Oberdorfschulze auf, mein Gott, schaute der traurig in die Kamera. Mir schien es, dass der Maskenbildner ihm vorher noch die Tr\u00e4nendr\u00fcsen ausgequetscht hatte. <i>Sein sch\u00f6nes und total liberales Hamburg wird nun von <\/i>Chaoten<b>*<\/b><i> zertr\u00fcmmert! <\/i><br \/>\nDabei wollte er doch nur den G\u00e4sten diesen neuen \u00fcberdimensionierten Kunstquader, die <i>Elbvielhaarmonie<\/i>, vorf\u00fchren &#8211; Schade!<br \/>\n<b>*<\/b>Abschlie\u00dfend noch etwas.<br \/>\n<a href=\"http:\/\/zonenklaus.de\/wordpress\/?attachment_id=29916\" rel=\"attachment wp-att-29916\"><img loading=\"lazy\" decoding=\"async\" class=\"alignleft size-thumbnail wp-image-29916\" src=\"http:\/\/zonenklaus.de\/wordpress\/wp-content\/uploads\/2017\/07\/IMG_0290\u00e4-150x113.jpg\" alt=\"\" width=\"150\" height=\"113\" srcset=\"https:\/\/zonenklaus.de\/wordpress\/wp-content\/uploads\/2017\/07\/IMG_0290\u00e4-150x113.jpg 150w, https:\/\/zonenklaus.de\/wordpress\/wp-content\/uploads\/2017\/07\/IMG_0290\u00e4-300x225.jpg 300w, https:\/\/zonenklaus.de\/wordpress\/wp-content\/uploads\/2017\/07\/IMG_0290\u00e4-768x576.jpg 768w, https:\/\/zonenklaus.de\/wordpress\/wp-content\/uploads\/2017\/07\/IMG_0290\u00e4-1024x768.jpg 1024w, https:\/\/zonenklaus.de\/wordpress\/wp-content\/uploads\/2017\/07\/IMG_0290\u00e4-624x468.jpg 624w, https:\/\/zonenklaus.de\/wordpress\/wp-content\/uploads\/2017\/07\/IMG_0290\u00e4.jpg 1408w\" sizes=\"auto, (max-width: 150px) 100vw, 150px\" \/><\/a>Sogar die Sch\u00fclerzeitung, das geprintete Medienschlachtschiff der Chlorophyllmarxisten und ihrer Mitl\u00e4ufer<sup>*Innen<\/sup>, \u00fcbernahm den Begriff der b\u00fcrgerlichen Presse!<br \/>\nEi, jei, jai, ja &#8211; und ihre beiden Vort\u00e4nzer, <em>Bonusmeilen-Cem<\/em> und <em>Muttchen Peters<\/em> h\u00fcllen sich in eisernes Schweigen<\/p>\n","protected":false},"excerpt":{"rendered":"<p>4 Minuten und 22 Sekunden darf Blase in einem Nachrichten | ZDF spezial plappernd viele Sprechbl\u00e4schen ausspeien. Als Quintessenz vermeldet der Sender SEINE bahnbrechende Erkenntnis, mit der weltweit DIE vielen F\u00dcHRERS &#8211; Vertreter irgendwelcher demokraturisch verw\u00e4hlter Machteliten, zumindest meinen sie, als solche erkannt zu werden &#8211; bereits seit Jahrzehnten herumhuren. Selbige gehaltlosen Plappereien, von Troubadixen [&hellip;]<\/p>\n","protected":false},"author":6,"featured_media":0,"comment_status":"open","ping_status":"open","sticky":false,"template":"","format":"standard","meta":{"footnotes":""},"categories":[1],"tags":[],"class_list":["post-29908","post","type-post","status-publish","format-standard","hentry","category-allgemeines"],"_links":{"self":[{"href":"https:\/\/zonenklaus.de\/wordpress\/index.php?rest_route=\/wp\/v2\/posts\/29908","targetHints":{"allow":["GET"]}}],"collection":[{"href":"https:\/\/zonenklaus.de\/wordpress\/index.php?rest_route=\/wp\/v2\/posts"}],"about":[{"href":"https:\/\/zonenklaus.de\/wordpress\/index.php?rest_route=\/wp\/v2\/types\/post"}],"author":[{"embeddable":true,"href":"https:\/\/zonenklaus.de\/wordpress\/index.php?rest_route=\/wp\/v2\/users\/6"}],"replies":[{"embeddable":true,"href":"https:\/\/zonenklaus.de\/wordpress\/index.php?rest_route=%2Fwp%2Fv2%2Fcomments&post=29908"}],"version-history":[{"count":7,"href":"https:\/\/zonenklaus.de\/wordpress\/index.php?rest_route=\/wp\/v2\/posts\/29908\/revisions"}],"predecessor-version":[{"id":29924,"href":"https:\/\/zonenklaus.de\/wordpress\/index.php?rest_route=\/wp\/v2\/posts\/29908\/revisions\/29924"}],"wp:attachment":[{"href":"https:\/\/zonenklaus.de\/wordpress\/index.php?rest_route=%2Fwp%2Fv2%2Fmedia&parent=29908"}],"wp:term":[{"taxonomy":"category","embeddable":true,"href":"https:\/\/zonenklaus.de\/wordpress\/index.php?rest_route=%2Fwp%2Fv2%2Fcategories&post=29908"},{"taxonomy":"post_tag","embeddable":true,"href":"https:\/\/zonenklaus.de\/wordpress\/index.php?rest_route=%2Fwp%2Fv2%2Ftags&post=29908"}],"curies":[{"name":"wp","href":"https:\/\/api.w.org\/{rel}","templated":true}]}}