{"id":29930,"date":"2017-07-09T22:24:02","date_gmt":"2017-07-09T21:24:02","guid":{"rendered":"http:\/\/zonenklaus.de\/wordpress\/?p=29930"},"modified":"2017-07-12T02:40:15","modified_gmt":"2017-07-12T01:40:15","slug":"fotzetsung-von-jestern","status":"publish","type":"post","link":"https:\/\/zonenklaus.de\/wordpress\/?p=29930","title":{"rendered":"Fotzetsung von jestern"},"content":{"rendered":"<p>&#8230;UNSERE Probierpolitiker fahren doch nur deshalb zweigleisig, selbstverst\u00e4ndlich mit einem heftigen <em>Antilinksdrall<\/em>, der sich traditionell nat\u00fcrlich wesentlich besser verh\u00f6kern l\u00e4sst, und lenken damit lediglich sehr geschickt von ihren eigenen politischen Unf\u00e4higkeiten ab. Verkaufen sich dabei <i>selbstverfreilich<\/i> zum Kotzen <i>politisch korrekt<\/i> ohne Punkt und Komma, ohne Furcht und Tadel geh\u00f6ren dazu permanente selbstverliebte Aufwertungen. Der scheinbar immer undurchsichtiger werdende blinde Aktionismus dient letztlich nur einer raffinierten Verschleierung, um dauerhaft zu kaschieren, mit welcher bodenst\u00e4ndigen Ignoranz sie in den letzten Jahrzehnten Politik gegen ihre V\u00f6lker und dem <i>schn\u00f6den<\/i> Rest der Welt betrieben. Was in deren Folge zu den \u00fcberall anzutreffenden nicht mehr korrigierbaren Auswirkungen der Gegenwart f\u00fchrte.<br \/>\nMomentan spricht einiges f\u00fcr die Annahme, ausschlie\u00dflich die eindimensionale Ausrichtung gegen LINKS ist <i>&#8220;cool&#8221;<\/i> und &#8220;<em>in&#8221;. <\/em><br \/>\n<span style=\"font-size: small;\"><b>&#8211; <\/b><\/span><span style=\"font-size: small;\">Mit realer <\/span><span style=\"font-size: small;\"><i>Linkslastigkeit<\/i><\/span><span style=\"font-size: small;\"> kann doch aktuell nur noch ein Herrenschneider etwas anfangen. Wenn er beim Kunden w\u00e4hrend des Ma\u00dfnehmens feststellen muss, ob es ihm beliebt, sein edelstes Teile <\/span><span style=\"font-size: small;\"><i>linksseitig<\/i><\/span><span style=\"font-size: small;\"> baumeln zu lassen&#8230;<\/span><br \/>\n<span style=\"font-size: medium;\">Ebenso wird \u00fcberall und ewig der <a href=\"https:\/\/www.google.de\/search?newwindow=1&amp;biw=1440&amp;bih=677&amp;tbm=isch&amp;sa=1&amp;q=rekord+briketts&amp;oq=rekord+brikett&amp;gs_l=img.1.0.0j0i30k1j0i24k1l8.85969.91841.0.94753.14.14.0.0.0.0.204.2293.0j13j1.14.0....0...1.1.64.img..0.14.2287...0i67k1j0i8i30k1j0i5i30k1.Z94pPj8D0qg#imgrc=h38xqKDCg_eU4M:\"><i>Schwarze Block<\/i><\/a> erw\u00e4hnt, wahrscheinlich, da er mittlerweile international agiert. Bestimmt eine Art Sozialneid der aus Br\u00fcssel her\u00fcberschwappt. <\/span><br \/>\n<span style=\"font-size: medium;\"><span style=\"font-size: small;\"><b>&#8211; <\/b><\/span><span style=\"font-size: small;\">Wiedermal positiv betrachtet, scheint es schon l\u00e4nger der einzige Verein auf freiwilliger Basis zu sein, der europaweit optimal funktioniert, da k\u00f6nnten sich die widerlichen Laberk\u00f6ppe s\u00e4mtlicher EU-Regierungen mal ein Beispiel daran nehmen!<\/span> <\/span><br \/>\n<!--more--><span style=\"font-size: medium;\">Abschlie\u00dfend will ich zur Rechts\/Links-Ausrichtung noch etwas ablassen. Angefangen damit, dass beide extremistischen Randerscheinungen ganz unterschiedlich zur Kenntnis genommen werden. Die einen empfinden sie lediglich als wages Gef\u00fchl, die anderen sehen darin etwa sehr bedrohliches. Wer, wie, was darin sieht oder sp\u00fcrt, liegt am Standpunkt des Betrachter. <\/span><br \/>\n<span style=\"font-size: medium;\">Seit Beginn des neuen Jahrtausends beobachte ich aber auch das Erstarken eine <i>extremen Mitte<\/i>, vor der allerdings Politiker keinen Bammel haben m\u00fcssen. In den ehemaligen Cola-Sektoren rekrutierten sie sich haupts\u00e4chlich aus Mumien beiderlei Geschlechts. Darunter haupts\u00e4chlich Hardcore-Sympathisanten der SPD und frustrierte Genossen jenes Vereins. Wobei viele dem ehemaligen lauwarmen Oberdorfschulze einiges ankreiden. Beginnend mit seiner lapidaren Erkenntnis: <a href=\"https:\/\/www.flickr.com\/photos\/zonenklaus\/6120954613\/in\/album-72157627446173759\/\"><i>Berlin sei arm, aber sexy!<\/i><\/a> Die Krone setzte Genosse <del>P<\/del>Wo<del>b<\/del>wereit dem Ganzen auf, als er den ganzen Bettel hinschmiss und manch einer seine Unlust, wie ein Strichcode auf <i>ihmchens<\/i> Stirn prangen sah. <\/span><br \/>\n<span style=\"font-size: medium;\">Viele Leutchen darunter, die das zertr\u00fcmmerte Berlin mit harte k\u00f6rperliche Arbeit wieder aufbauten. Frohgemut zu bestimmten Anl\u00e4ssen die geballten F\u00e4uste reckten, nebenher aus alter Tradition die Sozen w\u00e4hlten und damit auch den roten Westberliner-Filz verfestigten. Sp\u00e4ter ihre F\u00e4uste nur noch in Hosentaschen ballten, dabei ebenso Abstand zur hiesigen Politik gewannen. Mancher sogar die schwarze Konkurrenz auf den Schild half, was letztlich auch nichts positives brachte. <\/span><br \/>\nUnd heute mit einer Politikverdrossenheit traurig durch die Kieze schlurfen, dabei den guten alten Zeiten nachtrauern.<br \/>\nDer eine oder andere w\u00fcrde deshalb gewissen Volks<i>ver<\/i>tretern liebend gern mal in deren fetten B\u00fcrokraten\u00e4rsche treten, damit sie endlich mal aufwachen! Was aber wegen der morschen Knochen schlicht und ergreifend ein unerf\u00fcllbarer Traum bleibt.<br \/>\nOder diesen <i>regierenden<\/i> Grottenolmen in ihre Sitzwangen bei\u00dfen!<br \/>\nAber wer von der Kukident-Generation will schon daf\u00fcr seine dritten Z\u00e4hne aufs Spiel setzen&#8230;<\/p>\n","protected":false},"excerpt":{"rendered":"<p>&#8230;UNSERE Probierpolitiker fahren doch nur deshalb zweigleisig, selbstverst\u00e4ndlich mit einem heftigen Antilinksdrall, der sich traditionell nat\u00fcrlich wesentlich besser verh\u00f6kern l\u00e4sst, und lenken damit lediglich sehr geschickt von ihren eigenen politischen Unf\u00e4higkeiten ab. Verkaufen sich dabei selbstverfreilich zum Kotzen politisch korrekt ohne Punkt und Komma, ohne Furcht und Tadel geh\u00f6ren dazu permanente selbstverliebte Aufwertungen. Der scheinbar [&hellip;]<\/p>\n","protected":false},"author":6,"featured_media":0,"comment_status":"open","ping_status":"open","sticky":false,"template":"","format":"standard","meta":{"footnotes":""},"categories":[1],"tags":[],"class_list":["post-29930","post","type-post","status-publish","format-standard","hentry","category-allgemeines"],"_links":{"self":[{"href":"https:\/\/zonenklaus.de\/wordpress\/index.php?rest_route=\/wp\/v2\/posts\/29930","targetHints":{"allow":["GET"]}}],"collection":[{"href":"https:\/\/zonenklaus.de\/wordpress\/index.php?rest_route=\/wp\/v2\/posts"}],"about":[{"href":"https:\/\/zonenklaus.de\/wordpress\/index.php?rest_route=\/wp\/v2\/types\/post"}],"author":[{"embeddable":true,"href":"https:\/\/zonenklaus.de\/wordpress\/index.php?rest_route=\/wp\/v2\/users\/6"}],"replies":[{"embeddable":true,"href":"https:\/\/zonenklaus.de\/wordpress\/index.php?rest_route=%2Fwp%2Fv2%2Fcomments&post=29930"}],"version-history":[{"count":1,"href":"https:\/\/zonenklaus.de\/wordpress\/index.php?rest_route=\/wp\/v2\/posts\/29930\/revisions"}],"predecessor-version":[{"id":29931,"href":"https:\/\/zonenklaus.de\/wordpress\/index.php?rest_route=\/wp\/v2\/posts\/29930\/revisions\/29931"}],"wp:attachment":[{"href":"https:\/\/zonenklaus.de\/wordpress\/index.php?rest_route=%2Fwp%2Fv2%2Fmedia&parent=29930"}],"wp:term":[{"taxonomy":"category","embeddable":true,"href":"https:\/\/zonenklaus.de\/wordpress\/index.php?rest_route=%2Fwp%2Fv2%2Fcategories&post=29930"},{"taxonomy":"post_tag","embeddable":true,"href":"https:\/\/zonenklaus.de\/wordpress\/index.php?rest_route=%2Fwp%2Fv2%2Ftags&post=29930"}],"curies":[{"name":"wp","href":"https:\/\/api.w.org\/{rel}","templated":true}]}}