{"id":29971,"date":"2017-07-21T21:51:36","date_gmt":"2017-07-21T20:51:36","guid":{"rendered":"http:\/\/zonenklaus.de\/wordpress\/?p=29971"},"modified":"2017-07-22T09:52:08","modified_gmt":"2017-07-22T08:52:08","slug":"das-bewegende-gestaendnis-von-sahra-wagenknecht","status":"publish","type":"post","link":"https:\/\/zonenklaus.de\/wordpress\/?p=29971","title":{"rendered":"Das bewegende &#8220;Gest\u00e4ndnis&#8221; von Sahra Wagenknecht"},"content":{"rendered":"<p><a href=\"https:\/\/web.de\/magazine\/unterhaltung\/lifestyle\/sahra-wagenknecht-kind-32437440\">Die Linken-Politikerin w\u00e4re gerne \u201eMutter\u201c geworden<\/a><br \/>\nK\u00f6nnte einiges dazu ablassen, was einem als Kind widerfahren kann, wenn man unter der ideologischen Knute einer stalinistischen <i>Erziehungsberechtigten<\/i> gepr\u00e4gt werden sollte. Von einem sturen kommunistischen Muttertier, das ewig anderen Mitmenschen im Fressen rumm\u00e4hrte und deshalb niemals den Versuch unternahm, ein entsprechendes Verst\u00e4ndnis f\u00fcr ihre beiden Ableger aufzubringen. Daf\u00fcr aber sehr eng mit den Organen zusammenarbeitete und \u00fcber ihren <i>missratenen<\/i> Sohn auch noch laufend Berichte verzapfte. Mir war bekannt, dass sie mich seit meinem 15ten Lebensjahr verpfiff, was sie bis kurz vor der Akteneinsicht jedes Mal hysterisch abstritt. <!--more--><a href=\"http:\/\/zonenklaus.de\/wordpress\/?attachment_id=29972\" rel=\"attachment wp-att-29972\"><img loading=\"lazy\" decoding=\"async\" class=\"alignleft size-thumbnail wp-image-29972\" src=\"http:\/\/zonenklaus.de\/wordpress\/wp-content\/uploads\/2017\/07\/003-106x150.jpg\" alt=\"\" width=\"106\" height=\"150\" srcset=\"https:\/\/zonenklaus.de\/wordpress\/wp-content\/uploads\/2017\/07\/003-106x150.jpg 106w, https:\/\/zonenklaus.de\/wordpress\/wp-content\/uploads\/2017\/07\/003-212x300.jpg 212w, https:\/\/zonenklaus.de\/wordpress\/wp-content\/uploads\/2017\/07\/003-768x1089.jpg 768w, https:\/\/zonenklaus.de\/wordpress\/wp-content\/uploads\/2017\/07\/003-722x1024.jpg 722w, https:\/\/zonenklaus.de\/wordpress\/wp-content\/uploads\/2017\/07\/003-624x885.jpg 624w, https:\/\/zonenklaus.de\/wordpress\/wp-content\/uploads\/2017\/07\/003.jpg 1102w\" sizes=\"auto, (max-width: 106px) 100vw, 106px\" \/><\/a><a href=\"http:\/\/zonenklaus.de\/wordpress\/?attachment_id=29974\" rel=\"attachment wp-att-29974\"><img loading=\"lazy\" decoding=\"async\" class=\"alignleft size-thumbnail wp-image-29974\" src=\"http:\/\/zonenklaus.de\/wordpress\/wp-content\/uploads\/2017\/07\/004-103x150.jpg\" alt=\"\" width=\"103\" height=\"150\" srcset=\"https:\/\/zonenklaus.de\/wordpress\/wp-content\/uploads\/2017\/07\/004-103x150.jpg 103w, https:\/\/zonenklaus.de\/wordpress\/wp-content\/uploads\/2017\/07\/004-207x300.jpg 207w, https:\/\/zonenklaus.de\/wordpress\/wp-content\/uploads\/2017\/07\/004-768x1113.jpg 768w, https:\/\/zonenklaus.de\/wordpress\/wp-content\/uploads\/2017\/07\/004-706x1024.jpg 706w, https:\/\/zonenklaus.de\/wordpress\/wp-content\/uploads\/2017\/07\/004-624x905.jpg 624w, https:\/\/zonenklaus.de\/wordpress\/wp-content\/uploads\/2017\/07\/004.jpg 1136w\" sizes=\"auto, (max-width: 103px) 100vw, 103px\" \/><\/a><a href=\"http:\/\/zonenklaus.de\/wordpress\/?attachment_id=29975\" rel=\"attachment wp-att-29975\"><img loading=\"lazy\" decoding=\"async\" class=\"alignleft size-thumbnail wp-image-29975\" src=\"http:\/\/zonenklaus.de\/wordpress\/wp-content\/uploads\/2017\/07\/004a-123x150.jpg\" alt=\"\" width=\"123\" height=\"150\" srcset=\"https:\/\/zonenklaus.de\/wordpress\/wp-content\/uploads\/2017\/07\/004a-123x150.jpg 123w, https:\/\/zonenklaus.de\/wordpress\/wp-content\/uploads\/2017\/07\/004a-247x300.jpg 247w, https:\/\/zonenklaus.de\/wordpress\/wp-content\/uploads\/2017\/07\/004a-768x934.jpg 768w, https:\/\/zonenklaus.de\/wordpress\/wp-content\/uploads\/2017\/07\/004a-842x1024.jpg 842w, https:\/\/zonenklaus.de\/wordpress\/wp-content\/uploads\/2017\/07\/004a-624x759.jpg 624w, https:\/\/zonenklaus.de\/wordpress\/wp-content\/uploads\/2017\/07\/004a.jpg 1127w\" sizes=\"auto, (max-width: 123px) 100vw, 123px\" \/><\/a> Was ich nie verstand, war die Tatsache, dass sie in ihrem vorausgalloppierenden Parteigehorsam sich auch noch entbl\u00f6dete und zus\u00e4tzlich sogar auf ihre schriftliche Mitarbeit bestand. F\u00fcr mich unbegreiflich, zumal sie mit jenem Pack ewig clinchte&#8230;<br \/>\nWas nun die <i>Beichte<\/i> der Genossin W. betrifft, sehe ich das mit ihrer <i>Leerstelle <\/i>nat\u00fcrlich positiv!<br \/>\nDenn bei ihrer, bereits seit Jahrzehnten andauernden allein seligmachenden politischen Orientierung, empfinde ich es als ein F\u00fcgung des Schicksals und einen imagin\u00e4ren Segen f\u00fcr den ungeborenen Nachwuchs&#8230;<br \/>\nIhre versagte Mutterschaft h\u00e4ngt vielleicht auch mit ihrem ausgepr\u00e4gten Faible f\u00fcr Herrn Marx\/Engels zusammen, ebenso der daraus resultierende Hang zu <a href=\"https:\/\/www.youtube.com\/watch?v=4cEhzPLxYK0\">\u00e4lteren Semestern<\/a>, weshalb dann anderweitige Besch\u00e4ftigungen schlicht in den Hintergrund gerieten.<\/p>\n<p>Wie ich es meine, dazu der anschlie\u00dfende Vers:<br \/>\n<em>Frau Wirtin hatte\u00b4n Kanapee, darauf v\u00f6gelte die SED.<\/em><br \/>\n<em> Doch nur die jungen Bengels!<\/em><br \/>\n<em> Die alten sa\u00dfen drumherum und lasen Marx und Engels.<\/em><\/p>\n","protected":false},"excerpt":{"rendered":"<p>Die Linken-Politikerin w\u00e4re gerne \u201eMutter\u201c geworden K\u00f6nnte einiges dazu ablassen, was einem als Kind widerfahren kann, wenn man unter der ideologischen Knute einer stalinistischen Erziehungsberechtigten gepr\u00e4gt werden sollte. Von einem sturen kommunistischen Muttertier, das ewig anderen Mitmenschen im Fressen rumm\u00e4hrte und deshalb niemals den Versuch unternahm, ein entsprechendes Verst\u00e4ndnis f\u00fcr ihre beiden Ableger aufzubringen. Daf\u00fcr [&hellip;]<\/p>\n","protected":false},"author":6,"featured_media":0,"comment_status":"open","ping_status":"open","sticky":false,"template":"","format":"standard","meta":{"footnotes":""},"categories":[1],"tags":[],"class_list":["post-29971","post","type-post","status-publish","format-standard","hentry","category-allgemeines"],"_links":{"self":[{"href":"https:\/\/zonenklaus.de\/wordpress\/index.php?rest_route=\/wp\/v2\/posts\/29971","targetHints":{"allow":["GET"]}}],"collection":[{"href":"https:\/\/zonenklaus.de\/wordpress\/index.php?rest_route=\/wp\/v2\/posts"}],"about":[{"href":"https:\/\/zonenklaus.de\/wordpress\/index.php?rest_route=\/wp\/v2\/types\/post"}],"author":[{"embeddable":true,"href":"https:\/\/zonenklaus.de\/wordpress\/index.php?rest_route=\/wp\/v2\/users\/6"}],"replies":[{"embeddable":true,"href":"https:\/\/zonenklaus.de\/wordpress\/index.php?rest_route=%2Fwp%2Fv2%2Fcomments&post=29971"}],"version-history":[{"count":5,"href":"https:\/\/zonenklaus.de\/wordpress\/index.php?rest_route=\/wp\/v2\/posts\/29971\/revisions"}],"predecessor-version":[{"id":29979,"href":"https:\/\/zonenklaus.de\/wordpress\/index.php?rest_route=\/wp\/v2\/posts\/29971\/revisions\/29979"}],"wp:attachment":[{"href":"https:\/\/zonenklaus.de\/wordpress\/index.php?rest_route=%2Fwp%2Fv2%2Fmedia&parent=29971"}],"wp:term":[{"taxonomy":"category","embeddable":true,"href":"https:\/\/zonenklaus.de\/wordpress\/index.php?rest_route=%2Fwp%2Fv2%2Fcategories&post=29971"},{"taxonomy":"post_tag","embeddable":true,"href":"https:\/\/zonenklaus.de\/wordpress\/index.php?rest_route=%2Fwp%2Fv2%2Ftags&post=29971"}],"curies":[{"name":"wp","href":"https:\/\/api.w.org\/{rel}","templated":true}]}}