{"id":29985,"date":"2017-07-24T21:38:15","date_gmt":"2017-07-24T20:38:15","guid":{"rendered":"http:\/\/zonenklaus.de\/wordpress\/?p=29985"},"modified":"2024-05-14T21:22:16","modified_gmt":"2024-05-14T20:22:16","slug":"arte-radio-rock-revolution","status":"publish","type":"post","link":"https:\/\/zonenklaus.de\/wordpress\/?p=29985","title":{"rendered":"ARTE &#8211; Radio Rock Revolution"},"content":{"rendered":"<p>Eigentlich wollte ich im Kabel nur \u201eClassik Rock\u201c einstellen, wegen der Ger\u00e4uschkulisse beim N\u00e4hen. Letzten Samstag war ich platt, da lief acht Stunden deren Mucke und nur zwei Titel die Schei\u00dfe waren, einer von den Beatles, der andere wurde vergessen. Nur ab und an mal ein Jingle in eigener Sache und keine Schlager von Gr\u00f6nemeyer, Blindenberg, Westernhagen und Konsorten &#8211; folglich alles ein audiophoner Labsal. Wird sich demn\u00e4chst aber noch \u00e4ndern.<br \/>\nAls dann aber das Fratzenradio hochfuhr, tauchte<a href=\"http:\/\/www.arte.tv\/de\/videos\/072373-000-A\/radio-rock-revolution\"> ARTE<\/a> auf, lediglich 20 Minuten waren schon \u00fcber den Sender gegangen.<br \/>\nDa ich mich immer noch nicht wieder entschlie\u00dfen kann, ab und an mal in eine Programmzeitung zuschauen, l\u00e4uft der unterbelichtete Glotzenschmalz an mir vorbei. Was sollte man auch am Nachmittag einstellen?<br \/>\nBlieb nat\u00fcrlich dort h\u00e4ngen und fand den Streifen sehr am\u00fcsant, auch wegen der vielen Erinnerungen an jene Zeiten. Wer sich damals die Programme der <a href=\"http:\/\/zonenklaus.de\/wordpress\/?p=14863\">Piratensender<\/a> einzog, ward ewig vorab informiert \u00fcber gerade erschienene Hits, die auf bundesgermanischen Sendern erst Wochen sp\u00e4ter liefen oder nie.<br \/>\nGott sei Dank lag Sangerhausen nicht in einem Funkloch, wie fast das gesamte s\u00fcd\u00f6stliche Sachsen, dem <em>resigen Tal der Ahnungslosen<\/em>. Zur Not gab es hier noch zus\u00e4tzlich rockige Abendsendungen von <a href=\"https:\/\/de.wikipedia.org\/wiki\/British_Forces_Broadcasting_Service\">BFBS<\/a> <b>(<\/b><span style=\"font-size: small;\"><i>wobei ich unbedingt <a href=\"https:\/\/de.wikipedia.org\/wiki\/John_Peel\">John Peel<\/a>\u00a0 erw\u00e4hnen mruss<\/i><\/span><b>)<\/b> und n\u00e4chtens AfN&#8230;<!--more--><br \/>\nWill mir nat\u00fcrlich von ARTE keine sog. <i>Newsletters<\/i> senden lassen. Habe es wirklich vielfach probiert, blieb lediglich bei den t\u00e4glichen digitalen Rauchzeichen der <a href=\"https:\/\/www.nzz.ch\/\">NZZ<\/a> h\u00e4ngen, egal wer sie verzapfte, sie kommen wirklich immer informativ r\u00fcber!<br \/>\nBin noch nicht dazu gekommen, all jene Flachfunkinfos vom rbb, f\u00fcr ewig abzuw\u00fcrgen. Was jene Heinze tagt\u00e4glich anbieten, da hatte ich mich nach wenigen Blicken auf deren Schwachsinn nur gefragt, werden diese <i>ganz wichtigen<\/i> Hinweise eigentlich von Abg\u00e4ngern irgendwelcher Schwachstromkollegs oder von zweisprachigen Analphabeten aus dem Niedriglohnsektor gebastelt? K\u00f6nnte es m\u00f6glicherweise auch sein, dass Angeh\u00f6rige der dortigen Reinigungskolonnen sich ein Zubrot verdienen?<br \/>\nJedenfalls hatte ich mal nicht das Gef\u00fchl, nachmittags dem LIEBEN Gott <b>(<\/b><span style=\"font-size: small;\"><i>Welchen \u00fcberhaupt? Vielleicht meinem Hiddenseer <a href=\"https:\/\/de.wikipedia.org\/wiki\/H%C3%BChnergott\">H\u00fchnergott<\/a>?<\/i><\/span><b>)<\/b> wiedermal sinnlos die Zeit zu stehlen. Nat\u00fcrlich kommt solch Streifen, der so was von witzigem Feeling aus l\u00e4ngst vergangener Zeiten darstellt, nicht in die Mediathek. H\u00e4tte ja vielleicht den ein oder anderen der verbl\u00f6denden <i>iPhone-Generation<\/i> aus seiner Lethargie kitzeln k\u00f6nnen, bei soviel lebenslustigen anarchistischen Lifestyle&#8230;<br \/>\nFand auf der Netz-Programmseite von ARTE ein Rubrik f\u00fcr Kommentare und lie\u00df daraufhin etwas ab. Schon klar, wenn solche Anmerkungen nicht gef\u00e4llig ausfallen, sind sie nur etwas f\u00fcr die Tonne, bei politisch korrekt veranlagten Leuten mit pathologischem Hang zu Harmonie.<br \/>\nDer Schrieb lautete:<br \/>\n<i>Hier meine kurze Betrachtung zum Thema des Films &#8211; Empfindungen der anderen Seite, hinter dem Zaun und Mauer&#8230; <\/i><br \/>\n<i>Mit 11 Jahren baute ich meinen ersten Audion, damit begann mein n\u00e4chtliches Surfen im Mittel- und Kurzwellenbereich. Die \u201e\u00c4therwellen\u201c brachten mir die weltweite Saat meiner Tr\u00e4ume. In deren Folge ich bereits zwei Jahre Sp\u00e4ter in den Westen abhauen wollte und dies auch noch als Ableger eines widerlichen alleinerziehenden stalinistischen Rotk\u00e4ppchens. Driftete damals bereits vollkommen aus dem Fahrwasser und war deshalb in einem Heim gelandet. Entsprechend lief dann mein anschlie\u00dfend vorgezeichneter Weg ab, von deren Route ich mich nicht mehr abbringen lie\u00df&#8230;<\/i><\/p>\n","protected":false},"excerpt":{"rendered":"<p>Eigentlich wollte ich im Kabel nur \u201eClassik Rock\u201c einstellen, wegen der Ger\u00e4uschkulisse beim N\u00e4hen. Letzten Samstag war ich platt, da lief acht Stunden deren Mucke und nur zwei Titel die Schei\u00dfe waren, einer von den Beatles, der andere wurde vergessen. Nur ab und an mal ein Jingle in eigener Sache und keine Schlager von Gr\u00f6nemeyer, [&hellip;]<\/p>\n","protected":false},"author":6,"featured_media":0,"comment_status":"open","ping_status":"open","sticky":false,"template":"","format":"standard","meta":{"footnotes":""},"categories":[1],"tags":[],"class_list":["post-29985","post","type-post","status-publish","format-standard","hentry","category-allgemeines"],"_links":{"self":[{"href":"https:\/\/zonenklaus.de\/wordpress\/index.php?rest_route=\/wp\/v2\/posts\/29985","targetHints":{"allow":["GET"]}}],"collection":[{"href":"https:\/\/zonenklaus.de\/wordpress\/index.php?rest_route=\/wp\/v2\/posts"}],"about":[{"href":"https:\/\/zonenklaus.de\/wordpress\/index.php?rest_route=\/wp\/v2\/types\/post"}],"author":[{"embeddable":true,"href":"https:\/\/zonenklaus.de\/wordpress\/index.php?rest_route=\/wp\/v2\/users\/6"}],"replies":[{"embeddable":true,"href":"https:\/\/zonenklaus.de\/wordpress\/index.php?rest_route=%2Fwp%2Fv2%2Fcomments&post=29985"}],"version-history":[{"count":6,"href":"https:\/\/zonenklaus.de\/wordpress\/index.php?rest_route=\/wp\/v2\/posts\/29985\/revisions"}],"predecessor-version":[{"id":41605,"href":"https:\/\/zonenklaus.de\/wordpress\/index.php?rest_route=\/wp\/v2\/posts\/29985\/revisions\/41605"}],"wp:attachment":[{"href":"https:\/\/zonenklaus.de\/wordpress\/index.php?rest_route=%2Fwp%2Fv2%2Fmedia&parent=29985"}],"wp:term":[{"taxonomy":"category","embeddable":true,"href":"https:\/\/zonenklaus.de\/wordpress\/index.php?rest_route=%2Fwp%2Fv2%2Fcategories&post=29985"},{"taxonomy":"post_tag","embeddable":true,"href":"https:\/\/zonenklaus.de\/wordpress\/index.php?rest_route=%2Fwp%2Fv2%2Ftags&post=29985"}],"curies":[{"name":"wp","href":"https:\/\/api.w.org\/{rel}","templated":true}]}}