{"id":30103,"date":"2017-09-13T22:51:12","date_gmt":"2017-09-13T21:51:12","guid":{"rendered":"http:\/\/zonenklaus.de\/wordpress\/?p=30103"},"modified":"2017-09-13T22:51:12","modified_gmt":"2017-09-13T21:51:12","slug":"heiner-geissler-geht-nicht-mehr-einkaufen","status":"publish","type":"post","link":"https:\/\/zonenklaus.de\/wordpress\/?p=30103","title":{"rendered":"Heiner Gei\u00dfler geht nicht mehr einkaufen,"},"content":{"rendered":"<p>das bedauere ich sehr. Im Alter erkennt er seine politische Verantwortung zur Wahrheit, schade, so sp\u00e4t. Die Wandlung vom konservativem Hardliner der CDU zum linksliberalen Wirtschafts- und Politikkritiker auf der Basis von Marx, leider alles etwas \u00fcberf\u00e4llig.<br \/>\nEiner der nicht-mehr-Parteig\u00e4nger den ich achte, zuletzt gesehen am 16.06, d.J. auf NDR bei DAS! Oder gerade Wdh. auf phoenix mit Alfred Schier \u201eim Dialog\u201c<br \/>\n<span style=\"font-size: medium;\">Trauer H.<\/span><br \/>\n<span style=\"font-family: Times New Roman,serif;\">Aus der kalten Heimat erreichte mich der voran gesetzte Text, sicher als Wink mit dem Zaunpfahl gedacht. <\/span><br \/>\n<span style=\"font-family: Times New Roman,serif;\">Ei, jei, jei! Dies mit Marx, icke wee\u00df nich! <\/span><br \/>\n<span style=\"font-family: Times New Roman,serif;\">OK, der Scheff hat doch etwas Recht!<\/span><br \/>\n<span style=\"font-family: Times New Roman,serif;\">Zumindest vertrat Heiner dann sp\u00e4ter keine <\/span><span style=\"font-family: Times New Roman,serif;\"><i>neoliberalfaschistischen Hypothesen<\/i><\/span><span style=\"font-family: Times New Roman,serif;\"> mehr&#8230;<\/span><br \/>\n<span style=\"font-family: Times New Roman,serif;\">Zweimal war es mir verg\u00f6nnt, den <\/span><a href=\"http:\/\/zonenklaus.de\/wordpress\/?p=6433#comments\"><span style=\"font-family: Times New Roman,serif;\"><i>christdemokraturischen Renegaten<\/i><\/span><\/a><span style=\"font-family: Times New Roman,serif;\"> live zu erleben, allerdings in den sp\u00e4teren Jahren, da hatte er mir auch gefallen.<\/span><\/p>\n","protected":false},"excerpt":{"rendered":"<p>das bedauere ich sehr. Im Alter erkennt er seine politische Verantwortung zur Wahrheit, schade, so sp\u00e4t. Die Wandlung vom konservativem Hardliner der CDU zum linksliberalen Wirtschafts- und Politikkritiker auf der Basis von Marx, leider alles etwas \u00fcberf\u00e4llig. Einer der nicht-mehr-Parteig\u00e4nger den ich achte, zuletzt gesehen am 16.06, d.J. auf NDR bei DAS! Oder gerade Wdh. [&hellip;]<\/p>\n","protected":false},"author":6,"featured_media":0,"comment_status":"open","ping_status":"open","sticky":false,"template":"","format":"standard","meta":{"footnotes":""},"categories":[1,38],"tags":[],"class_list":["post-30103","post","type-post","status-publish","format-standard","hentry","category-allgemeines","category-in-den-ewigen-jagdgrunden"],"_links":{"self":[{"href":"https:\/\/zonenklaus.de\/wordpress\/index.php?rest_route=\/wp\/v2\/posts\/30103","targetHints":{"allow":["GET"]}}],"collection":[{"href":"https:\/\/zonenklaus.de\/wordpress\/index.php?rest_route=\/wp\/v2\/posts"}],"about":[{"href":"https:\/\/zonenklaus.de\/wordpress\/index.php?rest_route=\/wp\/v2\/types\/post"}],"author":[{"embeddable":true,"href":"https:\/\/zonenklaus.de\/wordpress\/index.php?rest_route=\/wp\/v2\/users\/6"}],"replies":[{"embeddable":true,"href":"https:\/\/zonenklaus.de\/wordpress\/index.php?rest_route=%2Fwp%2Fv2%2Fcomments&post=30103"}],"version-history":[{"count":2,"href":"https:\/\/zonenklaus.de\/wordpress\/index.php?rest_route=\/wp\/v2\/posts\/30103\/revisions"}],"predecessor-version":[{"id":30105,"href":"https:\/\/zonenklaus.de\/wordpress\/index.php?rest_route=\/wp\/v2\/posts\/30103\/revisions\/30105"}],"wp:attachment":[{"href":"https:\/\/zonenklaus.de\/wordpress\/index.php?rest_route=%2Fwp%2Fv2%2Fmedia&parent=30103"}],"wp:term":[{"taxonomy":"category","embeddable":true,"href":"https:\/\/zonenklaus.de\/wordpress\/index.php?rest_route=%2Fwp%2Fv2%2Fcategories&post=30103"},{"taxonomy":"post_tag","embeddable":true,"href":"https:\/\/zonenklaus.de\/wordpress\/index.php?rest_route=%2Fwp%2Fv2%2Ftags&post=30103"}],"curies":[{"name":"wp","href":"https:\/\/api.w.org\/{rel}","templated":true}]}}