{"id":30110,"date":"2017-09-17T22:33:43","date_gmt":"2017-09-17T21:33:43","guid":{"rendered":"http:\/\/zonenklaus.de\/wordpress\/?p=30110"},"modified":"2025-12-11T23:38:26","modified_gmt":"2025-12-11T22:38:26","slug":"zwei-dinge-sind-unendlich-das-universum-und-die-menschliche-dummheit","status":"publish","type":"post","link":"https:\/\/zonenklaus.de\/wordpress\/?p=30110","title":{"rendered":"\u201eZwei Dinge sind unendlich, das Universum und die menschliche Dummheit,"},"content":{"rendered":"<p>&#8230;aber beim Universum bin ich mir noch nicht ganz sicher.\u201c<br \/>\nMein Gott, dabei habe ich gar keinen &#8211; noch eine Woche muss man noch exzessiv diese <a href=\"https:\/\/www.flickr.com\/photos\/zonenklaus\/37148839141\/in\/datetaken-ff\/\">baumelnden Larven<\/a> an den Laternen ertragen. Wobei die letzten dann monatelang weiterhin h\u00e4ngend vergammeln werden.<br \/>\nIrgendwie ist es doch tragisch, das ausgerechnet Volks<i>ver<\/i>treter, ihre grenzenlos \u00fcbersch\u00e4tzte Wichtigkeit irgendwie verbraten lassen, in trauter Gemeinsamkeit mit P\u00fccho-, Sozio- und anderen -lochen, E<i>ks<\/i>perten verschiedenster Gattungen, z. B. der fotografischen Zunft, webdesignender Bitknechte und Knechtinnen. Indem sie jahrtausendealte Einsichten, die bereits seit hunderten von Jahren, als immer wiederkehrende Belanglosigkeiten verkommen sind, sehr erfolgreich den dr\u00f6gen Untertanen um ihre nichtsnutzigen Lauscher schlagen.<br \/>\nUnd dies geschieht mit einer Impertinenz, dass dabei sogar Einsteins Erleuchtung, betreffs der Unendlichkeit menschlicher Dusseligkeit, noch weit in den Schatten gestellt wird.<br \/>\nMuss nochmal auf den Begriff <i>tragisch<\/i> zur\u00fcckkommen, zumal es gar nicht so ist!<br \/>\nDenn jedes Volk hat die Regierung, die es verdient, au\u00dferdem entfleuchen s\u00e4mtliche sp\u00e4teren Parlamentarier aus dem Pool der zuf\u00e4llig vorhandenen dr\u00f6gen Massen eines Staates.<br \/>\nFische Politreklamebeispiele heraus, hoffentlich das letzte Mal, weil mich diese Dauerberieselung nur noch ankotzt.<br \/>\nAm Bundesplatz findet der<sup><b>*die<\/b><\/sup> noch zu manipulierende <i>m\u00fcndige<\/i>, aber bislang unentschlossene Wahlesel<sup><b>*In<\/b><\/sup> , <a href=\"https:\/\/www.flickr.com\/photos\/zonenklaus\/36893745830\/in\/datetaken-ff\/\">zwei riesiger Stellw\u00e4nde<\/a>.<br \/>\nSt. Martin 100pro, geht mir von weitem bereits, mit seiner permanenten Grinserei und dem recht irren Blick, unb\u00e4ndig auf den Z\u00fcnder. Das bedeutsame lyrische Werk, mit einem gelungenen Versma\u00df lautet: \u201e<b>Es ist Zeit <\/b>f\u00fcr mehr Gerechtigkeit.\u201c &#8211; <span lang=\"ru-RU\">\u0442\u043e\u0447\u043a\u0430! <\/span><span lang=\"de-DE\">Bei soviel Dumpfbackerei h\u00e4tte sich das SPD-Copyright nat\u00fcrlich vollends er\u00fcbrigt! <\/span><br \/>\n<span lang=\"de-DE\">Wenn der abschmierende <\/span><span lang=\"de-DE\"><b>SPD<\/b><\/span><span lang=\"de-DE\">&#8211;<\/span><span lang=\"de-DE\"><b>Kanzlerkandidat<\/b><\/span><span lang=\"de-DE\"> etwas macht, dann besteht er wohlweislich auf vollendete Akkuratesse, das sch\u00e4tze ich so an ihm, wirklich!<\/span><br \/>\n<span lang=\"de-DE\">Nun zu Mutti: <\/span><span lang=\"de-DE\"><i>Erfolgreich f\u00fcr Deutschland<\/i><\/span><span lang=\"de-DE\"><b>. <\/b><\/span><span lang=\"de-DE\">Kurz, knapp, reimlos, aber f\u00fcr jeden etwas dabei!<\/span><br \/>\n<span lang=\"de-DE\">Wer wei\u00df, auf wessen Mist jene <\/span><span lang=\"de-DE\"><i>nachhaltige<\/i><\/span><span lang=\"de-DE\"> Belanglosigkeit gedieh. Allerdings traue ich diese Sprechblase sogar der Frau Kanzlerin zu, im Rahmen einer nostalgischen Anwandlung. Als sie sich zu <\/span><span lang=\"de-DE\"><i>Unit\u00e4tszeiten<\/i><\/span><span lang=\"de-DE\"> im Zirkel <\/span><span lang=\"de-DE\"><i>Junger Sozialisten<\/i><\/span><span lang=\"de-DE\"> echauffierte und in ihrer Funktion auch noch f\u00fcr <strong>A<\/strong><\/span><strong><span lang=\"de-DE\">gitation<\/span><\/strong> &amp;<strong><span lang=\"de-DE\">\u00a0Propaganda<\/span><\/strong><span lang=\"de-DE\"> zust\u00e4ndig war. Da hie\u00df es allerdings nicht Deutschland, sondern D<strong>\u00e4<\/strong>D<strong>\u00e4Rr<\/strong>!<\/span><br \/>\n<span lang=\"de-DE\">Gut, alles mistiger Schnee von \u00fcbergestern! <\/span><br \/>\n<span lang=\"de-DE\">Aber&#8230; <\/span><br \/>\n<span lang=\"de-DE\">Meine damit <em>\u00c4nschies<\/em> digitale Botox-Aufh\u00fcbschung, wobei das zweite Wortteil nicht so richtig des Pudels Kern trifft, denn auch mit Hilfe der ausgebufftesten Morphing-Software, wird aus einer Flunder kein Zierfisch&#8230;<\/span><br \/>\n<span lang=\"de-DE\">Was soll man vom Selbstbewusstsein von Personen halten, wo jeder wei\u00df, \u00fcberall existieren Ablichtungen vom eigentlichen Aussehen, denen man bereits entnehmen kann, das welkende Konterfei erinnert bereits unschwer an die <a href=\"http:\/\/www.berliner-zeitung.de\/berlin\/ausstellung-wenn-bulette-vater-knautschke-in-den-hintern-zwickt-10664542\">Nackenpartie eines Flusspferdes<\/a>&#8230; <\/span><br \/>\n<span lang=\"de-DE\"><a href=\"https:\/\/www.flickr.com\/photos\/zonenklaus\/37291953145\/in\/datetaken-ff\/\">Zwei nervige Teile<\/a> vom <a href=\"https:\/\/www.flickr.com\/photos\/zonenklaus\/37291953205\/in\/datetaken-ff\/\"><em>Hur<\/em>f\u00fcrstendamm<\/a>. <\/span><br \/>\n<span lang=\"de-DE\">Da haben die Chlorophyllmarxisten wahrscheinlich von den hellroten Genossen abgekupfert, hinsichtlich der <\/span><span lang=\"de-DE\"><i>Gerechtigkeit <\/i><\/span><span lang=\"de-DE\">und die AfD von gutmenschelnden Doppelspitzenfetischisten irgendwelcher linkslastigen Fraktionen&#8230; <\/span><br \/>\n<span lang=\"de-DE\">Zu Herrn Lindner f\u00e4llt mir n\u00fcscht ein, da m\u00fcsste ich mich auf seinem Niveau erst richtig einfummeln und diese Ambition geht mir momentan am Arsch vorbei. <\/span><\/p>\n","protected":false},"excerpt":{"rendered":"<p>&#8230;aber beim Universum bin ich mir noch nicht ganz sicher.\u201c Mein Gott, dabei habe ich gar keinen &#8211; noch eine Woche muss man noch exzessiv diese baumelnden Larven an den Laternen ertragen. Wobei die letzten dann monatelang weiterhin h\u00e4ngend vergammeln werden. Irgendwie ist es doch tragisch, das ausgerechnet Volksvertreter, ihre grenzenlos \u00fcbersch\u00e4tzte Wichtigkeit irgendwie verbraten [&hellip;]<\/p>\n","protected":false},"author":6,"featured_media":0,"comment_status":"open","ping_status":"open","sticky":false,"template":"","format":"standard","meta":{"footnotes":""},"categories":[55],"tags":[],"class_list":["post-30110","post","type-post","status-publish","format-standard","hentry","category-alltaeglicher-wahnwitz"],"_links":{"self":[{"href":"https:\/\/zonenklaus.de\/wordpress\/index.php?rest_route=\/wp\/v2\/posts\/30110","targetHints":{"allow":["GET"]}}],"collection":[{"href":"https:\/\/zonenklaus.de\/wordpress\/index.php?rest_route=\/wp\/v2\/posts"}],"about":[{"href":"https:\/\/zonenklaus.de\/wordpress\/index.php?rest_route=\/wp\/v2\/types\/post"}],"author":[{"embeddable":true,"href":"https:\/\/zonenklaus.de\/wordpress\/index.php?rest_route=\/wp\/v2\/users\/6"}],"replies":[{"embeddable":true,"href":"https:\/\/zonenklaus.de\/wordpress\/index.php?rest_route=%2Fwp%2Fv2%2Fcomments&post=30110"}],"version-history":[{"count":5,"href":"https:\/\/zonenklaus.de\/wordpress\/index.php?rest_route=\/wp\/v2\/posts\/30110\/revisions"}],"predecessor-version":[{"id":44605,"href":"https:\/\/zonenklaus.de\/wordpress\/index.php?rest_route=\/wp\/v2\/posts\/30110\/revisions\/44605"}],"wp:attachment":[{"href":"https:\/\/zonenklaus.de\/wordpress\/index.php?rest_route=%2Fwp%2Fv2%2Fmedia&parent=30110"}],"wp:term":[{"taxonomy":"category","embeddable":true,"href":"https:\/\/zonenklaus.de\/wordpress\/index.php?rest_route=%2Fwp%2Fv2%2Fcategories&post=30110"},{"taxonomy":"post_tag","embeddable":true,"href":"https:\/\/zonenklaus.de\/wordpress\/index.php?rest_route=%2Fwp%2Fv2%2Ftags&post=30110"}],"curies":[{"name":"wp","href":"https:\/\/api.w.org\/{rel}","templated":true}]}}