{"id":30121,"date":"2017-09-22T10:10:02","date_gmt":"2017-09-22T09:10:02","guid":{"rendered":"http:\/\/zonenklaus.de\/wordpress\/?p=30121"},"modified":"2017-09-22T10:19:15","modified_gmt":"2017-09-22T09:19:15","slug":"kommentar-briefwahl","status":"publish","type":"post","link":"https:\/\/zonenklaus.de\/wordpress\/?p=30121","title":{"rendered":"\u201eKommentar Briefwahl\u201c"},"content":{"rendered":"<p>Eigentlich sollte mir in diesem Jahr jenes Wahlbrimborium am Arsch vorbeigehen, aber ein Freund redete mir wegen der Beteiligung ins Gewissen. Lediglich aus diesem Grund geht er sein Kreuzchen machen und w\u00e4hlt deshalb die Tierschutzpartei. Dieser Pharis\u00e4er, Jagdp\u00e4chter und dann bei denen ein Kreuzchen machen.<br \/>\n<a href=\"http:\/\/zonenklaus.de\/wordpress\/?attachment_id=30122\" rel=\"attachment wp-att-30122\"><img loading=\"lazy\" decoding=\"async\" class=\"alignleft size-thumbnail wp-image-30122\" src=\"http:\/\/zonenklaus.de\/wordpress\/wp-content\/uploads\/2017\/09\/tiere-150x89.jpg\" alt=\"\" width=\"150\" height=\"89\" srcset=\"https:\/\/zonenklaus.de\/wordpress\/wp-content\/uploads\/2017\/09\/tiere-150x89.jpg 150w, https:\/\/zonenklaus.de\/wordpress\/wp-content\/uploads\/2017\/09\/tiere.jpg 223w\" sizes=\"auto, (max-width: 150px) 100vw, 150px\" \/><\/a>Also machte ich mich vorgestern auch los. Gab den Nachfolgenden meinen Standort kund, hockte mich hin und las die restlichen Seiten \u00fcber Sven Hedin. Auch so ein Schaumschl\u00e4ger &#8211; ein richtiger SPD-Schulz-Verschnitt &#8211; alles passte zu den Gespr\u00e4chen der Wartenden. Allerdings hatte Hedin zeit seines Lebens nachvollziehbare Spuren hinterlassen. Auf die wird man bei 100% Martin wohl bis zum Sanktnimmerleinstag warten k\u00f6nnen.<br \/>\nBekam auf dem Amt einen DINA Zettel und musste, nach Vorlage meines P.Ausweises, dort einige Daten angeben, Name und Wohnanschrift. Sagte der Dame anschlie\u00dfend noch, dass sie den Ausweis mitnehmen sollte. \u201eBrauche ich nicht, sie haben schlie\u00dflich alles ausgef\u00fcllt.\u201c<br \/>\nNa M\u00e4delchen, dann wirst du gleich \u00fcber deine betriebsblinde Routine stolpern!<br \/>\nRan an ihre Tastatur, wenige Klacks gemacht, dann der Blick aufs Papier, hin zu mir und wieder auf den Schrieb. <a href=\"http:\/\/zonenklaus.de\/wordpress\/wp-content\/uploads\/2017\/09\/deutsch.mp3\">Kleinlaut kam sie wieder an den Tresen.<\/a><br \/>\nWer kann denn heute noch S\u00fctterlin lesen?<br \/>\n<a href=\"http:\/\/zonenklaus.de\/wordpress\/wp-content\/uploads\/2017\/09\/schulz.mp3\">Meine abschlie\u00dfende Frage irritierte dann noch mehr&#8230;<\/a><br \/>\nAbends las ich dann einen Kommentar zur Briefwahl in der Sch\u00fclerzeitung:<br \/>\n<a href=\"http:\/\/www.taz.de\/!5445577\/\"><i>Freiheit gibt&#8217;s nur vor der T\u00fcr<\/i><\/a><br \/>\nIn diesem Bundestagswahlkampf werben viele Parteien explizit daf\u00fcr, die Briefwahl zu nutzen. Das widerspricht dem Gedanken der geheimen Wahl.<br \/>\n\u201eDie Abgeordneten des Deutschen Bundestages werden in allgemeiner, unmittelbarer, freier, gleicher und geheimer Wahl gew\u00e4hlt.\u201c So steht es im Grundgesetz, Artikel 38. Dass jeder deutsche Staatsb\u00fcrger sich aussuchen darf, wann und unter welchen Umst\u00e4nden er w\u00e4hlt, steht da nicht. Dennoch machen immer mehr W\u00e4hlerInnen von ihrem Recht auf Briefwahl Gebrauch, und im diesj\u00e4hrigen Wahlkampf haben alle Parteien sogar massiv daf\u00fcr geworben. Das mag helfen, die Wahlbeteiligung zu erh\u00f6hen und ist insofern gut f\u00fcr die Demokratie. Dennoch ist der allgemeine Trend zur Briefwahl gef\u00e4hrlich, denn er widerspricht dem Geist der Wahl.<br \/>\nKlar gibt es gute Gr\u00fcnde f\u00fcr eine Briefwahl: Kranke und Pflegebed\u00fcrftige wollen oder k\u00f6nnen nicht ins Wahllokal, ebenso UrlauberInnen. Auch wer nicht an seinem Heimatort arbeitet oder studiert, soll gern die Briefwahl nutzen. Aber sie sollte die Ausnahme sein. Wenn \u2013 wie an manchen Orten \u2013 bereits jeder Dritte zum Brief greift, stimmt etwas nicht. Viele W\u00e4hler tun dies aus reiner Bequemlichkeit, um sich am Wahltag nicht ins Wahllokal aufmachen zu m\u00fcssen und flexibel zu bleiben. Es k\u00f6nnte ja regnen (oder die Sonne scheinen), es k\u00f6nnten Freunde kommen oder dringende Postings zu erledigen sein.<br \/>\nDiese Herangehensweise ist respektlos, und zwar gegen\u00fcber der fest terminierten Wahl und den Tausenden Wahlhelfern in den Wahllokalen. Au\u00dferdem: Wer schon Wochen vor der Wahl seine Stimme abgibt, wei\u00df weniger als die W\u00e4hler am Wahltag. Innerhalb kurzer Zeit k\u00f6nnen Dinge geschehen, die das Wahlverhalten beeinflussen: ein gravierender Atomunfall etwa, eine internationale Krise, ein Terroranschlag.<br \/>\nZur Erinnerung: Ohne Fukushima w\u00e4re Winfried Kretschmann (Gr\u00fcne) sicher nicht baden-w\u00fcrttembergischer Ministerpr\u00e4sident geworden, was noch heute Einfluss auf die Politik in seiner Partei und in Deutschland hat. Niemand kann zudem garantieren, dass alle Briefw\u00e4hler wirklich frei abstimmen. Es k\u00f6nnte ja sein, dass ein Ehemann seine Frau mit Gewalt zu einem bestimmten Votum zwingt. In der Wahlkabine hingegen ist jeder W\u00e4hler und jede W\u00e4hlerin allein, und die Wahl ist frei und geheim. Das sollte die Regel bleiben.<!--more--><br \/>\n<strong> &#8211; <\/strong>Witzig fand ich im Artikel den Hinweis zu einem <i>gravierenden Atomunfall<\/i>, an den Rest: <i>internationale Krise, ein Terroranschlag<\/i>, damit l\u00e4sst sich doch niemand mehr hinter dem Ofen hervorlocken. Da sind mit Hilfe der Medien bereits tiefgreifende Gew\u00f6hnungsprozesse eingetreten, solche <i>Belanglosigkeiten<\/i> geh\u00f6ren n\u00e4mlich schon zum Alltag und dabei entstehende Kollateralsch\u00e4den schaffen lediglich Arbeitspl\u00e4tze in der Statistikbranche. Politiker zaubern dann immer ihre Betroffenheitslarven aus ihren \u00c4rmeln, geben anschlie\u00dfend sofort kund, wie ersch\u00fcttert sie wiedermal sind und lassen dazu ihre weinerlichen Sprechblasen implodieren.<br \/>\nBereits l\u00e4ngere Zeit halte ich es nur noch mit St. Florian, bin dann froh, wenn irgendein explodierender Kelch, Pardon, eine Substanz mit riesiger <em>Detonationsgeschwindigkeit<\/em><em>, irgendwo gez\u00fcndet wurde. Hinzu kommt, dass irgendwelcher Stuss den die Medien dazu ablassen, wenn es sich um solche <\/em><em><i>Terrorevents<\/i><\/em><em> geht, von mir ignoriert werden. Mittlerweile kam mir die Erkenntnis, f\u00fcr die Begriffe <\/em><em><i>E<\/i><\/em><em>ks<\/em><em><i>perten<\/i><\/em><em> und politische <\/em><em><i>Kaffeesatzleser<\/i><\/em><em> fand eine schleichende Wandel statt, sie scheinen heutzutage lediglich f\u00fcr hochdotierte diplomierte Deppen zustehen. Denn au\u00dfer ihren politisch korrekten Beschwichtigungsverbalhurereien, sind bisher noch nie N\u00e4gel mit K\u00f6pfen gemacht worden. <\/em><br \/>\n<em>Der anonyme TAZ-Schreiberling hat recht, ein Atomunfall z.B im Rheingraben, ausgel\u00f6st von einem kleinen Erdbeben der St\u00e4rke 4 oder 5, w\u00fcrde schlagartig in Europa s\u00e4mtliche anstehenden Probleme \u00e4ndern und vielleicht sogar l\u00f6sen&#8230;<\/em><br \/>\n<em>Beende hier meine prognostischen Betrachtungen!<\/em><br \/>\nW\u00fcnsche aber allen Leuten eine terrorfreie Zone f\u00fcr ihren demokraturischen Wahlgang<\/p>\n","protected":false},"excerpt":{"rendered":"<p>Eigentlich sollte mir in diesem Jahr jenes Wahlbrimborium am Arsch vorbeigehen, aber ein Freund redete mir wegen der Beteiligung ins Gewissen. Lediglich aus diesem Grund geht er sein Kreuzchen machen und w\u00e4hlt deshalb die Tierschutzpartei. Dieser Pharis\u00e4er, Jagdp\u00e4chter und dann bei denen ein Kreuzchen machen. Also machte ich mich vorgestern auch los. Gab den Nachfolgenden [&hellip;]<\/p>\n","protected":false},"author":6,"featured_media":0,"comment_status":"open","ping_status":"open","sticky":false,"template":"","format":"standard","meta":{"footnotes":""},"categories":[1],"tags":[],"class_list":["post-30121","post","type-post","status-publish","format-standard","hentry","category-allgemeines"],"_links":{"self":[{"href":"https:\/\/zonenklaus.de\/wordpress\/index.php?rest_route=\/wp\/v2\/posts\/30121","targetHints":{"allow":["GET"]}}],"collection":[{"href":"https:\/\/zonenklaus.de\/wordpress\/index.php?rest_route=\/wp\/v2\/posts"}],"about":[{"href":"https:\/\/zonenklaus.de\/wordpress\/index.php?rest_route=\/wp\/v2\/types\/post"}],"author":[{"embeddable":true,"href":"https:\/\/zonenklaus.de\/wordpress\/index.php?rest_route=\/wp\/v2\/users\/6"}],"replies":[{"embeddable":true,"href":"https:\/\/zonenklaus.de\/wordpress\/index.php?rest_route=%2Fwp%2Fv2%2Fcomments&post=30121"}],"version-history":[{"count":2,"href":"https:\/\/zonenklaus.de\/wordpress\/index.php?rest_route=\/wp\/v2\/posts\/30121\/revisions"}],"predecessor-version":[{"id":30127,"href":"https:\/\/zonenklaus.de\/wordpress\/index.php?rest_route=\/wp\/v2\/posts\/30121\/revisions\/30127"}],"wp:attachment":[{"href":"https:\/\/zonenklaus.de\/wordpress\/index.php?rest_route=%2Fwp%2Fv2%2Fmedia&parent=30121"}],"wp:term":[{"taxonomy":"category","embeddable":true,"href":"https:\/\/zonenklaus.de\/wordpress\/index.php?rest_route=%2Fwp%2Fv2%2Fcategories&post=30121"},{"taxonomy":"post_tag","embeddable":true,"href":"https:\/\/zonenklaus.de\/wordpress\/index.php?rest_route=%2Fwp%2Fv2%2Ftags&post=30121"}],"curies":[{"name":"wp","href":"https:\/\/api.w.org\/{rel}","templated":true}]}}