{"id":30271,"date":"2017-10-19T22:05:55","date_gmt":"2017-10-19T21:05:55","guid":{"rendered":"http:\/\/zonenklaus.de\/wordpress\/?p=30271"},"modified":"2026-04-21T02:15:44","modified_gmt":"2026-04-21T01:15:44","slug":"hannes-soltau-licht-aus-hitler-an-light-off-adolfitler-on","status":"publish","type":"post","link":"https:\/\/zonenklaus.de\/wordpress\/?p=30271","title":{"rendered":"Hannes Soltau, Licht aus, Hitler an &#8211; Light off, Adol Fhitler on"},"content":{"rendered":"<p><a href=\"http:\/\/www.tagesspiegel.de\/berlin\/licht-aus-hitler-an-gedenkstaetten-sind-keine-erlebnisparks\/20453686.html\">Gedenkst\u00e4tten sind keine Erlebnisparks!<\/a><br \/>\nDOCH!<br \/>\nDa hat er als Lehrling Politikwissenschaft, Philosophie und Friedens- und Konfliktforschung(?!?) abgehakt, anschlie\u00dfend seinen interdisziplin\u00e4ren Meisterstudiengang unter <em>Hallensern, Halloren und Halunken<\/em> absolviert.<br \/>\nSt\u00f6berte mal etwas im <em>Werbeblock der Unit\u00e4t herum<\/em>, die Erl\u00e4uterungen zu besagtem Studiengang: \u201e<a href=\"https:\/\/www.master-aufklaerung.uni-halle.de\/\">Kulturen der Aufkl\u00e4rung<\/a>&#8220;, klingt ja f\u00fcr ein unbedarftes Landei wirklich <em>elephant\u00f6s<\/em><strong>!<\/strong><br \/>\nLetztlich ist wohl dann alles doch weder <em>Fisch noch Fleisch<\/em>, macht aber n\u00fcscht, denn irgendwann gibt\u2019s daf\u00fcr doch ein Papierchen.<br \/>\nHerr <strong>S<\/strong>. scheint es irgendwo in seiner Tasche zuhaben, deshalb darf er auch <em>aufkl\u00e4rerische Texte \u00fcber diverse Kulturformen<\/em> in die Tasten hacken, nebenher sich \u00fcber sein Leben freuen.<br \/>\n\u00dcber einen Sachverhalt bin ich mir allerdings sehr unschl\u00fcssig, ob man ihn zur <em>Kategorie der moralisierenden Berufsgutmenschen<\/em> z\u00e4hlen soll, oder zu den <em>gutdotierten Profi-Traumt\u00e4nzern<\/em> mit <em>vorgeblich demokrat<strong>ur<\/strong>isch\/humanistischem Touch<\/em>? Die eifrig daf\u00fcr Sorge tragen, dass sich an bestehenden Systemen blo\u00df nichts \u00e4ndern m\u00f6ge.<br \/>\nHabe mehre Texte vom <em>Scheffchen<\/em> quergelesen, fand aber vieles <em>mit einem Beigeschmack von Gef\u00e4lligkeitsjournalismus behaftet<\/em>.<br \/>\n<a href=\"https:\/\/zonenklaus.de\/wordpress\/wp-content\/uploads\/2017\/10\/A-1.jpg\"><img loading=\"lazy\" decoding=\"async\" class=\"alignnone size-full wp-image-45301\" src=\"https:\/\/zonenklaus.de\/wordpress\/wp-content\/uploads\/2017\/10\/A-1.jpg\" alt=\"\" width=\"980\" height=\"163\" srcset=\"https:\/\/zonenklaus.de\/wordpress\/wp-content\/uploads\/2017\/10\/A-1.jpg 980w, https:\/\/zonenklaus.de\/wordpress\/wp-content\/uploads\/2017\/10\/A-1-300x50.jpg 300w, https:\/\/zonenklaus.de\/wordpress\/wp-content\/uploads\/2017\/10\/A-1-150x25.jpg 150w, https:\/\/zonenklaus.de\/wordpress\/wp-content\/uploads\/2017\/10\/A-1-768x128.jpg 768w, https:\/\/zonenklaus.de\/wordpress\/wp-content\/uploads\/2017\/10\/A-1-624x104.jpg 624w\" sizes=\"auto, (max-width: 980px) 100vw, 980px\" \/><\/a>Was seine Betrachtungsweisen angehen, passt der Mann auch gut in das <em>Berliner Kulturrudel<\/em> um <em><a href=\"https:\/\/de.wikipedia.org\/wiki\/Klaus_Lederer_(Politiker)\">Lederer<\/a>, <a href=\"https:\/\/de.wikipedia.org\/wiki\/Tim_Renner\">Renner<\/a>, <a href=\"https:\/\/taz.de\/Dinge-des-Jahres-2018\/!5558479\/\">Dercon<\/a><\/em>, den ganzen <em>Humboldtforum-Heinzen<\/em>, nicht zu vergessen die<a href=\"https:\/\/monika-gruetters.de\/\"> <em>Frau Gr\u00fctters<\/em><\/a> und ihren j<a href=\"https:\/\/stefan-evers.de\/\">ung-dynamischen Wadenbei\u00dfer<\/a>&#8230;<br \/>\nF\u00fcr mich besteht kein gro\u00dfer Unterschied zu den Darbietungen der <em>Berliner Unterwelten<\/em> und vielen anderen \u00fcberdimensionierten Pr\u00e4sentation von Dauer- nebst Sonderausstellungen, in denen krampfhaft versucht wird, dem Zeitgeist entsprechende Formen zu finden, um der breiten Masse, besonders der <em>verbl\u00f6denden jungen iPhone-Generation<\/em>, <em>gut vorgekaute kulturelle und geschichtliche Abl\u00e4ufe zu pr\u00e4sentieren<\/em>. Da beziehe ich den <em>Gropiusbau,<\/em> das <em>DHM,<\/em> genauso das <em>J\u00fcdische Museum<\/em>\u00a0mit ein.<br \/>\n<strong>Habe allerdings auch keinen Plan, wie man hohlen Broten auch nur ein Qu\u00e4ntchen Geschichtsverst\u00e4ndnis beibringen k\u00f6nnte<\/strong>.<br \/>\nDaf\u00fcr fehlen vielfach entsprechende Programme auf den Festplatten der letzten beiden Genrationen. Es sollte n\u00e4mlich im fr\u00fchesten Kindheitstagen damit begonnen werden, den Kids bleibendes Interesse zu vermitteln, was ihre unmittelbare Umgebung betrifft, damit sie auf dem langsam wachsenden Erfahrungsschatz in den nachfolgenden Jahre aufbauen k\u00f6nnen. \u00dcberdies geh\u00f6rt sp\u00e4ter auch ein entsprechendes Geschichtsverst\u00e4ndnis dazu und im weiteren Verlauf sollte dann alles verkn\u00fcpft werden. F\u00fcr eine lebenslang anhaltende, vernunftbegabte Umsetzung pers\u00f6nlicher Erfahrungen innerhalb der Gesellschaft&#8230;<br \/>\n<strong>(<\/strong><em>Es liegt mir au\u00dferdem Lichtjahre fern, in dem Zusammenhang auch noch mit dem &#8220;<a href=\"https:\/\/de.wikipedia.org\/wiki\/Kategorischer_Imperativ\">Kategorischen Imperativ<\/a><\/em>&#8221; <em>von<\/em> <a href=\"https:\/\/de.wikipedia.org\/wiki\/Immanuel_Kant\"><em>Immanuel <\/em>Cu<em>nt<\/em><\/a><em> zu nerven<strong>!<\/strong><\/em><strong>)<\/strong><br \/>\nAuf den anderen Seite schaue man sich doch die sog. <em>Kulturfuzzies, Ausstellungsmacher, K\u00fcnstler <\/em>und die permanent von <em>fast pathologischen Selbstdarstellungstrieben gegei\u00dfelten, <\/em>ganz\u00a0 hoch im Kurs stehende, bravour\u00f6s spintisierenden Polit-Dilettanten*<sup><span style=\"font-family: Times New Roman, serif;\"><b>INNERINNNEN usw. u.\u00e4.<\/b><\/span><\/sup><span style=\"font-family: Times New Roman, serif;\">\u00a0<\/span>mal an!<br \/>\nFast alles diplomierte Gesch\u00f6pfe<i>, <\/i><span style=\"font-family: Times New Roman, serif;\">bisweilen inkl. vollkommen unbrauchbarer Titel, mit denen fast keiner etwas anfangen kann. Wenn w\u00e4hrend ihrer Legislaturperioden in trauter demokrat<\/span><span style=\"font-family: Times New Roman, serif;\"><i><b>ur<\/b><\/i><\/span><span style=\"font-family: Times New Roman, serif;\">ischer Fraktionsdisziplin, s\u00e4mtliche anwesenden Nasen<\/span><span style=\"font-family: Times New Roman, serif;\"><b>*<\/b><\/span><sup><span style=\"font-family: Times New Roman, serif;\"><b>INNERINNEN usw. u.\u00e4.<\/b><\/span><\/sup><span style=\"font-family: Times New Roman, serif;\"> mit stolzgeschwellten dicken Rippen, dem LIEBEN GOTT auch noch laufend seine kostbare Zeit stehlen&#8230;<\/span><br \/>\nVon den <strong>Volks<\/strong><em><del>ver<\/del><\/em><strong>tretern<\/strong> auf den Schildern der Macht ist doch niemand in der Lage, l\u00e4ngerfristig etwas an jener vertrackten Situation auch nur ansatzweise zu \u00e4ndern.<br \/>\nIm Gegenteil, es versuchen vermeintliche politisch vollkommen hartgesottene, zwielichtige Kreaturen <em>multinational agierender Rudelseilschaften<\/em> von imposanter Hohlk\u00f6rpergr\u00f6\u00dfe, deshalb immer wieder, alles lediglich <em>nachhaltig<\/em> und<em> gr\u00f6\u00dfenwahnsinnig zu toppen<\/em>, dazu werden mittlerweile Milliardenbetr\u00e4ge j\u00e4hrlich verpulvert.<br \/>\nKann mir <em>Meister Soltau<\/em> mal erkl\u00e4ren, wie sich junge Leute verhalten m\u00fcssen, wenn sie in einer <em>mitteleurop\u00e4ischen Bildungsleere<\/em> hilflos herumsterzeln, \u00e4hnliche einer beliebigen Sahelzone und gezwungen werden diese W\u00fcstenei irgendwie zu erkunden. Allerdings muss sich auch ein mehrsprachiger Analphabet keinen <em>Kopp<\/em> mehr machen, egal aus welchem Stall er entfleuchen wird, denn geistig <em>minderbemittelte halbintelligenzlerische Fachidioten<\/em> sind bereits auf dem Vormarsch!<br \/>\n<span style=\"font-size: large;\"><span style=\"font-family: Times New Roman, serif;\">Hinzu nat\u00fcrlich die entsprechende Bewusstseinseinerweiterung mit Hilfe eines gepuderten N\u00e4schen f\u00fcr einen Tastenficker am Laptop, den Rest erledigen dann multiple Orgasmen im grenzenlosen \u00dcberschwang mit <\/span><span style=\"font-family: Times New Roman, serif;\"><b>KI\u00a0 <\/b><\/span><\/span><span style=\"font-size: large;\"><span style=\"font-family: Times New Roman, serif;\"><span style=\"font-size: xx-small;\"><b>(K<\/b><\/span><\/span><span style=\"font-family: Times New Roman, serif;\"><span style=\"font-size: xx-small;\">\u00fcnstlicher <\/span><\/span><span style=\"font-family: Times New Roman, serif;\"><span style=\"font-size: xx-small;\"><b>I<\/b><\/span><\/span><span style=\"font-family: Times New Roman, serif;\"><span style=\"font-size: xx-small;\">rrsinn) <\/span><\/span><\/span><span style=\"font-size: large;\"><span style=\"font-family: Times New Roman, serif;\">und dazu nat\u00fcrlich ein entsprechendes Girl aus der Serie von:<\/span><\/span><br \/>\n<span style=\"font-family: Lucida Sans Unicode;\"><a href=\"https:\/\/www.unitree.com\/\">\u676d\u5dde\u5b87\u6811\u79d1\u6280\u6709\u9650\u516c<\/a><br \/>\nDas Motiv von Mike Wolff\u00b4s Foto finde ich toll, allerdings h\u00e4tte er als Profi, technisch gesehen, da wesentlich mehr herausholen k\u00f6nnen &#8211; bestimmt auch eine gestellte Ablichtung!<\/span><\/p>\n<p><!--more-->Hatte im auslaufenden letzten Jahrtausend zweimal <a href=\"http:\/\/www.radio.cz\/de\/rubrik\/begegnungen\/der-hoelle-entkommen-adolf-burger-erzaehlt-das-unbeschreibbare\">Diskussionen mit Adolf Burger<\/a> erlebt. Und wer hockte in solch kleinen Runden? Fast nur Leute, denen die Abl\u00e4ufe im III. Reich sowieso gegenw\u00e4rtig erschienen. Letztmalig begegnete ich dem Buchdrucker an seiner ehemaligen Wirkungsst\u00e4tte in Sachsenhausen, am 11. Mai 2000, anl\u00e4sslich einer Gedenksteineinweihung. Ministerpr\u00e4sidenten <a href=\"http:\/\/www.stk.brandenburg.de\/reden\/2000\/0511.htm\">Manfred Stolpe<\/a> las aus diesem Anlass heftig stotternd ein Gru\u00dfwort an Vaclav Havel vor, was an Peinlichkeit nicht zu \u00fcberbieten war.<br \/>\nEinige Jahre sp\u00e4ter gab es in der Glotze einen Film, der angeblich auf den Erinnerungen Adolf Burgers in Sachsenhausen, basierte. Wer nun Adolf B., seine Biographie und sein <a href=\"https:\/\/player.fm\/series\/radio-prag-rubrik-kapitel-aus-der-tschechischen-geschichte\/im-kz-zum-geldflschen-gezwungen-ein-nachruf-auf-adolf-burger\">Wirken im KZ<\/a> kannte, der fand diesen vollkommen geklitterten Film nur abartig. Er heimste bei der 80. Oscarverleihung &#8211; <em>als erster \u00f6sterreichischer Film \u00fcberhaupt &#8211; die Auszeichnung in der Kategorie <\/em><a href=\"https:\/\/www.youtube.com\/watch?v=jF9ZL-TRSjg\"><em>\u201eBester fremdsprachiger Film<\/em>\u201c<\/a> ein, nicht zufassen, wahrscheinlich wegen der vielen <em>feschen Tittenbuketts\u00a0<\/em>die anfangs ewig pr\u00e4sentiert wurden.<br \/>\nDa jeder Heranwachsende zwangsl\u00e4ufig das Kind seiner Zeit ist und damit auch immer von der gerade vorherrschenden schr\u00e4gen Sozialisation gepr\u00e4gt wird und dies vom Kleinkindalter bis zur Urne. UNSERER Enkelgeneration wird auch nichts anders \u00fcbrig bleiben, als irgendwelche Feigenbl\u00e4tter aus Stahlbeton zu kreieren, f\u00fcr die latent vorhandenen und<em> nachhaltig<\/em> realisierten Perversionen. Weil selbst die momentan agierenden elit\u00e4ren Auguren \u00fcberhaupt nicht mehr nachvollziehen k\u00f6nnen, welch undurchschaubaren Selbstlauf sie global anzetteln! Wobei grunds\u00e4tzlich die andere Seite daran Schuld hat, wenn darauf folgend, pl\u00f6tzlich nicht rational erkl\u00e4rbarer Blutzoll entrichtet werden muss&#8230;<br \/>\n<em>Meister Soltau<\/em> ist auch so ein Witzbold, wenn er von der heutigen Jugend etwas verlangt, was die vielen \u00dcberlebenden der nazistisch gepr\u00e4gten Jahrg\u00e4ngen niemals in Angriff genommen haben. Es fordert n\u00e4mlich menschliche Gr\u00f6\u00dfe, sich der Vergangenheit zustellen und daraus entsprechende Schlussfolgerungen zuziehen!<br \/>\nWie man es auch dreht und wendet, bereits seit \u00fcber 70 Jahre latschen wir durch optimal kaschierte Reste von braunem Sumpf, wobei sich lediglich die Ebenen etwas verschoben haben. Immer noch die gleiche <a href=\"https:\/\/www.youtube.com\/watch?v=-Pr6HCwceiY\">Leier<\/a>: <em><strong>&#8220;Das Wesen des farblosen Beamten besteht ja gerade darin, dass er ohne jeglichen Charakter den jeweiligen Vorgesetzten spiegelt&#8221; <\/strong>\u00a0 <\/em><strong>(<\/strong>Franz Werfel<strong>)<\/strong> &#8211; man denke dabei an eine beliebige Pyramide!<br \/>\nObgleich man weltumspannend momentan keine Menschen mehr industriem\u00e4\u00dfig killt, was hinterher immer gleich mit staubtrockener Statistik belegt wird, f\u00e4hrt der sympathische Herr mit der Sense, weiterhin freudig seine \u00fcberaus reichen Ernten ein. Was den letzten Weltkrieg und die besonderen Machenschaften gegen Andersdenkende und Menschen verschiedenster Rassen, bietet sich als Standartwerk, von Eugen Kogon, <a href=\"http:\/\/www.zeit.de\/1983\/05\/der-ss-staat\"><strong>Der SS-Staat<\/strong><\/a> an &#8211; <em>Dieses Buch ist wahrscheinlich das pr\u00e4ziseste Zeugnis \u00fcber die hitlerschen Konzentrationslager, das es gibt.<\/em><br \/>\nEigentlich fehlt seit Jahren der Neuauflage eine Erg\u00e4nzung, betreffs der akribisch durchgef\u00fchrten, nicht wiederholbaren menschlicher Versuchsanordnungen, deren Ergebnisse den Russen und Amis sehr gelegen kamen f\u00fcr ihre Weltraumprogramme. Wobei man nat\u00fcrlich die schon damals sehr weit fortgeschrittenen Raketentechnik auch nicht vergessen darf.<br \/>\nBin schon der Meinung, damit wenigstens etwas von dem vergangenen Wahnsinn h\u00e4ngen bleibt, warum nicht mal der Versuch einer zeitgem\u00e4\u00dfen Darstellung? Dazu geh\u00f6ren nat\u00fcrlich keine ellenlange und dr\u00f6ge Texte, die nur auf die Tr\u00e4nendr\u00fcsen dr\u00fccken sollen. Ebenso geh\u00f6rt dazu nicht nur das langweilige Ablatschen von Kranzabwurf<em>locations<\/em>.<br \/>\nWenn man schon Empf\u00e4nger von originalen Textbeitr\u00e4gen bet\u00f6ren will, dann sollten Ausstellungsmacher endlich auch mal ihre Hausaufgaben machen.<br \/>\nImmer wieder darf ich es erleben, wenn es sich um \u00e4ltere Dokumente handelt, die in <a href=\"https:\/\/de.wikipedia.org\/wiki\/Deutsche_Kurrentschrift\"><em>Kurrentschrift<\/em><\/a> abgefasst sind, dass mir dann ein Haufen Leute am Arsch kleben, auch viele \u00e4ltere darunter, wenn sie meine \u00dcbersetzungen registrieren.<br \/>\nVor einigen Jahren noch, letztmalig im DHM, <a href=\"http:\/\/zonenklaus.de\/wordpress\/?p=10043\">HITLER UND DIE DEUTSCHEN<\/a>, lie\u00df ich mich nochmals dar\u00fcber am dortigen Counter aus, vorher monierte ich die gleiche Unart zweimal im J\u00fcdischen Museum&#8230;<br \/>\nEs erfolgte anschlie\u00dfend immer identisches Ges\u00fclze nebst gleichem Endergebnis.<br \/>\nS\u00e4mtliche Ansprechpartnerinnen waren auch bis zum Erbrechen unnat\u00fcrlich nett\u00a0 <strong>(<\/strong><em>NETT-f\u00fcr mich der kleine Bruder von Schei\u00dfe!<\/em><strong>)<\/strong> und absolut gestelzt politisch korrekt. Da hatte ich nur ein freundlich vorgebrachtes Statement abgelassen und die Tante fing an, ohne Punkt und Komma, mir ein Ohr abzukauen, gleichzeitig lie\u00df ihre Kollegin, die nebenher Eintrittskarten verkaufte, noch zus\u00e4tzliche Bemerkungen einflie\u00dfen. Irgendwann kam mir der Gedanke, was f\u00fcr Flachzangen schulen denn \u00fcberhaupt solch Personal?<br \/>\nBeide waren \u00fcberhaupt nicht in der Lage vern\u00fcnftig zureden. Warum plapperten sie ohne Unterlass solch einen Mist? Es reichte schlie\u00dflich, obwohl das Gef\u00fchl aufkam, wenn die so weiter macht, dann bl\u00e4st sie mir bestimmt noch einen&#8230;<br \/>\nDabei rutschte meine Contenance gegen minus unendlich, hatte wiedermal erlebt, H\u00f6flichkeit und Fairness wird zwingend als Schw\u00e4che ausgelegt.<br \/>\nIn etwa so wurde der Monolog unterbrochen: \u201eM\u00e4delchen, nun reicht es aber! Warum l\u00e4sst du eigentlich die ganze Zeit so einen Schei\u00df ab? Ich habe doch nur einen Hinweis gegeben und wollte keine Gespr\u00e4chstherapie!\u201c<br \/>\n\u201eWerden sie doch nicht so aggressiv!\u201c<br \/>\n\u201eH\u00e4hhh?\u201c<br \/>\n\u201eLassen sie mich abschlie\u00dfend trotzdem noch einen Satz sagen!\u201c<br \/>\n\u201eAber wirklich nur einen!\u201c<br \/>\nNervig fand ich auch die Tatsache, dass beide ewig den <em>pluralis majestatis<\/em> benutzten.<br \/>\n\u201e&#8230;\u00fcberall werden bei <em>Kunst<\/em> und <em>Kultur<\/em> die Gelder gestrichen, deshalb k\u00f6nnen <em>wir<\/em> uns auch keine Fachkr\u00e4fte mehr f\u00fcr solche \u00dcbersetzungsarbeiten leisten&#8230;!\u201c<br \/>\n\u201eDanke!\u201c<br \/>\n\u201eHelfen sie uns und machen sie es doch auf <strong>ehrenamtlicher Basis!<\/strong>\u201c<br \/>\nDrehte in dem Moments sofort bei und bekam so den Rest dann nicht mehr mit&#8230;<\/p>\n","protected":false},"excerpt":{"rendered":"<p>Hannes Soltau, Licht aus, Hitler an &#8211; Light off, AdolFitler on<br \/>\nGedenkst\u00e4tten sind keine Erlebnisparks!<br \/>\nDOCH!<br \/>\nDa hat er als Lehrling Politikwissenschaft, Philosophie und Friedens- und Konfliktforschung(?!?) abgehakt, anschlie\u00dfend seinen interdisziplin\u00e4ren Meisterstudiengang unter Hallensern, Halloren und Halunken absolviert.<br \/>\nSt\u00f6berte mal etwas im Werbeblock der Unit\u00e4t herum, die Erl\u00e4uterungen zu besagtem Studiengang: \u201eKulturen der Aufkl\u00e4rung&#8221;, klingt ja f\u00fcr ein unbedarftes Landei wirklich elephant\u00f6s. Letztlich ist wohl dann alles doch weder Fisch noch Fleisch. Macht n\u00fcscht, irgendwann gibt\u2019s daf\u00fcr ein Papierchen.<br \/>\nHerr S. scheint es irgendwo in seiner Tasche zuhaben, deshalb darf er auch aufkl\u00e4rerische Texte \u00fcber diverse Kulturformen in die Tasten hacken, nebenher sich \u00fcber sein Leben freuen.<br \/>\n\u00dcber einen Sachverhalt bin ich mir allerdings sehr unschl\u00fcssig, ob man ihn zur Kategorie der moralisierenden Berufsgutmenschen z\u00e4hlen soll, oder zu den gutdotierten Profitraumt\u00e4nzern mit vorgeblich demokratisch\/humanistischem Touch? Die eifrig daf\u00fcr Sorge tragen, dass sich am bestehenden System blo\u00df nichts \u00e4ndern m\u00f6ge. Habe mehre Texte vom Scheffchen quergelesen. Fand vieles mit einem Beigeschmack von Gef\u00e4lligkeitsjournalismus behaftet.<br \/>\nWas seine Betrachtungsweisen angehen, passt der Mann auch gut in das Berliner Kulturrudel um Lederer, Renner, Dercon, den ganzen Humboldtforum-Heinzen, nicht zu vergessen die Frau Gr\u00fctters und ihren jung-dynamischen Wadenbei\u00dfer&#8230; <\/p>\n<p>F\u00fcr mich besteht kein gro\u00dfer Unterschied zu den Darbietungen der \u201eBerliner Unterwelten\u201c und vielen anderen \u00fcberdimensionierten Pr\u00e4sentation von Dauer- nebst Sonderausstellungen, in denen krampfhaft versucht wird, dem Zeitgeist entsprechende Formen zu finden, um der breiten Masse, besonders der verbl\u00f6denden jungen iPhone-Generation, gut vorgekaute kulturelle und geschichtliche  Abl\u00e4ufe zu pr\u00e4sentieren. Da beziehe ich den Gropiusbau, das DHM, genauso das J\u00fcdische Museum, mit ein.<br \/>\nHabe allerdings auch keinen Plan, wie man hohlen Broten auch nur ein Qu\u00e4ntchen Geschichtsverst\u00e4ndnis beibringen k\u00f6nnte.<br \/>\nDaf\u00fcr fehlen vielfach entsprechende Programme auf den Festplatten der letzten beiden Genrationen. Es sollte n\u00e4mlich im fr\u00fchesten Kindheitstagen damit begonnen werden, den Kids bleibendes Interesse zu vermitteln, was ihre unmittelbare Umgebung betrifft, damit sie auf dem langsam wachsenden Erfahrungsschatz in den nachfolgenden Jahre aufbauen k\u00f6nnen. \u00dcberdies geh\u00f6rt sp\u00e4ter auch ein entsprechendes Geschichtsverst\u00e4ndnis dazu und im weiteren Verlauf sollte dann alles verkn\u00fcpft werden, mit einer lebenslang anhaltenden, vernunftbegabten Umsetzung seiner pers\u00f6nlichen Erfahrungen innerhalb der Gesellschaft&#8230;<br \/>\n(Es liegt mir Lichtjahre fern, in dem Zusammenhang auch noch mit dem kategorische Imperativ von Immanuel Cunt zu nerven!)<br \/>\nAuf der anderen Seiten tragen weder Kulturfuzzies, Ausstellungsmacher, K\u00fcnstler, noch die permanent von fast pathologischen Selbstdarstellungstrieben gegei\u00dfelten Eksperten dazu bei, dass sich an jener vertrackten Situation auch nur ansatzweise etwas \u00e4ndern k\u00f6nnte. Im Gegenteil, man versucht immer wieder alles nachhaltig und gr\u00f6\u00dfenwahnsinnig zu toppen, dazu werden mittlerweile Milliarden j\u00e4hrlich verpulvert.<br \/>\nKann mir Meister Soltau mal erkl\u00e4ren, wie sich junge Leute verhalten sollen, wenn sie diese Steinw\u00fcste erkunden, zu deren Entstehung und die entsprechenden Gr\u00fcnde daf\u00fcr, nie einen Zugang finden werden. Da stehen massenhaft riesige eckige Hinkelsteine herum, in denen der K\u00fcnstler bereits in der Modellphase ein wogendes Kornfeld erkannte. Erz\u00e4hle das mal Touriekids, welche verdonnert wurden, in jener Umgebung ihre Zeit totzuschlagen, die fassen sich an den Kopf. Habe ich erlebt.<br \/>\nDas Motiv von Mike Wolff\u00b4s Foto finde ich toll, allerdings h\u00e4tte er als Profi, technisch gesehen, da wesentlich mehr herausholen k\u00f6nnen &#8211; bestimmt auch eine gestelltes Ablichtung&#8230;<\/p>\n<p>Hatte im auslaufenden letzten Jahrtausend zweimal Diskussionen mit Adolf Burger erlebt. Und wer hockte in solch kleinen Runden? Fast nur Leute, denen die Abl\u00e4ufe im III. Reich sowieso gegenw\u00e4rtig erschienen. Letztmalig begegnete ich dem Buchdrucker an seiner ehemaligen Wirkungsst\u00e4tte in Sachsenhausen, am 11. Mai 2000, anl\u00e4sslich einer Gedenksteineinweihung. Ministerpr\u00e4sidenten Manfred Stolpe las aus diesem Anlass heftig stotternd ein Gru\u00dfwort an Vaclav Havel vor, was an Peinlichkeit nicht zu \u00fcberbieten war.<br \/>\nEinige Jahre sp\u00e4ter gab es in der Glotze einen Film, der angeblich auf den Erinnerungen Adolf Burgers in Sachsenhausen, basierte. Wer nun Adolf B., seine Biographie und sein Wirken im KZ kannte, der fand diesen vollkommen geklitterten Film nur abartig. Heimste bei der 80. Oscarverleihung &#8211; als erster \u00f6sterreichischer Film \u00fcberhaupt &#8211; die Auszeichnung in der Kategorie \u201eBester fremdsprachiger Film\u201c, nicht zufassen, wahrscheinlich wegen der vielen feschen Titten die anfangs ewig pr\u00e4sentiert wurden.<\/p>\n<p>Da jeder Heranwachsende zwangsl\u00e4ufig das Kind seiner Zeit ist und damit auch immer von der gerade vorherrschenden schr\u00e4gen Sozialisation gepr\u00e4gt wird, und dies vom Kleinkindalter bis zur Urne, kann hinterher nichts mehr verbogen werden. UNSERER Enkelgeneration wird auch nichts anders \u00fcbrig bleiben, als irgendwelche Feigenbl\u00e4tter aus Stahlbeton zu kreieren, f\u00fcr die latent vorhandenen und nachhaltig realisierten Perversionen, weil selbst die momentan agierenden elit\u00e4ren Auguren \u00fcberhaupt nicht mehr nachvollziehen k\u00f6nnen, welch undurchschaubaren Selbstlauf sie global angezettelt haben! Wobei grunds\u00e4tzlich die andere Seite daran Schuld hat, wenn darauf folgend pl\u00f6tzlich nicht rational erkl\u00e4rbarer Blutzoll entrichtet werden muss&#8230;<br \/>\nMeister Soltau ist auch so ein Witzbold, wenn er von der heutigen Jugend etwas verlangt, was die vielen \u00dcberlebenden der nazistisch gepr\u00e4gten Jahrg\u00e4ngen niemals in Angriff genommen haben. Es fordert n\u00e4mlich menschliche Gr\u00f6\u00dfe, sich der Vergangenheit zustellen und daraus entsprechende Schlussfolgerungen zuziehen!<br \/>\nWie man es  auch dreht und wendet, bereits seit \u00fcber 70 Jahre latschen wir durch optimal kaschierte Reste von  braunem Sumpf, wobei sich lediglich die Ebenen etwas verschoben haben. Immer noch die gleiche Leier: Das Wesen des farblosen Beamten besteht ja gerade darin, dass er ohne jeglichen Charakter den jeweiligen Vorgesetzten spiegelt(Franz Werfel) &#8211; man denke dabei an eine beliebige Pyramide!<br \/>\nObgleich man weltumspannend momentan Menschen nicht mehr industriem\u00e4\u00dfig killt, was sp\u00e4ter in trockener Statistik belegt wurde. Hier biete sich als Standartwerk etwas von Eugen Kogon: Der SS-Staat &#8211; Dieses Buch ist wahrscheinlich das pr\u00e4ziseste Zeugnis \u00fcber die hitlerschen Konzentrationslager, das es gibt.<br \/>\nEigentlich fehlt seit Jahren der Neuauflage eine Erg\u00e4nzung, betreffs der akribisch durchgef\u00fchrten, nicht wiederholbaren menschlicher Versuchsanordnungen, deren Ergebnisse den Russen und Amis sehr gelegen kamen f\u00fcr ihre Weltraumprogramme. Wobei man nat\u00fcrlich die schon sehr weit fortgeschrittenen Raketentechnik auch nicht vergessen darf.<br \/>\nBin schon der Meinung, damit wenigstens etwas von dem vergangenen Wahnsinn h\u00e4ngen bleiben kann, warum nicht mal der Versuch einer zeitgem\u00e4\u00dfen Darstellung, dazu geh\u00f6ren nat\u00fcrlich keine ellenlange und dr\u00f6ge Texte, die nur auf die Tr\u00e4nendr\u00fcsen dr\u00fccken sollen. Ebenso geh\u00f6rt dazu nicht nur das Ablatschen von Kranzabwurflocations.<br \/>\nWenn man schon Empf\u00e4nger von originalen Textbeitr\u00e4gen bet\u00f6ren will, dann sollten Ausstellungsmacher endlich ihre Hausaufgaben machen.<br \/>\nImmer wieder darf ich es erleben, wenn es sich um \u00e4ltere Dokumente handelt, die in Kurrentschrift abgefasst sind, dass mir dann ein Haufen Leute am Arsch kleben, auch viele \u00e4ltere darunter, wenn sie meine \u00dcbersetzungen registrieren.<br \/>\nVor einigen Jahren noch, letztmalig im DHM, HITLER UND DIE DEUTSCHEN, lie\u00df ich mich nochmals dar\u00fcber am dortigen Counter aus, vorher monierte ich die gleiche Unart zweimal im J\u00fcdischen Museum&#8230;<br \/>\nEs erfolgte anschlie\u00dfend immer identisches Ges\u00fclze nebst gleichen Endergebnis.<br \/>\nS\u00e4mtliche Ansprechpartner*Innen waren auch bis zum Erbrechen unnat\u00fcrlich nett(NETT-f\u00fcr mich der kleine Bruder von Schei\u00dfe!) und absolut gestelzt politisch korrekt. Da hatte ich nur ein freundlich vorgebrachtes Statement abgelassen und die Tante fing an, ohne Kommas und Punkte mir ein Ohr abzukauen, gleichzeitig lie\u00df ihre Kollegin, die Eintrittskarten verkaufte, noch zus\u00e4tzliche Bemerkungen einflie\u00dfen. Irgendwann kam mir der Gedanke, was f\u00fcr Flachzangen schulen denn \u00fcberhaupt solch Personal?<br \/>\nBeide waren \u00fcberhaupt nicht in der Lage vern\u00fcnftig zureden. Warum plapperten sie ohne Unterlass solch einen Mist? Es reichte schlie\u00dflich, obwohl das Gef\u00fchl aufkam, wenn die so weiter macht, dann bl\u00e4st sie mir bestimmt noch einen&#8230;<br \/>\nDabei rutschte meine Contenance gegen minus unendlich, hatte wiedermal erlebt, H\u00f6flichkeit und Fairness wird als Schw\u00e4che angesehen.<br \/>\nIn etwa so wurde der Monolog unterbrochen: \u201eM\u00e4delchen, nun reicht es aber! Warum l\u00e4sst du eigentlich die ganze Zeit so einen Schei\u00df ab? Ich habe doch nur einen Hinweis gegeben und wollte keine Gespr\u00e4chstherapie!\u201c<br \/>\n\u201eWerden sie doch nicht so aggressiv!\u201c<br \/>\n\u201eH\u00e4hhh?\u201c<br \/>\n\u201eLassen sie mich abschlie\u00dfend trotzdem noch einen Satz sagen!\u201c<br \/>\n\u201eAber wirklich nur einen!\u201c<br \/>\nNervig fand ich auch die Tatsache, dass beide ewig den pluralis majestatis benutzten.<br \/>\n\u201e&#8230;\u00fcberall werden bei Kunst und Kultur die Gelder gestrichen, deshalb k\u00f6nnen wir uns auch keine Fachkr\u00e4fte mehr f\u00fcr solche \u00dcbersetzungsarbeiten leiste&#8230;!\u201c<br \/>\n\u201eDanke!\u201c<br \/>\n\u201eMachen sie es doch auf ehrenamtlicher Basis&#8230;\u201c<br \/>\nDen Rest bekam ich dann nicht mehr mit.<\/p>\n","protected":false},"author":6,"featured_media":0,"comment_status":"open","ping_status":"open","sticky":false,"template":"","format":"standard","meta":{"footnotes":""},"categories":[1,55,9],"tags":[],"class_list":["post-30271","post","type-post","status-publish","format-standard","hentry","category-allgemeines","category-alltaeglicher-wahnwitz","category-bucher"],"_links":{"self":[{"href":"https:\/\/zonenklaus.de\/wordpress\/index.php?rest_route=\/wp\/v2\/posts\/30271","targetHints":{"allow":["GET"]}}],"collection":[{"href":"https:\/\/zonenklaus.de\/wordpress\/index.php?rest_route=\/wp\/v2\/posts"}],"about":[{"href":"https:\/\/zonenklaus.de\/wordpress\/index.php?rest_route=\/wp\/v2\/types\/post"}],"author":[{"embeddable":true,"href":"https:\/\/zonenklaus.de\/wordpress\/index.php?rest_route=\/wp\/v2\/users\/6"}],"replies":[{"embeddable":true,"href":"https:\/\/zonenklaus.de\/wordpress\/index.php?rest_route=%2Fwp%2Fv2%2Fcomments&post=30271"}],"version-history":[{"count":36,"href":"https:\/\/zonenklaus.de\/wordpress\/index.php?rest_route=\/wp\/v2\/posts\/30271\/revisions"}],"predecessor-version":[{"id":45302,"href":"https:\/\/zonenklaus.de\/wordpress\/index.php?rest_route=\/wp\/v2\/posts\/30271\/revisions\/45302"}],"wp:attachment":[{"href":"https:\/\/zonenklaus.de\/wordpress\/index.php?rest_route=%2Fwp%2Fv2%2Fmedia&parent=30271"}],"wp:term":[{"taxonomy":"category","embeddable":true,"href":"https:\/\/zonenklaus.de\/wordpress\/index.php?rest_route=%2Fwp%2Fv2%2Fcategories&post=30271"},{"taxonomy":"post_tag","embeddable":true,"href":"https:\/\/zonenklaus.de\/wordpress\/index.php?rest_route=%2Fwp%2Fv2%2Ftags&post=30271"}],"curies":[{"name":"wp","href":"https:\/\/api.w.org\/{rel}","templated":true}]}}