{"id":30296,"date":"2017-10-23T21:48:24","date_gmt":"2017-10-23T20:48:24","guid":{"rendered":"http:\/\/zonenklaus.de\/wordpress\/?p=30296"},"modified":"2017-10-24T02:53:39","modified_gmt":"2017-10-24T01:53:39","slug":"schulz-spricht-ueber-die-junge-weibliche-spd","status":"publish","type":"post","link":"https:\/\/zonenklaus.de\/wordpress\/?p=30296","title":{"rendered":"Schulz spricht \u00fcber die &#8220;junge, weibliche&#8221; SPD"},"content":{"rendered":"<p>Letztens lie\u00df mir gegen\u00fcber ein Bekannter ab, \u201esag mal, verstehst du den Schulz noch? Mich machten bereits seine recht gr\u00f6\u00dfenwahnsinnigen Anwandlungen vor einige Wochen stutzig. Ob es sich bei solchen Stimmungsschwankung bereits um einsetzende Sp\u00e4tfolgen seines fr\u00fcheren Lebenswandels handelt?\u201c<br \/>\nMeine knappe Antwort ging in die Richtung, dass es mich wirklich nicht interessiert, auf welche Art und Weise sich jener Troll produziert. Damit m\u00fcssen seine Mitl\u00e4ufer fertig werden!<br \/>\nNun interessiert es mich aber doch, ob es unseri\u00f6s erscheint, ob ich mich nicht doch der Mutma\u00dfung meines fragenden Widerparts anschlie\u00dfen sollte?<br \/>\nDenn St. 100%Martins Ank\u00fcndigung steht doch nun kontr\u00e4r zu seinen vorherigen S\u00e4tzen, einer wiedermal gro\u00dfspurig angek\u00fcndigten <a href=\"http:\/\/www.huffingtonpost.de\/2017\/10\/23\/martin-schulz-spd_n_18359446.html?utm_hp_ref=germany\"><i>Verj\u00fcngung<\/i> und <i>Verweiblichung<\/i><\/a> der SPD.<br \/>\nDabei beobachte ich schon seit Goldkettchengerhardens seligen Zeiten, eine langsam daher schreitende Mumifizierung jenes roten Vereins und dies bereits zu Lebzeiten.<br \/>\nHeute zauberte Genosse S. den frischen Erneuerung-Generalsekret\u00e4r aus seinem Hut.<br \/>\nPrompt fielen mir, besonders nach dem Studium des speziellen HUFFPOST-Artikels, mehre Fragen ein. Sie prasselten mir schier auf meine fleischfarbene Badekappe, was mich unbewusst mit dem Halb-Skinhead Chulz verbindet.<!--more--><br \/>\nAlso, raus mit der Sprache, was ist ein spd-DIGITALEXPERTE?<br \/>\nLarsi Klingbeil, im berufsjugendlichen Alter von gerade mal 39 Lenzen auf seinen breiten Schultern, soll mit diesem Pr\u00e4dikat eine neue Generation der Partei verk\u00f6rpern und ganz nebenher die krisengeplagte Partei voranbringen. Wie muss man sich das denn perspektivisch vorstellen?<br \/>\nOb die Angelegenheit f\u00fcr Kleinmartin auf Dauer etwas bringt, wenn er ewig seinem Generaloberstsekret\u00e4r aus der Froschperspektive die Ohren abkauen muss.<br \/>\nIcke wee\u00df nich!<br \/>\nDer eigentliche Sparwitz kommt einige Abs\u00e4tze tiefer! Nicht nur ein echter Chulz, nee sogar echt frauenfeindlich! Diesmal allerdings aus der anderen Richtung, die brandneue Fraktionschefin m\u00fcsste ja eigentlich daraufhin Proteste twittern, bis ihre Fingern\u00e4gel vergl\u00fchen. <i>Andrea Nahles sei eine &#8220;junge Frau&#8221;, erkl\u00e4rte Schulz.<\/i> Sie mit 47 Jahren noch als jung zu bezeichnen, dies kommt aber einer sehr hinterfotzigen Verschei\u00dferung gleich, oder nicht? Allerdings betrifft dies doch weniger die rote Tante, denn das junge weibliche Gem\u00fcse, welches schon unruhig mit den Hufen scharrt, dabei vorsichtshalber ganz kurz an der Kandare gehalten wird. Weil diese l\u00e4ufigen Politaufsteiger in spe, sich n\u00e4mlich ausrechnen k\u00f6nnen, wann sie als Quotennachw\u00fcchsinnen mal andere Luft schnuppern d\u00fcrfen, zumindest bei dem jetzigen Vort\u00e4nzer&#8230;<br \/>\nUnter EMPFOHLENE ARTIKEL fand ich etwas \u00fcber die <a href=\"http:\/\/www.huffingtonpost.de\/2017\/10\/13\/claudia-roth-bundestag-afd_n_18256990.html?obref=outbrain-www-hpo&amp;ncid=huffpost|referral|outbrain&amp;cm_ven=huffpost|referral|outbrain\">Chlorophyllmarxistin Roth<\/a>, die weiterhin am Vize-Pr\u00e4sidentin-St\u00fchlchen klebenbleiben will. In Chulz-Manier rei\u00dft auch sie ihre Klappe ziemlich weit auf. Eigentlich sollte sie mehr vor ihren eigenen T\u00fcre kehren, w\u00fcrde es zu Jamaika kommen, w\u00e4ren die hellgr\u00fcne Truppe anschlie\u00dfend n\u00e4mlich weg vom Fenster. Au\u00dferdem bin ich mir sehr sicher, dass die Blauen sich soweit <i>disziplinieren werden,<\/i> um nach der n\u00e4chsten Wahl vorbehaltlos in die offenen Arme des Christenrudels laufen zu k\u00f6nnen&#8230;<br \/>\nDie beiden Artikel brachten mich so zum W\u00fcrgen, da half nur die entsprechende Mucke als <a href=\"https:\/\/archive.org\/details\/senman06RATM\/09+Hadda+Be+Playing+On+The+Jukebox+(Live).mp3\">Placebo zur Beruhigung!<\/a><\/p>\n","protected":false},"excerpt":{"rendered":"<p>Letztens lie\u00df mir gegen\u00fcber ein Bekannter ab, \u201esag mal, verstehst du den Schulz noch? Mich machten bereits seine recht gr\u00f6\u00dfenwahnsinnigen Anwandlungen vor einige Wochen stutzig. Ob es sich bei solchen Stimmungsschwankung bereits um einsetzende Sp\u00e4tfolgen seines fr\u00fcheren Lebenswandels handelt?\u201c Meine knappe Antwort ging in die Richtung, dass es mich wirklich nicht interessiert, auf welche Art [&hellip;]<\/p>\n","protected":false},"author":6,"featured_media":0,"comment_status":"open","ping_status":"open","sticky":false,"template":"","format":"standard","meta":{"footnotes":""},"categories":[1],"tags":[],"class_list":["post-30296","post","type-post","status-publish","format-standard","hentry","category-allgemeines"],"_links":{"self":[{"href":"https:\/\/zonenklaus.de\/wordpress\/index.php?rest_route=\/wp\/v2\/posts\/30296","targetHints":{"allow":["GET"]}}],"collection":[{"href":"https:\/\/zonenklaus.de\/wordpress\/index.php?rest_route=\/wp\/v2\/posts"}],"about":[{"href":"https:\/\/zonenklaus.de\/wordpress\/index.php?rest_route=\/wp\/v2\/types\/post"}],"author":[{"embeddable":true,"href":"https:\/\/zonenklaus.de\/wordpress\/index.php?rest_route=\/wp\/v2\/users\/6"}],"replies":[{"embeddable":true,"href":"https:\/\/zonenklaus.de\/wordpress\/index.php?rest_route=%2Fwp%2Fv2%2Fcomments&post=30296"}],"version-history":[{"count":1,"href":"https:\/\/zonenklaus.de\/wordpress\/index.php?rest_route=\/wp\/v2\/posts\/30296\/revisions"}],"predecessor-version":[{"id":30297,"href":"https:\/\/zonenklaus.de\/wordpress\/index.php?rest_route=\/wp\/v2\/posts\/30296\/revisions\/30297"}],"wp:attachment":[{"href":"https:\/\/zonenklaus.de\/wordpress\/index.php?rest_route=%2Fwp%2Fv2%2Fmedia&parent=30296"}],"wp:term":[{"taxonomy":"category","embeddable":true,"href":"https:\/\/zonenklaus.de\/wordpress\/index.php?rest_route=%2Fwp%2Fv2%2Fcategories&post=30296"},{"taxonomy":"post_tag","embeddable":true,"href":"https:\/\/zonenklaus.de\/wordpress\/index.php?rest_route=%2Fwp%2Fv2%2Ftags&post=30296"}],"curies":[{"name":"wp","href":"https:\/\/api.w.org\/{rel}","templated":true}]}}