{"id":30343,"date":"2017-11-04T22:19:31","date_gmt":"2017-11-04T21:19:31","guid":{"rendered":"http:\/\/zonenklaus.de\/wordpress\/?p=30343"},"modified":"2020-11-24T22:54:45","modified_gmt":"2020-11-24T21:54:45","slug":"gmx-war-dabei-und-hier-mein-senf-zu-drei-schreibseleien","status":"publish","type":"post","link":"https:\/\/zonenklaus.de\/wordpress\/?p=30343","title":{"rendered":"GMX war dabei und hier mein Senf zu drei Schreibseleien"},"content":{"rendered":"<p>Beginne mal mit dem Kleing\u00e4rtnerverein des z\u00e4nkischen Bergvolkes n\u00f6rdlich der Alpen und den nicht mehr ganz taufrischen <a href=\"https:\/\/www.gmx.net\/magazine\/politik\/horst-seehofer-kritik-junge-union-personellen-neuanfang-32611970\">Jugendtruppe der Christ<i>sozialisten<\/i><\/a>. Dort wurde endlich ein bedenkenswerter Anfang gemacht, der allerdings nur die Bajuwaren betrifft, denn nur selbiger Volksstamm leistet sich eine eigene Partei, sogar mit christsozialiszialen Touch.<br \/>\nBei den Roten und den Gr\u00fcnen sieht es ein Tick anders aus. Da m\u00fcssten deren j\u00fcngere Mitl\u00e4ufer freilich auf Bundesebene beginnen und separat in den L\u00e4ndern aufh\u00f6ren.<br \/>\nDie Jung-Sozen sollten bald damit beginnen! Schon wegen der Unversch\u00e4mtheit von <a href=\"https:\/\/www.gmx.net\/magazine\/politik\/spd-wirft-jamaika-unterhaendlern-orientierungslosigkeit-32611804\">100%Partei<i>schefffchen<\/i> Martin Schulz und seiner Wadenbei\u00dferin<\/a>, der Bundestagsfraktion<i>schefffchennin<\/i> Andrea Nahles, weil beide Grottenolme in trauter Gemeinsamkeit krampfhaft Splitter in fremden Augen suchen, aber nicht den Balken vor ihren K\u00f6ppen registrieren! Wie hei\u00dft es bei GMX so sch\u00f6n: <i>SPD wirft Jamaika-Unterh\u00e4ndlern Orientierungslosigkeit vor, <\/i>beide sind mehr als lustig anzusehen, wie sie scheinbar h\u00e4misch \u00fcber ihre eigene Unf\u00e4higkeit lachen, bei der auch noch die jahrelange St\u00fcmperhaftigkeit all ihrer Vorg\u00e4nger mit durchschimmert. Schon deshalb geh\u00f6rt ihnen auch ein kr\u00e4ftiger Tritt in ihre verl\u00e4ngerten R\u00fccken. Was der abgewirtschafteten Volkspartei hinterher nicht die Bohne n\u00fctzen w\u00fcrde, nicht mal ansatzweise! Sind doch s\u00e4mtliche bereits trappelnden Nachfolger aus dem gleichen Holz geschnitzt, meine damit jene Riege um Oppermann, Scholz, M\u00fcller, Saleh usw., nebst aller geduldig lauernden Quotentanten im Hintergrund. Denen man<i>n <\/i>eines fernen Tages, gehypt den Vortritt l\u00e4sst, wenn bei den Herren Genossen nichts mehr geht, weil der Karren bereits so tief im Sumpf versank und sie dann der holden Weiblichkeit gezwungenerma\u00dfen den Vortritt lassen. H\u00e4ufig von Eitelkeit umnebelt, bemerken jene Saison-Nachr\u00fcckerinnen gar nicht, dass sie lediglich als Minenhunde fungieren d\u00fcrfen, bis alles wieder einigerma\u00dfen in geordneten Bahnen dahinpl\u00e4tschert&#8230;<br \/>\nZu den Chlorophyllmarxisten f\u00e4llt mir n\u00fcscht mehr ein!<br \/>\n<a href=\"http:\/\/zonenklaus.de\/wordpress\/?attachment_id=30344\" rel=\"attachment wp-att-30344\"><img loading=\"lazy\" decoding=\"async\" class=\"alignleft size-thumbnail wp-image-30344\" src=\"http:\/\/zonenklaus.de\/wordpress\/wp-content\/uploads\/2017\/11\/cdu-108x150.jpg\" alt=\"\" width=\"108\" height=\"150\" srcset=\"https:\/\/zonenklaus.de\/wordpress\/wp-content\/uploads\/2017\/11\/cdu-108x150.jpg 108w, https:\/\/zonenklaus.de\/wordpress\/wp-content\/uploads\/2017\/11\/cdu-215x300.jpg 215w, https:\/\/zonenklaus.de\/wordpress\/wp-content\/uploads\/2017\/11\/cdu-768x1071.jpg 768w, https:\/\/zonenklaus.de\/wordpress\/wp-content\/uploads\/2017\/11\/cdu-735x1024.jpg 735w, https:\/\/zonenklaus.de\/wordpress\/wp-content\/uploads\/2017\/11\/cdu-624x870.jpg 624w, https:\/\/zonenklaus.de\/wordpress\/wp-content\/uploads\/2017\/11\/cdu.jpg 1749w\" sizes=\"auto, (max-width: 108px) 100vw, 108px\" \/><\/a><\/p>\n<p><a href=\"https:\/\/www.gmx.net\/magazine\/news\/angela-merkel-kuendigt-foerderung-ostdeutschland-32612140\">Was \u00c4nschie betrifft<\/a>, geht es mir nicht besser, verweise aber auf den Text!<br \/>\n<i>Der Blick auf die Kreise nach der Bundestagswahl zeigte deutlich: Ein Jamaika-B\u00fcndnis hat seine Anh\u00e4nger besonders im Westen. Das wei\u00df auch Kanzlerin Merkel &#8211; sie verspricht, den Osten nicht zu vergessen.<\/i><br \/>\nMein Gott! Jetzt geht das ein weiteres Mal mit den BL\u00dcHENDEN LANDSCHAFTEN los und das Gros der Ostler bemerkt wieder <i>n\u00fcscht<\/i>&#8230;<\/p>\n","protected":false},"excerpt":{"rendered":"<p>Beginne mal mit dem Kleing\u00e4rtnerverein des z\u00e4nkischen Bergvolkes n\u00f6rdlich der Alpen und den nicht mehr ganz taufrischen Jugendtruppe der Christsozialisten. Dort wurde endlich ein bedenkenswerter Anfang gemacht, der allerdings nur die Bajuwaren betrifft, denn nur selbiger Volksstamm leistet sich eine eigene Partei, sogar mit christsozialiszialen Touch. Bei den Roten und den Gr\u00fcnen sieht es ein [&hellip;]<\/p>\n","protected":false},"author":6,"featured_media":0,"comment_status":"open","ping_status":"open","sticky":false,"template":"","format":"standard","meta":{"footnotes":""},"categories":[1,37],"tags":[],"class_list":["post-30343","post","type-post","status-publish","format-standard","hentry","category-allgemeines","category-gmx-war-dabei"],"_links":{"self":[{"href":"https:\/\/zonenklaus.de\/wordpress\/index.php?rest_route=\/wp\/v2\/posts\/30343","targetHints":{"allow":["GET"]}}],"collection":[{"href":"https:\/\/zonenklaus.de\/wordpress\/index.php?rest_route=\/wp\/v2\/posts"}],"about":[{"href":"https:\/\/zonenklaus.de\/wordpress\/index.php?rest_route=\/wp\/v2\/types\/post"}],"author":[{"embeddable":true,"href":"https:\/\/zonenklaus.de\/wordpress\/index.php?rest_route=\/wp\/v2\/users\/6"}],"replies":[{"embeddable":true,"href":"https:\/\/zonenklaus.de\/wordpress\/index.php?rest_route=%2Fwp%2Fv2%2Fcomments&post=30343"}],"version-history":[{"count":3,"href":"https:\/\/zonenklaus.de\/wordpress\/index.php?rest_route=\/wp\/v2\/posts\/30343\/revisions"}],"predecessor-version":[{"id":30412,"href":"https:\/\/zonenklaus.de\/wordpress\/index.php?rest_route=\/wp\/v2\/posts\/30343\/revisions\/30412"}],"wp:attachment":[{"href":"https:\/\/zonenklaus.de\/wordpress\/index.php?rest_route=%2Fwp%2Fv2%2Fmedia&parent=30343"}],"wp:term":[{"taxonomy":"category","embeddable":true,"href":"https:\/\/zonenklaus.de\/wordpress\/index.php?rest_route=%2Fwp%2Fv2%2Fcategories&post=30343"},{"taxonomy":"post_tag","embeddable":true,"href":"https:\/\/zonenklaus.de\/wordpress\/index.php?rest_route=%2Fwp%2Fv2%2Ftags&post=30343"}],"curies":[{"name":"wp","href":"https:\/\/api.w.org\/{rel}","templated":true}]}}